{"id":94094,"date":"2023-01-07T11:00:00","date_gmt":"2023-01-07T10:00:00","guid":{"rendered":"https:\/\/geek-o-polis.com\/?p=94094"},"modified":"2023-01-07T11:00:00","modified_gmt":"2023-01-07T10:00:00","slug":"festival-les-myceliades-embarquement-immediat-programmation-des-villes","status":"publish","type":"post","link":"https:\/\/geek-o-polis.com\/index.php\/2023\/01\/07\/festival-les-myceliades-embarquement-immediat-programmation-des-villes\/","title":{"rendered":"FESTIVAL LES MYC\u00c9LIADES,  Embarquement imm\u00e9diat : programmation des villes"},"content":{"rendered":"<p style=\"text-align: center\"><span style=\"color: #ff6600\"><strong>Images en Biblioth\u00e8ques et l\u2019ADRC ont d\u00e9voil\u00e9s une grande partie de la programmation du <a style=\"color: #ff6600\" href=\"https:\/\/anws.co\/cvLQU\/%7B202db35e-6adf-4dc7-973e-37c15a9761ff%7D\" target=\"_blank\" rel=\"noopener\">Festival Les Myc\u00e9liades<\/a>.<\/strong><\/span><\/p>\n<p style=\"text-align: center\">Animations, rencontres, ateliers et projections de films spatiaux sont au rendez-vous dans plus de 50 villes !<\/p>\n<p style=\"text-align: center\">Du 1er au 15 f\u00e9vrier 2023, salles de cin\u00e9ma et m\u00e9diath\u00e8ques se r\u00e9unissent autour d\u2019une m\u00eame mission intergalactique : faire vivre la Science-Fiction un peu partout en France !<\/p>\n<p style=\"text-align: center\">Les \u00e9tablissements culturels impliqu\u00e9s dans le projet ont rivalis\u00e9 d\u2019imagination pour innover et bousculer leurs pratiques de m\u00e9diations aupr\u00e8s du public jeune.<\/p>\n<p style=\"text-align: center\">Cette qu\u00eate spatiale a donn\u00e9 naissance \u00e0 une myriade d\u2019animations ludiques, p\u00e9dagogiques et festives.<\/p>\n<div>\n<p style=\"text-align: center\">Cliquez sur des exemples de villes ci-dessous pour voir leur programmation<br \/>\n<a href=\"https:\/\/anws.co\/cvLQV\/%7B202db35e-6adf-4dc7-973e-37c15a9761ff%7D\" target=\"_blank\" rel=\"noopener\">ARGENTEUIL<\/a>,\u00a0<a href=\"https:\/\/anws.co\/cvLQW\/%7B202db35e-6adf-4dc7-973e-37c15a9761ff%7D\" target=\"_blank\" rel=\"noopener\">\u00c9PINAL<\/a>,\u00a0<a href=\"https:\/\/anws.co\/cvLQX\/%7B202db35e-6adf-4dc7-973e-37c15a9761ff%7D\" target=\"_blank\" rel=\"noopener\">PAU<\/a>,\u00a0<a href=\"https:\/\/anws.co\/cvLQY\/%7B202db35e-6adf-4dc7-973e-37c15a9761ff%7D\" target=\"_blank\" rel=\"noopener\">ROUEN<\/a>, <a href=\"https:\/\/anws.co\/cvLQZ\/%7B202db35e-6adf-4dc7-973e-37c15a9761ff%7D\" target=\"_blank\" rel=\"noopener\">SAINT-\u00c9TIENNE<\/a>,\u00a0<a href=\"https:\/\/anws.co\/cvLQ0\/%7B202db35e-6adf-4dc7-973e-37c15a9761ff%7D\" target=\"_blank\" rel=\"noopener\">TOURS<\/a>,\u00a0<a href=\"https:\/\/anws.co\/cvLQ1\/%7B202db35e-6adf-4dc7-973e-37c15a9761ff%7D\" target=\"_blank\" rel=\"noopener\">VINCENNES<\/a><\/p>\n<p><iframe loading=\"lazy\" title=\"Bande-annonce du Festival de Science-Fiction LES MYC\u00c9LIADES (r\u00e9alis\u00e9 par NEXUS VI)\" width=\"500\" height=\"281\" src=\"https:\/\/www.youtube.com\/embed\/3uZSTsz-6UU?feature=oembed\" frameborder=\"0\" allow=\"accelerometer; autoplay; clipboard-write; encrypted-media; gyroscope; picture-in-picture; web-share\" referrerpolicy=\"strict-origin-when-cross-origin\" allowfullscreen><\/iframe><\/p>\n<\/div>\n","protected":false},"excerpt":{"rendered":"<p>Images en Biblioth\u00e8ques et l\u2019ADRC ont d\u00e9voil\u00e9s une grande partie de la programmation du Festival Les Myc\u00e9liades. Animations, rencontres, ateliers et projections de films spatiaux sont au rendez-vous dans plus de 50 villes ! Du 1er au 15 f\u00e9vrier 2023, salles de cin\u00e9ma et m\u00e9diath\u00e8ques se r\u00e9unissent autour d\u2019une m\u00eame mission intergalactique : faire vivre [&hellip;]<\/p>\n","protected":false},"author":2,"featured_media":94097,"comment_status":"open","ping_status":"open","sticky":false,"template":"","format":"standard","meta":{"saved_in_kubio":false,"footnotes":""},"categories":[7],"tags":[650,9603,12790],"class_list":["post-94094","post","type-post","status-publish","format-standard","has-post-thumbnail","hentry","category-evenement","tag-adrc","tag-festival-les-myceliades","tag-images-en-bibliotheques"],"_links":{"self":[{"href":"https:\/\/geek-o-polis.com\/index.php\/wp-json\/wp\/v2\/posts\/94094","targetHints":{"allow":["GET"]}}],"collection":[{"href":"https:\/\/geek-o-polis.com\/index.php\/wp-json\/wp\/v2\/posts"}],"about":[{"href":"https:\/\/geek-o-polis.com\/index.php\/wp-json\/wp\/v2\/types\/post"}],"author":[{"embeddable":true,"href":"https:\/\/geek-o-polis.com\/index.php\/wp-json\/wp\/v2\/users\/2"}],"replies":[{"embeddable":true,"href":"https:\/\/geek-o-polis.com\/index.php\/wp-json\/wp\/v2\/comments?post=94094"}],"version-history":[{"count":0,"href":"https:\/\/geek-o-polis.com\/index.php\/wp-json\/wp\/v2\/posts\/94094\/revisions"}],"wp:featuredmedia":[{"embeddable":true,"href":"https:\/\/geek-o-polis.com\/index.php\/wp-json\/"}],"wp:attachment":[{"href":"https:\/\/geek-o-polis.com\/index.php\/wp-json\/wp\/v2\/media?parent=94094"}],"wp:term":[{"taxonomy":"category","embeddable":true,"href":"https:\/\/geek-o-polis.com\/index.php\/wp-json\/wp\/v2\/categories?post=94094"},{"taxonomy":"post_tag","embeddable":true,"href":"https:\/\/geek-o-polis.com\/index.php\/wp-json\/wp\/v2\/tags?post=94094"}],"curies":[{"name":"wp","href":"https:\/\/api.w.org\/{rel}","templated":true}]}}