{"id":89645,"date":"2022-10-24T09:00:00","date_gmt":"2022-10-24T07:00:00","guid":{"rendered":"https:\/\/geek-o-polis.com\/?p=89645"},"modified":"2022-10-24T09:00:00","modified_gmt":"2022-10-24T07:00:00","slug":"les-inities-de-frederic-lyvins-et-sebastien-prudhomme-asnar","status":"publish","type":"post","link":"https:\/\/geek-o-polis.com\/index.php\/2022\/10\/24\/les-inities-de-frederic-lyvins-et-sebastien-prudhomme-asnar\/","title":{"rendered":"Les initi\u00e9s de Fr\u00e9d\u00e9ric Lyvins et S\u00e9bastien Prudhomme-Asnar"},"content":{"rendered":"<p style=\"text-align:center\">Hey hey les geekos, on se retrouve aujourd&rsquo;hui avec un roman d&rsquo;horreur, il s&rsquo;agit de<strong> \u00ab\u00a0Les initi\u00e9s\u00a0\u00bb de Fr\u00e9d\u00e9ric Lyvins et S\u00e9bastien Prudhomme-Asnar aux \u00c9ditions S\u00e9ma.<\/strong><\/p>\n<blockquote>\n<p style=\"text-align:center\"><span style=\"color:#666699\"><em>Bienvenue dans le lieu-dit La for\u00eat d\u2019automne\u2026 Tous les 25 ans, des enfants y disparaissent dans des circonstances myst\u00e9rieuses\u2026 Tous les 25 ans, des corps d\u2019adolescents atrocement mutil\u00e9s y sont retrouv\u00e9s\u2026 Tous les 25 ans, un jeune homme se volatilise sans laisser de traces\u2026 Dans la lign\u00e9e des romans de genre, les auteurs ont donn\u00e9 vie \u00e0 un v\u00e9ritable hommage aux films d\u2019horreur des ann\u00e9es 80 ! Oserez-vous les suivre au c\u0153ur de ce lieu maudit et aller \u00e0 la rencontre des Initi\u00e9s ?<\/em><\/span><\/p>\n<\/blockquote>\n<p><img loading=\"lazy\" decoding=\"async\" class=\" wp-image-89647 aligncenter\" src=\"https:\/\/geek-o-polis.com\/wp-content\/uploads\/2022\/10\/les-inities.jpg\" alt=\"les initi\u00e9s\" width=\"347\" height=\"488\"><\/p>\n<p style=\"text-align:center\"><span style=\"color:#666699\"><strong>Ce roman \u00e9tait depuis un moment dans ma Pile \u00e0 Lire<\/strong><\/span>, j&rsquo;ai d\u00e9j\u00e0 lu plus d&rsquo;un roman de Fr\u00e9d\u00e9ric Lyvins et j&rsquo;ai eu l&rsquo;occasion de d\u00e9couvrir S\u00e9bastien Prudhomme Asnar aussi et je vous avoue que comme je connaissais d\u00e9j\u00e0 la plume des deux auteurs, j&rsquo;\u00e9tais tr\u00e8s curieuse de d\u00e9couvrir ces Initi\u00e9s. Finalement, je me demande pourquoi j&rsquo;ai attendu si longtemps avant de le lire, car j&rsquo;en ressors avec un coup de c\u0153ur.<\/p>\n<p style=\"text-align:center\"><strong><span style=\"color:#666699\">On commence par un prologue<\/span> <\/strong>qui annonce vraiment la couleur du roman et, \u00e2mes sensibles, m\u00e9fiez-vous, on est ici dans le trash, le glauque et l&rsquo;horreur, mais rien n&rsquo;est gratuit. Ce prologue sert \u00e0 l&rsquo;histoire \u00e0 venir.<\/p>\n<p style=\"text-align:center\"><span style=\"color:#666699\"><strong>On va alterner les chapitres<\/strong><\/span> entre un groupe d&rsquo;adolescents qui a pris la route pour le week-end, un groupe de jeunes qui part en excursion en bus et un ancien flic. Au d\u00e9part, tout nous semble des plus banals et on se demande o\u00f9 les auteurs vont nous emmener. On en arrive aussi \u00e0 se poser la question \u00ab\u00a0Qui a \u00e9crit quoi ?\u00a0\u00bb. Je vous avoue que \u00e7a me rend curieuse \u00e0 chaque fois dans les romans \u00e0 quatre mains.&nbsp;<\/p>\n<p style=\"text-align:center\"><span style=\"color:#666699\"><strong>Une fois les bases pos\u00e9es et les personnages pr\u00e9sent\u00e9s<\/strong>,<\/span> on va se retrouver face \u00e0 des forces myst\u00e9rieuses. Qui sont-elles ? D&rsquo;o\u00f9 viennent-elles ? Sont-elles responsables de ces disparitions qui se r\u00e9p\u00e8tent tous les 25 ans ? Tant de questions nous viennent qu&rsquo;on tourne les pages encore et encore pour basculer dans l&rsquo;horreur. Ce roman nous prend aux tripes et on en sort compl\u00e8tement retourn\u00e9s tant on a rien vu venir. On a ce sentiment d&rsquo;oppression qui ne s&rsquo;estompe qu&rsquo;une fois la fin venue.&nbsp;<\/p>\n<p style=\"text-align:center\"><span style=\"color:#666699\"><strong>J&rsquo;ai ador\u00e9 retrouver pas mal de r\u00e9f\u00e9rences<\/strong> <\/span>\u00e0 travers les pages et la plus importante d&rsquo;entre elles est vraiment tr\u00e8s bien amen\u00e9e. Les r\u00e9pliques sont elles aussi tr\u00e8s agr\u00e9ables, sur un ton grin\u00e7ant comme je les aime.<\/p>\n<p style=\"text-align:center\"><span style=\"color:#666699\"><strong>Certes, ce roman est court et on arrive tr\u00e8s vite \u00e0 la fin,<\/strong> <\/span>mais tellement d&rsquo;\u00e9l\u00e9ments y sont diss\u00e9min\u00e9s qu&rsquo;on en a pour notre compte et, en parlant du final, j&rsquo;avoue que je n&rsquo;ai vraiment rien vu venir, j&rsquo;ai \u00e9t\u00e9 totalement bluff\u00e9e.<\/p>\n<p style=\"text-align:center\"><em><span style=\"color:#666699\">Bref, si vous cherchez une bonne dose d&rsquo;horreur, de glauquitude et de trash \u00e0 lire le soir d&rsquo;Halloween, ce roman est fait pour vous, n&rsquo;h\u00e9sitez pas.<\/span><\/em><\/p>\n\n\n<figure class=\"wp-block-jetpack-rating-star is-style-outlined\" style=\"text-align:center\"><span style=\"color:#9b51e0\">\u2605<\/span><span style=\"color:#9b51e0\">\u2605<\/span><span style=\"color:#9b51e0\">\u2605<\/span><span style=\"color:#9b51e0\">\u2605<\/span><span style=\"color:#9b51e0\">\u2605<\/span><\/figure>\n\n\n<p style=\"text-align: center\"><a href=\"https:\/\/hylyirio.com\/le-bingo-dhylyirio\/\" target=\"_blank\" rel=\"noopener\">Ce roman entre dans la cat\u00e9gorie 6 du bingo litt\u00e9raire d&rsquo;Hylyirio qui est de lire un livre d&rsquo;horreur.<\/a><\/p>","protected":false},"excerpt":{"rendered":"<p>Hey hey les geekos, on se retrouve aujourd&rsquo;hui avec un roman d&rsquo;horreur, il s&rsquo;agit de \u00ab\u00a0Les initi\u00e9s\u00a0\u00bb de Fr\u00e9d\u00e9ric Lyvins et S\u00e9bastien Prudhomme-Asnar aux \u00c9ditions S\u00e9ma. Bienvenue dans le lieu-dit La for\u00eat d\u2019automne\u2026 Tous les 25 ans, des enfants y disparaissent dans des circonstances myst\u00e9rieuses\u2026 Tous les 25 ans, des corps d\u2019adolescents atrocement mutil\u00e9s y [&hellip;]<\/p>\n","protected":false},"author":4,"featured_media":89725,"comment_status":"open","ping_status":"open","sticky":false,"template":"","format":"standard","meta":{"saved_in_kubio":false,"footnotes":""},"categories":[33],"tags":[8297,10217,12414,16938,25684],"class_list":["post-89645","post","type-post","status-publish","format-standard","has-post-thumbnail","hentry","category-litterature","tag-editions-sema","tag-frederic-livyns","tag-horreur","tag-les-inities","tag-sebastien-prudhomme-asnar"],"_links":{"self":[{"href":"https:\/\/geek-o-polis.com\/index.php\/wp-json\/wp\/v2\/posts\/89645","targetHints":{"allow":["GET"]}}],"collection":[{"href":"https:\/\/geek-o-polis.com\/index.php\/wp-json\/wp\/v2\/posts"}],"about":[{"href":"https:\/\/geek-o-polis.com\/index.php\/wp-json\/wp\/v2\/types\/post"}],"author":[{"embeddable":true,"href":"https:\/\/geek-o-polis.com\/index.php\/wp-json\/wp\/v2\/users\/4"}],"replies":[{"embeddable":true,"href":"https:\/\/geek-o-polis.com\/index.php\/wp-json\/wp\/v2\/comments?post=89645"}],"version-history":[{"count":0,"href":"https:\/\/geek-o-polis.com\/index.php\/wp-json\/wp\/v2\/posts\/89645\/revisions"}],"wp:featuredmedia":[{"embeddable":true,"href":"https:\/\/geek-o-polis.com\/index.php\/wp-json\/"}],"wp:attachment":[{"href":"https:\/\/geek-o-polis.com\/index.php\/wp-json\/wp\/v2\/media?parent=89645"}],"wp:term":[{"taxonomy":"category","embeddable":true,"href":"https:\/\/geek-o-polis.com\/index.php\/wp-json\/wp\/v2\/categories?post=89645"},{"taxonomy":"post_tag","embeddable":true,"href":"https:\/\/geek-o-polis.com\/index.php\/wp-json\/wp\/v2\/tags?post=89645"}],"curies":[{"name":"wp","href":"https:\/\/api.w.org\/{rel}","templated":true}]}}