{"id":83464,"date":"2022-07-27T12:00:00","date_gmt":"2022-07-27T10:00:00","guid":{"rendered":"https:\/\/geek-o-polis.com\/?p=83464"},"modified":"2022-07-27T12:00:00","modified_gmt":"2022-07-27T10:00:00","slug":"groot-a-droit-a-sa-serie-et-lache-sa-bande-annonce","status":"publish","type":"post","link":"https:\/\/geek-o-polis.com\/index.php\/2022\/07\/27\/groot-a-droit-a-sa-serie-et-lache-sa-bande-annonce\/","title":{"rendered":"GROOT a droit \u00e0 sa s\u00e9rie et l\u00e2che sa bande-annonce"},"content":{"rendered":"<p>Comme depuis quelques temps maintenant,<span style=\"color:#ff6600;\"> Marvel Studio<\/span> et<span style=\"color:#0000ff;\"> Disney<\/span> mettent la main sur le <span style=\"color:#ff6600;\">COMIC CON<\/span>. Et celui de San Diego n&rsquo;a pas fait exception. Lors de cet \u00e9v\u00e9nement, une petite s\u00e9rie a montr\u00e9 le bout de son nez :<strong><span style=\"color:#008000;\"> I AM GROOT&nbsp;<\/span><\/strong><\/p>\n<p><iframe loading=\"lazy\" title=\"JE S&#039;APPELLE GROOT Bande Annonce VF (Marvel, 2022)\" width=\"500\" height=\"281\" src=\"https:\/\/www.youtube.com\/embed\/3s4oANdL1A4?feature=oembed\" frameborder=\"0\" allow=\"accelerometer; autoplay; clipboard-write; encrypted-media; gyroscope; picture-in-picture; web-share\" referrerpolicy=\"strict-origin-when-cross-origin\" allowfullscreen><\/iframe><\/p>\n<p>Cette s\u00e9rie a un format de cinq \u00e9pisodes qui seront des courts-m\u00e9trages. On y verra l&rsquo;\u00e9volution de notre petit arbuste pr\u00e9f\u00e9r\u00e9, toutes les b\u00eatises qu&rsquo;il peut faire ainsi que ses nouveaux amis.<\/p>\n<p>La s\u00e9rie va \u00eatre diffus\u00e9e \u00e0 partir du 10 ao\u00fbt sur la plateforme de <span style=\"color:#0000ff;\">Disney+.<\/span><\/p>\n","protected":false},"excerpt":{"rendered":"<p>Comme depuis quelques temps maintenant, Marvel Studio et Disney mettent la main sur le COMIC CON. Et celui de San Diego n&rsquo;a pas fait exception. Lors de cet \u00e9v\u00e9nement, une petite s\u00e9rie a montr\u00e9 le bout de son nez : I AM GROOT&nbsp; Cette s\u00e9rie a un format de cinq \u00e9pisodes qui seront des courts-m\u00e9trages. [&hellip;]<\/p>\n","protected":false},"author":3,"featured_media":83545,"comment_status":"open","ping_status":"open","sticky":false,"template":"","format":"standard","meta":{"saved_in_kubio":false,"footnotes":""},"categories":[15,44],"tags":[7350,12626,18542],"class_list":["post-83464","post","type-post","status-publish","format-standard","has-post-thumbnail","hentry","category-disney-plus","category-serie","tag-disney","tag-i-am-groot","tag-marvel-studios"],"_links":{"self":[{"href":"https:\/\/geek-o-polis.com\/index.php\/wp-json\/wp\/v2\/posts\/83464","targetHints":{"allow":["GET"]}}],"collection":[{"href":"https:\/\/geek-o-polis.com\/index.php\/wp-json\/wp\/v2\/posts"}],"about":[{"href":"https:\/\/geek-o-polis.com\/index.php\/wp-json\/wp\/v2\/types\/post"}],"author":[{"embeddable":true,"href":"https:\/\/geek-o-polis.com\/index.php\/wp-json\/wp\/v2\/users\/3"}],"replies":[{"embeddable":true,"href":"https:\/\/geek-o-polis.com\/index.php\/wp-json\/wp\/v2\/comments?post=83464"}],"version-history":[{"count":0,"href":"https:\/\/geek-o-polis.com\/index.php\/wp-json\/wp\/v2\/posts\/83464\/revisions"}],"wp:featuredmedia":[{"embeddable":true,"href":"https:\/\/geek-o-polis.com\/index.php\/wp-json\/"}],"wp:attachment":[{"href":"https:\/\/geek-o-polis.com\/index.php\/wp-json\/wp\/v2\/media?parent=83464"}],"wp:term":[{"taxonomy":"category","embeddable":true,"href":"https:\/\/geek-o-polis.com\/index.php\/wp-json\/wp\/v2\/categories?post=83464"},{"taxonomy":"post_tag","embeddable":true,"href":"https:\/\/geek-o-polis.com\/index.php\/wp-json\/wp\/v2\/tags?post=83464"}],"curies":[{"name":"wp","href":"https:\/\/api.w.org\/{rel}","templated":true}]}}