{"id":82777,"date":"2022-07-14T07:05:46","date_gmt":"2022-07-14T05:05:46","guid":{"rendered":"https:\/\/geek-o-polis.com\/?p=82777"},"modified":"2022-07-14T07:05:46","modified_gmt":"2022-07-14T05:05:46","slug":"laffiche-et-la-date-de-lancement-des-courts-metrages-marvel-studios-je-sappelle-groot-devoilees","status":"publish","type":"post","link":"https:\/\/geek-o-polis.com\/index.php\/2022\/07\/14\/laffiche-et-la-date-de-lancement-des-courts-metrages-marvel-studios-je-sappelle-groot-devoilees\/","title":{"rendered":"L\u2019affiche et la date de lancement des courts m\u00e9trages Marvel Studios \u00ab JE S\u2019APPELLE GROOT \u00bb d\u00e9voil\u00e9es."},"content":{"rendered":"<p style=\"text-align:center;\">\u00c0 la riche programmation estivale des productions Marvel Studios sur\u00a0<strong>Disney+<\/strong>\u00a0s\u2019ajoute la s\u00e9rie\u00a0<strong>\u00ab JE S\u2019APPELLE GROOT \u00bb,<\/strong>\u00a0qui sera lanc\u00e9e le\u00a0<strong>10 Ao\u00fbt<\/strong>\u00a0en exclusivit\u00e9 sur la plateforme. Collection de 5 courts m\u00e9trages originaux\u00a0<strong>\u00ab JE S\u2019APPELLE GROOT \u00bb,\u00a0<\/strong>met en sc\u00e8ne B\u00e9b\u00e9 Groot, le petit arbre pr\u00e9f\u00e9r\u00e9 de tous et pr\u00e9sentera plusieurs personnages nouveaux et inhabituels. Les 5 \u00e9pisodes seront disponibles d\u00e8s le lancement.<\/p>\n<p style=\"text-align:center;\">Il est impossible de prot\u00e9ger la galaxie de ce bambin malicieux\u00a0! Alors pr\u00e9parez-vous car B\u00e9b\u00e9 Groot arrive sur le devant de la sc\u00e8ne avec sa propre s\u00e9rie, explorant ses jours de gloire et les ennuis qu\u2019il s\u2019attire en grandissant parmi les \u00e9toiles.<\/p>\n<p style=\"text-align:center;\"><strong>Vin Diesel<\/strong>\u00a0qui est la voix de Groot dans la version originale de la saga \u201cLES GARDIENS DE LA GALAXIE\u201d est la voix de B\u00e9b\u00e9 Groot.\u00a0<strong>Kirsten Lepore<\/strong>\u00a0est la sc\u00e9nariste et la r\u00e9alisatrice et\u00a0<strong>Kevin Feige, Louis D\u2019Esposito, Victoria<\/strong>\u00a0<strong>Alonso, Brad Winderbaum<\/strong>\u00a0et\u00a0<strong>James Gunn<\/strong>\u00a0sont les producteurs ex\u00e9cutifs.<\/p>\n","protected":false},"excerpt":{"rendered":"<p>\u00c0 la riche programmation estivale des productions Marvel Studios sur\u00a0Disney+\u00a0s\u2019ajoute la s\u00e9rie\u00a0\u00ab JE S\u2019APPELLE GROOT \u00bb,\u00a0qui sera lanc\u00e9e le\u00a010 Ao\u00fbt\u00a0en exclusivit\u00e9 sur la plateforme. Collection de 5 courts m\u00e9trages originaux\u00a0\u00ab JE S\u2019APPELLE GROOT \u00bb,\u00a0met en sc\u00e8ne B\u00e9b\u00e9 Groot, le petit arbre pr\u00e9f\u00e9r\u00e9 de tous et pr\u00e9sentera plusieurs personnages nouveaux et inhabituels. Les 5 \u00e9pisodes seront [&hellip;]<\/p>\n","protected":false},"author":2,"featured_media":82779,"comment_status":"open","ping_status":"open","sticky":false,"template":"","format":"standard","meta":{"saved_in_kubio":false,"footnotes":""},"categories":[9],"tags":[7350,13608,18529,31105],"class_list":["post-82777","post","type-post","status-publish","format-standard","has-post-thumbnail","hentry","category-bla-bla","tag-disney","tag-je-sappelle-groot","tag-marvel","tag-vin-diesel"],"_links":{"self":[{"href":"https:\/\/geek-o-polis.com\/index.php\/wp-json\/wp\/v2\/posts\/82777","targetHints":{"allow":["GET"]}}],"collection":[{"href":"https:\/\/geek-o-polis.com\/index.php\/wp-json\/wp\/v2\/posts"}],"about":[{"href":"https:\/\/geek-o-polis.com\/index.php\/wp-json\/wp\/v2\/types\/post"}],"author":[{"embeddable":true,"href":"https:\/\/geek-o-polis.com\/index.php\/wp-json\/wp\/v2\/users\/2"}],"replies":[{"embeddable":true,"href":"https:\/\/geek-o-polis.com\/index.php\/wp-json\/wp\/v2\/comments?post=82777"}],"version-history":[{"count":0,"href":"https:\/\/geek-o-polis.com\/index.php\/wp-json\/wp\/v2\/posts\/82777\/revisions"}],"wp:featuredmedia":[{"embeddable":true,"href":"https:\/\/geek-o-polis.com\/index.php\/wp-json\/"}],"wp:attachment":[{"href":"https:\/\/geek-o-polis.com\/index.php\/wp-json\/wp\/v2\/media?parent=82777"}],"wp:term":[{"taxonomy":"category","embeddable":true,"href":"https:\/\/geek-o-polis.com\/index.php\/wp-json\/wp\/v2\/categories?post=82777"},{"taxonomy":"post_tag","embeddable":true,"href":"https:\/\/geek-o-polis.com\/index.php\/wp-json\/wp\/v2\/tags?post=82777"}],"curies":[{"name":"wp","href":"https:\/\/api.w.org\/{rel}","templated":true}]}}