{"id":80489,"date":"2022-06-16T11:00:00","date_gmt":"2022-06-16T09:00:00","guid":{"rendered":"https:\/\/geek-o-polis.com\/?p=80489"},"modified":"2022-06-16T11:00:00","modified_gmt":"2022-06-16T09:00:00","slug":"decouvrez-des-maintenant-sur-disney-le-documentaire-au-dela-de-linfini","status":"publish","type":"post","link":"https:\/\/geek-o-polis.com\/index.php\/2022\/06\/16\/decouvrez-des-maintenant-sur-disney-le-documentaire-au-dela-de-linfini\/","title":{"rendered":"D\u00e9couvrez d\u00e8s maintenant sur Disney+ le documentaire \u00ab AU-DEL\u00c0 DE L\u2019INFINI \u00bb\u00a0"},"content":{"rendered":"<p style=\"text-align:center;\"><span style=\"color:#ff6600;\"><strong>\u00c0 une semaine de la sortie au cin\u00e9ma de \u00a0\u00a0\u00bb\u00a0BUZZ L\u2019\u00c9CLAIR \u00a0\u00bb le nouveau film d\u2019animation Disney et Pixar,\u00a0Disney+\u00a0invite les spectateurs \u00e0 explorer l&rsquo;histoire de ce personnage devenu culte et \u00e0 d\u00e9couvrir en avant-premi\u00e8re les secrets de fabrication de ce tout nouveau film. Ce documentaire\u00a0\u00ab\u00a0Au-del\u00e0 de l\u2019infini : Buzz et le voyage dans l\u2019hypervitesse\u00a0\u00bb des studios d&rsquo;animation Pixar explore l&rsquo;\u00e9volution d&rsquo;une ic\u00f4ne, en retra\u00e7ant le parcours de Buzz l&rsquo;\u00c9clair, du jouet au h\u00e9ros du nouveau film.<\/strong><\/span><\/p>\n<p style=\"text-align:center;\">Avec la participation de l\u2019\u00e9quipe du film, des artistes et voix originales de \u00ab\u00a0BUZZ L\u2019\u00c9CLAIR\u00a0\u00bb, ce documentaire explique comment le design original de la figurine de Buzz a \u00e9t\u00e9 r\u00e9alis\u00e9, et comment ce look a \u00e9t\u00e9 traduit des ann\u00e9es plus tard en un h\u00e9ros humain. Ce documentaire s&rsquo;int\u00e9resse \u00e0 l&rsquo;impact culturel du Ranger de l\u2019espace le plus c\u00e9l\u00e8bre de la galaxie et \u00e0 son importance pour les r\u00e9alisateurs de Pixar, et s&rsquo;interroge sur ce qu&rsquo;il y a r\u00e9ellement au-del\u00e0 de l&rsquo;infini. \u00ab\u00a0Au-del\u00e0 de l\u2019infini : Buzz et le voyage dans l\u2019hypervitesse\u00a0\u00bb\u00a0est r\u00e9alis\u00e9 par\u00a0<strong>Tony Kaplan<\/strong>\u00a0et produit par\u00a0<strong>Sureena Mann<\/strong>.<\/p>\n<p style=\"text-align:center;\">\u00c0 l&rsquo;affiche le 22 juin, \u00ab\u00a0BUZZ L\u2019\u00c9CLAIR\u00a0\u00bb \u00a0entraine les spectateurs dans une aventure intergalactique avec le l\u00e9gendaire Ranger de l\u2019espace qui a inspir\u00e9 le c\u00e9l\u00e8bre jouet \u00e9ponyme. Le film est r\u00e9alis\u00e9 par Angus MacLane (co-r\u00e9alisateur de \u00ab\u00a0Le Monde de Dory\u00a0\u00bb) et produit par Galyn Susman (court m\u00e9trage \u00ab\u00a0Toy Story Hors du temps\u00a0\u00bb).<\/p>\n<p><iframe loading=\"lazy\" title=\"Au-del\u00e0 de l\u2019infini : Buzz et le voyage dans l\u2019hypervitesse - Bande-annonce (VOST) | Disney+\" width=\"500\" height=\"281\" src=\"https:\/\/www.youtube.com\/embed\/-R5bZv22PyM?feature=oembed\" frameborder=\"0\" allow=\"accelerometer; autoplay; clipboard-write; encrypted-media; gyroscope; picture-in-picture; web-share\" referrerpolicy=\"strict-origin-when-cross-origin\" allowfullscreen><\/iframe><\/p>\n","protected":false},"excerpt":{"rendered":"<p>\u00c0 une semaine de la sortie au cin\u00e9ma de \u00a0\u00a0\u00bb\u00a0BUZZ L\u2019\u00c9CLAIR \u00a0\u00bb le nouveau film d\u2019animation Disney et Pixar,\u00a0Disney+\u00a0invite les spectateurs \u00e0 explorer l&rsquo;histoire de ce personnage devenu culte et \u00e0 d\u00e9couvrir en avant-premi\u00e8re les secrets de fabrication de ce tout nouveau film. Ce documentaire\u00a0\u00ab\u00a0Au-del\u00e0 de l\u2019infini : Buzz et le voyage dans l\u2019hypervitesse\u00a0\u00bb des [&hellip;]<\/p>\n","protected":false},"author":2,"featured_media":0,"comment_status":"open","ping_status":"open","sticky":false,"template":"","format":"standard","meta":{"saved_in_kubio":false,"footnotes":""},"categories":[16],"tags":[2389,4189,7350,22781],"class_list":["post-80489","post","type-post","status-publish","format-standard","hentry","category-documentaire","tag-au-dela-de-linfini","tag-buzz-leclair","tag-disney","tag-pixar"],"_links":{"self":[{"href":"https:\/\/geek-o-polis.com\/index.php\/wp-json\/wp\/v2\/posts\/80489","targetHints":{"allow":["GET"]}}],"collection":[{"href":"https:\/\/geek-o-polis.com\/index.php\/wp-json\/wp\/v2\/posts"}],"about":[{"href":"https:\/\/geek-o-polis.com\/index.php\/wp-json\/wp\/v2\/types\/post"}],"author":[{"embeddable":true,"href":"https:\/\/geek-o-polis.com\/index.php\/wp-json\/wp\/v2\/users\/2"}],"replies":[{"embeddable":true,"href":"https:\/\/geek-o-polis.com\/index.php\/wp-json\/wp\/v2\/comments?post=80489"}],"version-history":[{"count":0,"href":"https:\/\/geek-o-polis.com\/index.php\/wp-json\/wp\/v2\/posts\/80489\/revisions"}],"wp:attachment":[{"href":"https:\/\/geek-o-polis.com\/index.php\/wp-json\/wp\/v2\/media?parent=80489"}],"wp:term":[{"taxonomy":"category","embeddable":true,"href":"https:\/\/geek-o-polis.com\/index.php\/wp-json\/wp\/v2\/categories?post=80489"},{"taxonomy":"post_tag","embeddable":true,"href":"https:\/\/geek-o-polis.com\/index.php\/wp-json\/wp\/v2\/tags?post=80489"}],"curies":[{"name":"wp","href":"https:\/\/api.w.org\/{rel}","templated":true}]}}