{"id":77377,"date":"2022-05-16T09:00:00","date_gmt":"2022-05-16T07:00:00","guid":{"rendered":"https:\/\/geek-o-polis.com\/?p=77377"},"modified":"2022-05-16T09:00:00","modified_gmt":"2022-05-16T07:00:00","slug":"second-souffle-de-k-sangil","status":"publish","type":"post","link":"https:\/\/geek-o-polis.com\/index.php\/2022\/05\/16\/second-souffle-de-k-sangil\/","title":{"rendered":"Second souffle de K. Sangil"},"content":{"rendered":"<p style=\"text-align:center;\">Hey hey les geekos, on se retrouve aujourd&rsquo;hui avec un roman qui oscille entre fantastique, historique et romance. Il s&rsquo;agit de <strong>\u00ab\u00a0Second souffle\u00a0\u00bb de K.Sangil aux \u00c9ditions Nutty Sheep.<\/strong><\/p>\n<blockquote>\n<p style=\"text-align:center;\"><span style=\"color:#666699;\"><em>Hongrie, ch\u00e2teau de Brimance, 1890.<\/em><\/span><\/p>\n<p><span style=\"color:#666699;\"><em>Eust\u00e9n\u00e9e Milesi, fille d\u2019un vampire et d\u2019une sorci\u00e8re, f\u00eate ses seize ans. \u00c0 la mort du Seigneur originel des vampires, la jeune comtesse devient la d\u00e9tentrice de son dernier souffle, puissance qu\u2019elle a pour mission de transmettre \u00e0 son digne successeur. Pourtant, les \u00e9v\u00e9nements ne se d\u00e9roulent pas vraiment comme pr\u00e9vu.<\/em><\/span><\/p>\n<p><span style=\"color:#666699;\"><em>Sa rencontre avec Sir Lajos Walkil, venu pr\u00eater all\u00e9geance \u00e0 sa famille, la perturbe plus que de raison dans ce monde de complots qu\u2019est l\u2019aristocratie. Frustrations, douleur, passion\u2026 Voil\u00e0 ce \u00e0 quoi sa nouvelle vie la confronte.<\/em><\/span><\/p>\n<p><span style=\"color:#666699;\"><em>Eust\u00e9n\u00e9e saura-t-elle trouver en lui un alli\u00e9 face \u00e0 ceux qui la menacent\u2009?<\/em><\/span><\/p>\n<p><span style=\"color:#666699;\"><em>La magie et l\u2019affection des siens seront-elles suffisantes pour les sauver\u2009?<\/em><\/span><\/p>\n<\/blockquote>\n<p><img loading=\"lazy\" decoding=\"async\" class=\"wp-image-77379 aligncenter\" src=\"https:\/\/geek-o-polis.com\/wp-content\/uploads\/2022\/05\/second-souffle.jpg\" alt=\"second souffle\" width=\"326\" height=\"462\" \/><\/p>\n<p style=\"text-align:center;\"><span style=\"color:#666699;\"><strong>Quand les \u00c9ditions Nutty Sheep m&rsquo;ont propos\u00e9 sur Simplement.pro de d\u00e9couvrir ce roman,<\/strong><\/span> je vous avoue avoir un peu h\u00e9sit\u00e9, mais je me suis malgr\u00e9 tout laiss\u00e9 tenter car je n&rsquo;ai fait que des belles d\u00e9couvertes avec leurs parutions jusqu&rsquo;\u00e0 maintenant.\u00a0<\/p>\n<p style=\"text-align:center;\"><span style=\"color:#666699;\"><strong>Ce roman commence par un passage du journal intime d&rsquo;Ellura<\/strong> <\/span>et j&rsquo;avoue que c&rsquo;est une fa\u00e7on originale de poser les bases de l&rsquo;histoire. On comprend tr\u00e8s vite qu&rsquo;on va suivre Eust\u00e9n\u00e9e, qui va devenir l&rsquo;h\u00e9ro\u00efne principale du roman et qui n&rsquo;est autre que la fille d&rsquo;Ellura. On va s&rsquo;attacher \u00e0 Eust\u00e9n\u00e9e et j&rsquo;ai beaucoup aim\u00e9 son c\u00f4t\u00e9 mi-sorci\u00e8re, mi-vampire. C&rsquo;est une vampi\u00e8re, elle est n\u00e9e de l&rsquo;union d&rsquo;une sorci\u00e8re et d&rsquo;un vampire, ce qui, en soit, est assez original comme croisement. C&rsquo;est la premi\u00e8re fois que je rencontre une vampi\u00e8re dans une de mes lectures et c&rsquo;\u00e9tait vraiment tr\u00e8s agr\u00e9able.<\/p>\n<p style=\"text-align:center;\"><span style=\"color:#666699;\"><strong>On va \u00e9galement faire la connaissance de Lajos<\/strong><\/span> qui lui est un vampire. Je me suis autant attach\u00e9e \u00e0 lui qu&rsquo;\u00e0 Eust\u00e9n\u00e9e. Par contre, certes, on est pr\u00e9venus qu&rsquo;on est dans une romance fantastique et historique, mais si j&rsquo;ai une petite r\u00e9serve \u00e0 \u00e9mettre quant \u00e0 notre couple, c&rsquo;est qu&rsquo;\u00e0 un moment, tout va trop vite. Bon, pass\u00e9 ce moment-l\u00e0, j&rsquo;ai beaucoup appr\u00e9ci\u00e9 leur histoire.<\/p>\n<p style=\"text-align:center;\"><span style=\"color:#666699;\"><strong>Concernant l&rsquo;intrigue, elle est tr\u00e8s bien ficel\u00e9e<\/strong> <\/span>et le moins que l&rsquo;on puisse dire, c&rsquo;est que \u00e7a ne manque pas de r\u00e9v\u00e9lations, ni de rebondissements et d&rsquo;action. On n&rsquo;a pas le temps de s&rsquo;ennuyer en compagnie de notre couple.\u00a0<\/p>\n<p style=\"text-align:center;\"><span style=\"color:#666699;\"><strong>J&rsquo;ai \u00e9galement appr\u00e9ci\u00e9 les parents de notre h\u00e9ro\u00efne<\/strong><\/span> qui sont tellement bienveillants et ils ont aussi leur importance dans l&rsquo;histoire. Quant aux autres protagonistes, certes, ils sont secondaires et heureusement car ils sont tellement nombreux et si peu d\u00e9taill\u00e9s que je serais incapable de vous dire qui est qui. Mais, au fond, le principal, je pense, c&rsquo;est de bien pouvoir cerner les deux couples de l&rsquo;histoire.<\/p>\n<p style=\"text-align:center;\"><span style=\"color:#666699;\"><strong>Le c\u00f4t\u00e9 historique est lui tr\u00e8s agr\u00e9able,<\/strong><\/span> on se retrouve en Hongrie en 1870 et les descriptions que l&rsquo;autrice nous fait sont vraiment tr\u00e8s bien dos\u00e9es. Quant \u00e0 la mythologie qui traite du conflit entre les vampires et les sorci\u00e8res, je l&rsquo;ai trouv\u00e9 un peu trop survol\u00e9e, j&rsquo;aurais voulu en savoir plus, tant cet univers me semblait int\u00e9ressant.<\/p>\n<p style=\"text-align:center;\"><span style=\"color:#666699;\"><em>Bref, si vous aimez les romances, les sorci\u00e8res, les vampires, les romans fantastiques avec un c\u00f4t\u00e9 historique, je pense que ce roman pourra vous plaire. De mon c\u00f4t\u00e9, malgr\u00e9 les petits b\u00e9mols, j&rsquo;en retire quand m\u00eame du positif.<\/em><\/span><\/p>\n\n\n<figure class=\"wp-block-jetpack-rating-star is-style-outlined\" style=\"text-align:center;\"><span style=\"color:#9b51e0;\">\u2605<\/span><span style=\"color:#9b51e0;\">\u2605<\/span><span style=\"color:#9b51e0;\">\u2605<\/span><\/figure>\n","protected":false},"excerpt":{"rendered":"<p>Hey hey les geekos, on se retrouve aujourd&rsquo;hui avec un roman qui oscille entre fantastique, historique et romance. Il s&rsquo;agit de \u00ab\u00a0Second souffle\u00a0\u00bb de K.Sangil aux \u00c9ditions Nutty Sheep. Hongrie, ch\u00e2teau de Brimance, 1890. Eust\u00e9n\u00e9e Milesi, fille d\u2019un vampire et d\u2019une sorci\u00e8re, f\u00eate ses seize ans. \u00c0 la mort du Seigneur originel des vampires, la [&hellip;]<\/p>\n","protected":false},"author":4,"featured_media":77379,"comment_status":"open","ping_status":"open","sticky":false,"template":"","format":"standard","meta":{"saved_in_kubio":false,"footnotes":""},"categories":[33],"tags":[8276,9355,12279,14558,24908,25863,26464],"class_list":["post-77377","post","type-post","status-publish","format-standard","has-post-thumbnail","hentry","category-litterature","tag-editions-nutty-sheep","tag-fantastique","tag-historique","tag-k-sangil","tag-romance","tag-second-souffle","tag-simplement-pro"],"_links":{"self":[{"href":"https:\/\/geek-o-polis.com\/index.php\/wp-json\/wp\/v2\/posts\/77377","targetHints":{"allow":["GET"]}}],"collection":[{"href":"https:\/\/geek-o-polis.com\/index.php\/wp-json\/wp\/v2\/posts"}],"about":[{"href":"https:\/\/geek-o-polis.com\/index.php\/wp-json\/wp\/v2\/types\/post"}],"author":[{"embeddable":true,"href":"https:\/\/geek-o-polis.com\/index.php\/wp-json\/wp\/v2\/users\/4"}],"replies":[{"embeddable":true,"href":"https:\/\/geek-o-polis.com\/index.php\/wp-json\/wp\/v2\/comments?post=77377"}],"version-history":[{"count":0,"href":"https:\/\/geek-o-polis.com\/index.php\/wp-json\/wp\/v2\/posts\/77377\/revisions"}],"wp:featuredmedia":[{"embeddable":true,"href":"https:\/\/geek-o-polis.com\/index.php\/wp-json\/"}],"wp:attachment":[{"href":"https:\/\/geek-o-polis.com\/index.php\/wp-json\/wp\/v2\/media?parent=77377"}],"wp:term":[{"taxonomy":"category","embeddable":true,"href":"https:\/\/geek-o-polis.com\/index.php\/wp-json\/wp\/v2\/categories?post=77377"},{"taxonomy":"post_tag","embeddable":true,"href":"https:\/\/geek-o-polis.com\/index.php\/wp-json\/wp\/v2\/tags?post=77377"}],"curies":[{"name":"wp","href":"https:\/\/api.w.org\/{rel}","templated":true}]}}