{"id":75930,"date":"2022-07-19T09:00:00","date_gmt":"2022-07-19T07:00:00","guid":{"rendered":"https:\/\/geek-o-polis.com\/?p=75930"},"modified":"2022-07-19T09:00:00","modified_gmt":"2022-07-19T07:00:00","slug":"les-filles-qui-mentent-de-eva-bjorg-aegisdottir","status":"publish","type":"post","link":"https:\/\/geek-o-polis.com\/index.php\/2022\/07\/19\/les-filles-qui-mentent-de-eva-bjorg-aegisdottir\/","title":{"rendered":"Les filles qui mentent de Eva Bj\u00f6rg \u00c6gisd\u00f3ttir"},"content":{"rendered":"<p style=\"text-align:center;\">Hey hey les geekos, on se retrouve aujourd&rsquo;hui pour parler thriller avec <strong><em>\u00ab\u00a0Les filles qui mentent\u00a0\u00bb de Eva Bj\u00f6rg \u00c6gisd\u00f3ttir aux \u00c9ditions de la Martini\u00e8re<\/em>.<\/strong><\/p>\n<blockquote>\n<p style=\"text-align:center;\"><span style=\"color:#008080;\"><em>Une jeune m\u00e8re d\u00e9sesp\u00e9r\u00e9e se tient immobile dans une maternit\u00e9, incapable de regarder son propre enfant qui vient de na\u00eetre. C\u2019est le d\u00e9but d\u2019une relation \u00e9trange et bris\u00e9e entre la m\u00e8re et l\u2019enfant, qui m\u00e8nera \u00e0 une trag\u00e9die redoutable.<\/em><\/span><\/p>\n<p><em><span style=\"color:#008080;\"><span style=\"color:#008080;\">Quinze ans plus tard, en effet, le corps d\u2019une femme est retrouv\u00e9 gisant dans un champ de lave\u2026\u00a0Cela fait sept mois que cette m\u00e8re c\u00e9libataire avait disparu, ne laissant qu\u2019un simple mot d\u2019excuses sur la table de la cuisine. Que s\u2019est-il pass\u00e9 durant tout ce temps ? Le nouveau quotidien de sa fille Hekla, d\u00e9sormais choy\u00e9e par sa famille d\u2019accueil, ne cache-t-il pas une r\u00e9alit\u00e9 plus sombre ? Au fur et \u00e0 mesure que la liste des suspects s\u2019allonge pour le meurtre, de nouvelles lumi\u00e8res sont jet\u00e9es sur le pass\u00e9 de la m\u00e8re,\u00ad et sur l\u2019enfance d\u2019une fille qui n\u2019a jamais \u00e9t\u00e9 comme les autres\u2026 Elma, inspectrice de police dans la petite ville d\u2019Akranes, est charg\u00e9e d\u2019enqu\u00eater.<\/span><\/span><\/em><\/p>\n<p style=\"text-align:center;\"><span style=\"color:#008080;\"><em>Cruaut\u00e9 adolescente, pr\u00e9jug\u00e9s de petite ville, mensonges d\u2019enfants qui souffrent pour les p\u00each\u00e9s de leurs parents. Les filles qui mentent est un thriller psychologique saisissant \u00e0 l\u2019enqu\u00eate polici\u00e8re sophistiqu\u00e9e, qui porte Eva Bj\u00f6rg \u00c6gisdottir au rang des nouveaux grands noms du roman policier contemporain.<\/em><\/span><\/p>\n<\/blockquote>\n<p style=\"text-align:center;\"><img loading=\"lazy\" decoding=\"async\" class=\" wp-image-75933 aligncenter\" src=\"https:\/\/geek-o-polis.com\/wp-content\/uploads\/2022\/04\/les-filles-qui-mentent.png\" alt=\"les filles qui mentent\" width=\"311\" height=\"500\" \/><span style=\"color:#008080;\"><em>#LesFillesquimentent #NetGalleyFrance<\/em><\/span><\/p>\n<p style=\"text-align:center;\"><span style=\"color:#008080;\"><strong>Il faut bien avouer que le r\u00e9sum\u00e9 de ce roman est plus que tentant<\/strong><\/span> et, comme vous pouvez le voir, je n&rsquo;ai pas pu y r\u00e9sister. Autant vous dire que j&rsquo;ai bien fait, car j&rsquo;ai pass\u00e9 un bon moment de lecture.<\/p>\n<p style=\"text-align:center;\"><span style=\"color:#008080;\"><strong>Ce roman fait donc partie de la saga Elma<\/strong> <\/span>et on est sur le deuxi\u00e8me tome de cette s\u00e9rie. Je vous avoue que j&rsquo;aurais pr\u00e9f\u00e9r\u00e9 lire Elma avant pour mon c\u00f4t\u00e9 psychorigide avec les sagas. A part \u00e7a, commencer par ce tome n&rsquo;a en rien entach\u00e9 ma lecture, j&rsquo;ai pu m&rsquo;y plonger sans manquements. Je reste juste persuad\u00e9e que si j&rsquo;avais lu le premier tome avant, j&rsquo;aurais eu plus d&rsquo;\u00e9l\u00e9ments en ma possession, mais \u00e7a ne reste qu&rsquo;une hypoth\u00e8se que je ne peux pas v\u00e9rifier.<\/p>\n<p style=\"text-align:center;\"><span style=\"color:#008080;\"><strong>Ce bouquin m&rsquo;a sortie de ma zone de confort<\/strong> <\/span>car, finalement, je lis beaucoup de thrillers fran\u00e7ais. Ici, on en est bien loin car on se retrouve en Islande et c&rsquo;est le genre de roman id\u00e9al pour se rafraichir par cette canicule.<\/p>\n<p style=\"text-align:center;\"><span style=\"color:#008080;\"><strong>On commence par un chapitre qui s&rsquo;appelle Naissance<\/strong><\/span> et qui nous emm\u00e8ne dans les pens\u00e9es d&rsquo;une jeune m\u00e8re qui vient d&rsquo;accoucher et qui se sent plut\u00f4t perdue et pas \u00e0 sa place. A travers cette femme, la maternit\u00e9 va \u00eatre abord\u00e9e et j&rsquo;ai aim\u00e9 la fa\u00e7on dont l&rsquo;autrice aborde le th\u00e8me.<\/p>\n<p style=\"text-align:center;\"><span style=\"color:#008080;\"><strong>Ensuite, on fait la connaissance d&rsquo;Elma, une inspectrice de polic<\/strong><\/span><span style=\"color:#339966;\"><strong>e<\/strong><\/span> qui va nous emmener sur une enqu\u00eate suite \u00e0 la d\u00e9couverte du corps d&rsquo;une jeune femme. L&rsquo;autopsie va tr\u00e8s vite nous r\u00e9v\u00e9ler l&rsquo;identit\u00e9 de la personne en question, mais concernant l&rsquo;enqu\u00eate, c&rsquo;est autre chose, on va \u00e9mettre des hypoth\u00e8ses avec nos enqu\u00eateurs et on va se faire mener par le bout du nez tout au long de l&rsquo;histoire.<\/p>\n<p style=\"text-align:center;\"><span style=\"color:#008080;\"><strong>L&rsquo;alternance<\/strong> <\/span>entre cette jeune m\u00e8re qu&rsquo;on d\u00e9couvre au d\u00e9but du roman et l&rsquo;enqu\u00eate va donner un certain rythme \u00e0 ce roman et on va tourner les pages pour pouvoir faire le lien entre ces deux histoires tout \u00e0 fait diff\u00e9rentes. L&rsquo;alternance se fera \u00e9galement entre le pass\u00e9 et le pr\u00e9sent et, comme souvent, \u00e7a a bien match\u00e9 chez moi.<\/p>\n<p style=\"text-align:center;\"><span style=\"color:#008080;\"><strong>A travers ce thriller, nous allons faire la connaissance de plusieurs femmes<\/strong> <\/span>d&rsquo;o\u00f9 le titre \u00ab\u00a0Les filles qui mentent\u00a0\u00bb. Nous allons \u00eatre confront\u00e9s \u00e0 des r\u00e9v\u00e9lations, des histoires et des secrets de familles et nous allons nous r\u00e9jouir de la fa\u00e7on dont l&rsquo;autrice a distill\u00e9 tous ces \u00e9l\u00e9ments.<\/p>\n<p style=\"text-align:center;\"><span style=\"color:#008080;\"><strong>Nous allons tourner les pages encore et encore<\/strong><\/span> pour d\u00e9couvrir le fin mot de cette histoire et, une fois arriv\u00e9s au d\u00e9nouement, nous allons nous rendre compte que nous avions \u00e9mis \u00e9norm\u00e9ment d&rsquo;hypoth\u00e8ses sauf celle-l\u00e0 et c&rsquo;est ce qui fait que j&rsquo;ai \u00e9t\u00e9 tr\u00e8s agr\u00e9ablement surprise par la fin.<\/p>\n<p style=\"text-align:center;\"><span style=\"color:#008080;\"><em>Bref, si vous aimez les thrillers nordiques sur fond de mensonges et de secrets de familles, ce roman est fait pour vous, n&rsquo;h\u00e9sitez pas. <a style=\"color:#008080;\" href=\"https:\/\/amzn.to\/3OgaGGM\" target=\"_blank\" rel=\"noopener\">Cliquez ici.<\/a><\/em><\/span><\/p>\n\n\n<figure class=\"wp-block-jetpack-rating-star is-style-outlined\" style=\"text-align:center;\"><span style=\"color:#00d084;\">\u2605<\/span><span style=\"color:#00d084;\">\u2605<\/span><span style=\"color:#00d084;\">\u2605<\/span><span style=\"color:#00d084;\">\u2605<\/span><\/figure>\n","protected":false},"excerpt":{"rendered":"<p>Hey hey les geekos, on se retrouve aujourd&rsquo;hui pour parler thriller avec \u00ab\u00a0Les filles qui mentent\u00a0\u00bb de Eva Bj\u00f6rg \u00c6gisd\u00f3ttir aux \u00c9ditions de la Martini\u00e8re. Une jeune m\u00e8re d\u00e9sesp\u00e9r\u00e9e se tient immobile dans une maternit\u00e9, incapable de regarder son propre enfant qui vient de na\u00eetre. C\u2019est le d\u00e9but d\u2019une relation \u00e9trange et bris\u00e9e entre la [&hellip;]<\/p>\n","protected":false},"author":4,"featured_media":75933,"comment_status":"open","ping_status":"open","sticky":false,"template":"","format":"standard","meta":{"saved_in_kubio":false,"footnotes":""},"categories":[33],"tags":[8218,8985,16876,20619,29540,29550],"class_list":["post-75930","post","type-post","status-publish","format-standard","has-post-thumbnail","hentry","category-litterature","tag-editions-de-la-martiniere","tag-eva-bjorg-aegisdottir","tag-les-filles-qui-mentent","tag-netgalley-france","tag-thriller","tag-thriller-psychologique"],"_links":{"self":[{"href":"https:\/\/geek-o-polis.com\/index.php\/wp-json\/wp\/v2\/posts\/75930","targetHints":{"allow":["GET"]}}],"collection":[{"href":"https:\/\/geek-o-polis.com\/index.php\/wp-json\/wp\/v2\/posts"}],"about":[{"href":"https:\/\/geek-o-polis.com\/index.php\/wp-json\/wp\/v2\/types\/post"}],"author":[{"embeddable":true,"href":"https:\/\/geek-o-polis.com\/index.php\/wp-json\/wp\/v2\/users\/4"}],"replies":[{"embeddable":true,"href":"https:\/\/geek-o-polis.com\/index.php\/wp-json\/wp\/v2\/comments?post=75930"}],"version-history":[{"count":0,"href":"https:\/\/geek-o-polis.com\/index.php\/wp-json\/wp\/v2\/posts\/75930\/revisions"}],"wp:featuredmedia":[{"embeddable":true,"href":"https:\/\/geek-o-polis.com\/index.php\/wp-json\/"}],"wp:attachment":[{"href":"https:\/\/geek-o-polis.com\/index.php\/wp-json\/wp\/v2\/media?parent=75930"}],"wp:term":[{"taxonomy":"category","embeddable":true,"href":"https:\/\/geek-o-polis.com\/index.php\/wp-json\/wp\/v2\/categories?post=75930"},{"taxonomy":"post_tag","embeddable":true,"href":"https:\/\/geek-o-polis.com\/index.php\/wp-json\/wp\/v2\/tags?post=75930"}],"curies":[{"name":"wp","href":"https:\/\/api.w.org\/{rel}","templated":true}]}}