{"id":73253,"date":"2022-05-02T09:00:00","date_gmt":"2022-05-02T07:00:00","guid":{"rendered":"https:\/\/geek-o-polis.com\/?p=73253"},"modified":"2022-05-02T09:00:00","modified_gmt":"2022-05-02T07:00:00","slug":"reflex-de-maud-mayeras","status":"publish","type":"post","link":"https:\/\/geek-o-polis.com\/index.php\/2022\/05\/02\/reflex-de-maud-mayeras\/","title":{"rendered":"Reflex de Maud Mayeras"},"content":{"rendered":"<p style=\"text-align:center;\">Hey hey les geekos, on se retrouve aujourd&rsquo;hui avec un thriller et il s&rsquo;agit de<strong> \u00ab\u00a0Reflex\u00a0\u00bb de Maud Mayeras que j&rsquo;ai lu aux \u00c9ditions Pocket.<\/strong><\/p>\n<blockquote>\n<p style=\"text-align:center;\"><span style=\"color:#ff99cc;\"><em><span style=\"color:#ff99cc;\">Iris Baudry est photographe de l&rsquo;identit\u00e9 judiciaire. Disponible nuit et jour, elle est appel\u00e9e sur des sc\u00e8nes de crime pour immortaliser les corps martyris\u00e9s des victimes. Iris est discr\u00e8te, obsessionnelle, d\u00e9termin\u00e9e. Elle shoote en rafales des cadavres pour oublier celui de son fils, sauvagement assassin\u00e9 onze ans auparavant. Mais une nouvelle affaire va la ramener au c\u0153ur\u00a0de son cauchemar : dans cette ville maudite o\u00f9 son fils a disparu, l\u00e0 o\u00f9 son croque-mitaine de m\u00e8re garde quelques hideux secrets enfouis dans sa d\u00e9mence, l\u00e0 ou s\u00e9vit un tueur en s\u00e9rie dont la fa\u00e7on d&rsquo;\u00e9corcher ses victimes en rappelle une autre. La canicule ass\u00e8che la ville, d\u00e9trempe les corps et \u00e9chauffe les esprits, les monstres se r\u00e9v\u00e8lent et le brasier qu&rsquo;Iris croyait \u00e9teint va s&rsquo;enflammer \u00e0 nouveau dans l&rsquo;objectif de son reflex.<\/span><\/em><\/span><\/p>\n<\/blockquote>\n<p><img loading=\"lazy\" decoding=\"async\" class=\" wp-image-73256 aligncenter\" src=\"https:\/\/geek-o-polis.com\/wp-content\/uploads\/2022\/03\/reflex.jpg\" alt=\"Reflex\" width=\"350\" height=\"574\" \/><\/p>\n<p style=\"text-align:center;\"><span style=\"color:#ff99cc;\"><strong>Ce roman me faisait de l&rsquo;\u0153il depuis un moment<\/strong><\/span> et quand <a href=\"https:\/\/www.youtube.com\/user\/katarz18\" target=\"_blank\" rel=\"noopener\">Katz de la chaine Livre et Sac \u00e0 dos<\/a> m&rsquo;a propos\u00e9 de le lire avec elle et J\u00e9r\u00f4me du compte Instagram <a href=\"https:\/\/www.instagram.com\/jeje_bouquine\/\" target=\"_blank\" rel=\"noopener\">jeje_bouquine<\/a>, j&rsquo;ai saut\u00e9 sur l&rsquo;occasion pour le sortir de ma PAL. Finalement, c&rsquo;est une belle d\u00e9couverte.<\/p>\n<p style=\"text-align:center;\"><span style=\"color:#ff99cc;\"><strong>On fait donc la connaissance d&rsquo;Iris Baudry<\/strong><\/span> qui est photographe de l&rsquo;identit\u00e9 judiciaire et va \u00eatre appel\u00e9e sur une affaire par le lieutenant Reisse. Elle ne va pas se poser de questions et va s&rsquo;y rendre mais, quand elle va arriver sur les lieux, son pass\u00e9 va refaire surface. Nous allons la suivre et revivre avec elle ce pass\u00e9, son fils qui est d\u00e9c\u00e9d\u00e9 et \u00e9galement comprendre certaines choses sur sa maman, mais je ne vous en dirai pas plus car je pr\u00e9f\u00e8re vous laisser d\u00e9couvrir par vous-m\u00eame. Je vous avoue,qu&rsquo;au d\u00e9part, j&rsquo;ai cru que ma lecture serait p\u00e9nible, il m&rsquo;a fallu 50 pages pour entrer dans l&rsquo;histoire.<\/p>\n<p style=\"text-align:center;\"><span style=\"color:#ff99cc;\"><strong>En parall\u00e8le, nous allons suivre Julie Carville<\/strong> <\/span>et, \u00e0 certains moments, je me suis beaucoup plus attach\u00e9e \u00e0 Julie qu&rsquo;\u00e0 Iris. Je n&rsquo;ai pas trop envie de vous en dire trop sur Julie car tr\u00e8s vite, je risque de vous spoiler son histoire. On va donc alterner entre Julie et Iris et on va tourner les pages pour trouver le point commun entre ces deux personnes. Il y aura \u00e9galement une alternance de temps, car avec Julie on ne sera pas au m\u00eame moment et j&rsquo;ai aim\u00e9 alterner entre ces deux \u00e9poques.\u00a0<\/p>\n<p style=\"text-align:center;\"><span style=\"color:#ff99cc;\"><strong>Bon, j&rsquo;avoue, \u00e7a aurait pu \u00eatre un coup de c\u0153ur,<\/strong><\/span> mais j&rsquo;ai trouv\u00e9 certaines longueurs \u00e0 ce roman et c&rsquo;\u00e9tait p\u00e9nible, ces p\u00e9riodes creuses. Ces longueurs, je les ai ressenties du c\u00f4t\u00e9 d&rsquo;Iris, mais jamais du c\u00f4t\u00e9 de Julie. Ce roman est consid\u00e9r\u00e9 comme un thriller, et pourtant, le rythme est vraiment lent \u00e0 certains moments. Heureusement, les chapitres sont courts et \u00e7a nous permet de ne pas perdre pied et de rester accroch\u00e9s \u00e0 l&rsquo;histoire.<\/p>\n<p style=\"text-align:center;\"><span style=\"color:#ff99cc;\"><strong>Vous l&rsquo;aurez compris, les gros points positifs de ce roman<\/strong> <\/span>sont les alternances de points de vue, mais aussi les chapitres courts qui tiennent en haleine, mais le meilleur moment reste la r\u00e9v\u00e9lation de la fin que je n&rsquo;ai pas vue venir. Je suis vraiment ravie de m&rsquo;\u00eatre accroch\u00e9e malgr\u00e9 les longueurs, car ce final est vraiment tr\u00e8s bien jou\u00e9. A partir de ce moment-l\u00e0, il est impossible de l\u00e2cher ce roman.<\/p>\n<p style=\"text-align:center;\"><span style=\"color:#ff99cc;\"><em>Bref, si vous aimez les romans avec alternances de points de vue et les chapitres courts, je pense que Reflex pourra vous plaire et j&rsquo;esp\u00e8re que, comme moi, vous arriverez \u00e0 passer outre ces longueurs.<\/em><\/span><\/p>\n\n\n<figure class=\"wp-block-jetpack-rating-star\" style=\"text-align:center;\"><span style=\"color:#f78da7;\">\u2605<\/span><span style=\"color:#f78da7;\">\u2605<\/span><span style=\"color:#f78da7;\">\u2605<\/span><span style=\"color:#f78da7;\">\u2605<\/span><\/figure>\n","protected":false},"excerpt":{"rendered":"<p>Hey hey les geekos, on se retrouve aujourd&rsquo;hui avec un thriller et il s&rsquo;agit de \u00ab\u00a0Reflex\u00a0\u00bb de Maud Mayeras que j&rsquo;ai lu aux \u00c9ditions Pocket. Iris Baudry est photographe de l&rsquo;identit\u00e9 judiciaire. Disponible nuit et jour, elle est appel\u00e9e sur des sc\u00e8nes de crime pour immortaliser les corps martyris\u00e9s des victimes. Iris est discr\u00e8te, obsessionnelle, [&hellip;]<\/p>\n","protected":false},"author":4,"featured_media":73349,"comment_status":"open","ping_status":"open","sticky":false,"template":"","format":"standard","meta":{"saved_in_kubio":false,"footnotes":""},"categories":[33],"tags":[18752,24208,29540],"class_list":["post-73253","post","type-post","status-publish","format-standard","has-post-thumbnail","hentry","category-litterature","tag-maud-mayeras","tag-reflex","tag-thriller"],"_links":{"self":[{"href":"https:\/\/geek-o-polis.com\/index.php\/wp-json\/wp\/v2\/posts\/73253","targetHints":{"allow":["GET"]}}],"collection":[{"href":"https:\/\/geek-o-polis.com\/index.php\/wp-json\/wp\/v2\/posts"}],"about":[{"href":"https:\/\/geek-o-polis.com\/index.php\/wp-json\/wp\/v2\/types\/post"}],"author":[{"embeddable":true,"href":"https:\/\/geek-o-polis.com\/index.php\/wp-json\/wp\/v2\/users\/4"}],"replies":[{"embeddable":true,"href":"https:\/\/geek-o-polis.com\/index.php\/wp-json\/wp\/v2\/comments?post=73253"}],"version-history":[{"count":0,"href":"https:\/\/geek-o-polis.com\/index.php\/wp-json\/wp\/v2\/posts\/73253\/revisions"}],"wp:featuredmedia":[{"embeddable":true,"href":"https:\/\/geek-o-polis.com\/index.php\/wp-json\/"}],"wp:attachment":[{"href":"https:\/\/geek-o-polis.com\/index.php\/wp-json\/wp\/v2\/media?parent=73253"}],"wp:term":[{"taxonomy":"category","embeddable":true,"href":"https:\/\/geek-o-polis.com\/index.php\/wp-json\/wp\/v2\/categories?post=73253"},{"taxonomy":"post_tag","embeddable":true,"href":"https:\/\/geek-o-polis.com\/index.php\/wp-json\/wp\/v2\/tags?post=73253"}],"curies":[{"name":"wp","href":"https:\/\/api.w.org\/{rel}","templated":true}]}}