{"id":70929,"date":"2022-02-26T13:00:00","date_gmt":"2022-02-26T12:00:00","guid":{"rendered":"https:\/\/geek-o-polis.com\/?p=70929"},"modified":"2022-02-26T13:00:00","modified_gmt":"2022-02-26T12:00:00","slug":"realme-annonce-le-debut-des-ventes-de-la-serie-9-en-france","status":"publish","type":"post","link":"https:\/\/geek-o-polis.com\/index.php\/2022\/02\/26\/realme-annonce-le-debut-des-ventes-de-la-serie-9-en-france\/","title":{"rendered":"realme annonce le d\u00e9but des ventes de la S\u00e9rie 9 en France"},"content":{"rendered":"<p style=\"text-align:center;\"><span style=\"color:#ff6600;\"><strong>realme, la marque de smartphones \u00e0 la croissance la plus rapide au monde, est heureuse d\u2019annoncer aujourd\u2019hui le d\u00e9but des ventes de la S\u00e9rie 9 en France. Les 9 Pro+, 9 Pro et 9i, sont d\u00e9sormais disponibles sur Amazon, Fnac-Darty, Cdiscount, Bouygues et sur le site officiel de realme.<\/strong><\/span><\/p>\n<p style=\"text-align:center;\"><span style=\"color:#ff6600;\"><strong>Le 9 Pro+\u00a0: le premier smartphone milieu de gamme offrant un appareil photo premium<\/strong><\/span><\/p>\n<p style=\"text-align:center;\">Le 9 Pro+ de realme est le premier smartphone <strong>\u00e0 proposer l\u2019impressionnant module photo Sony IMX766 OIS dans un appareil milieu de gamme<\/strong>. Dot\u00e9 d\u2019un\u00a0<strong>design \u00ab\u00a0cam\u00e9l\u00e9on\u00a0\u00bb, qui change \u00e0 la lumi\u00e8re du soleil<\/strong>, il est \u00e9galement aliment\u00e9 par le processeur Dimensity 920 5G, promettant de belles performances \u00e0 ses utilisateurs. \u00c0 noter \u00e9galement, des\u00a0<strong>haut-parleurs Dolby Atmos et une charge Super Dart de 60W<\/strong>.<\/p>\n<p style=\"text-align:center;\"><span style=\"color:#ff6600;\"><strong>Prix et disponibilit\u00e9s du 9 Pro+\u00a0:<\/strong><\/span><\/p>\n<ul style=\"text-align:center;\">\n<li><strong>Dans le cadre des early birds du 23 au 27 f\u00e9vrier<\/strong>, le 9 Pro+\u00a0<em>(version 6+128GB)<\/em>\u00a0<strong>b\u00e9n\u00e9ficiera de\u00a0<\/strong><a href=\"https:\/\/buy.realme.com\/fr\/goods\/196\" target=\"_blank\" rel=\"noopener\"><strong>30 euros de r\u00e9duction sur le site de realme<\/strong><\/a><strong>, mais \u00e9galement aupr\u00e8s de la Fnac-Darty, Cdiscount et Bouygues<\/strong>\u00a0et sera disponible \u00e0 partir de\u00a0<strong>349,99 euros. La version 8+256GB b\u00e9n\u00e9ficiera \u00e9galement de 30 euros de r\u00e9duction, pour \u00eatre disponible au prix de 399,99 euros sur le site de realme et des partenaires revendeurs.<\/strong><\/li>\n<li><strong>Le 9 Pro+<\/strong>\u00a0<em>(version 6+128GB)\u00a0<\/em>est disponible en\u00a0<strong>3<\/strong>\u00a0<strong>coloris\u00a0: Vert aurore, Bleu aube et Noir minuit<\/strong>\u00a0sur le site de <a href=\"https:\/\/buy.realme.com\/fr\/goods\/196\" target=\"_blank\" rel=\"noopener\">realme<\/a>\u00a0et aupr\u00e8s d\u2019<a href=\"https:\/\/www.amazon.fr\/dp\/B09PBVBXQK\" target=\"_blank\" rel=\"noopener\">Amazon<\/a>\u00a0au prix de\u00a0<strong>379,99 euros.<\/strong><\/li>\n<li>Le<strong>\u00a09 Pro+\u00a0<\/strong><em>(version 8+256GB)\u00a0<\/em>est disponible sur le site de <a href=\"https:\/\/buy.realme.com\/fr\/goods\/196\" target=\"_blank\" rel=\"noopener\">realme<\/a>\u00a0et aupr\u00e8s d\u2019<a href=\"https:\/\/www.amazon.fr\/dp\/B09PBVC52F\" target=\"_blank\" rel=\"noopener\">Amazon<\/a>\u00a0<strong>au prix de 429,99 euros.<\/strong><\/li>\n<\/ul>\n<p style=\"text-align:center;\"><span style=\"color:#ff6600;\"><strong>Le 9 Pro\u00a0: un milieu de gamme \u00e0 l\u2019\u00e9preuve du futur avec son processeur 5G<\/strong><\/span><\/p>\n<p style=\"text-align:center;\">Avec son\u00a0<strong>processeur Qualcomm Snapdragon 695 5G<\/strong>, le 9 Pro offre des performances exceptionnelles. Dot\u00e9 lui aussi du\u00a0<strong>design polychromique \u00ab\u00a0cam\u00e9l\u00e9on\u00a0\u00bb et d\u2019un triple appareil photo de 64 Mpx avec un mode Street 2.0 exclusif,<\/strong>\u00a0ce smartphone milieu de gamme bas\u00e9 sur Android 12 saura satisfaire les utilisateurs \u00e0 la recherche de performances \u00e0 petits prix.<\/p>\n<p style=\"text-align:center;\"><span style=\"color:#ff6600;\"><strong>Prix et disponibilit\u00e9 du 9 Pro\u00a0:<\/strong><\/span><\/p>\n<ul style=\"text-align:center;\">\n<li><strong>Dans le cadre des early birds du 23 au 27 f\u00e9vrier, le 9 Pro\u00a0<\/strong><em>(version 6+128GB)\u00a0<\/em><strong>b\u00e9n\u00e9ficiera de\u00a0<\/strong><a href=\"https:\/\/buy.realme.com\/fr\/goods\/197\" target=\"_blank\" rel=\"noopener\"><strong>20 euros de r\u00e9duction sur le site de realme,<\/strong><\/a>\u00a0<strong>mais \u00e9galement aupr\u00e8s de la Fnac-Darty, Cdiscount et Bouygues<\/strong>\u00a0et sera disponible \u00e0 partir de\u00a0<strong>299,99 euros.\u00a0<\/strong>La version 8+128GB b\u00e9n\u00e9ficiera quant \u00e0 elle<strong>\u00a0de 30 euros de r\u00e9duction, pour \u00eatre disponible au prix de 319,99 euros sur le\u00a0<\/strong><a href=\"https:\/\/buy.realme.com\/fr\/goods\/197\" target=\"_blank\" rel=\"noopener\"><strong>site de realme<\/strong><\/a><strong>\u00a0et des partenaires revendeurs.<\/strong><\/li>\n<li>Le 9 Pro (version 6+128GB) est disponible en 3 coloris\u00a0: Vert aurore, Bleu aube et Noir minuit sur le site de <a href=\"https:\/\/buy.realme.com\/fr\/goods\/197\" target=\"_blank\" rel=\"noopener\">realme<\/a>\u00a0au prix de 319,99 euros.<\/li>\n<li>Le 9 Pro (version 8+128GB) est disponible sur le site de <a href=\"https:\/\/buy.realme.com\/fr\/goods\/197\" target=\"_blank\" rel=\"noopener\">realme <\/a>au prix de 349,99 euros.<\/li>\n<li><\/li>\n<\/ul>\n<p style=\"text-align:center;\"><span style=\"color:#ff6600;\"><strong>Le 9i\u00a0: une puissance de niveau sup\u00e9rieur<\/strong><\/span><\/p>\n<p style=\"text-align:center;\"><strong>Le 9i est \u00e9quip\u00e9 du premier processeur 6nm \u00e0 moins de 200 euros en Europe,<\/strong>\u00a0le Qualcomm Snapdragon 680. Il dispose \u00e9galement d\u2019un \u00e9cran ultra fluide de 90 Hz. Disponible en deux coloris, le realme\u00a0<strong>9i apporte son lot de surprises \u00e0 des prix d\u00e9fiants toute concurrence.<\/strong><\/p>\n<p style=\"text-align:center;\"><span style=\"color:#ff6600;\"><strong>Prix et disponibilit\u00e9 du 9i\u00a0:<\/strong><\/span><\/p>\n<ul>\n<li style=\"text-align:center;\"><strong>Dans le cadre des early birds du 23 au 27 f\u00e9vrier, le 9i (version 4+64GB) b\u00e9n\u00e9ficiera de\u00a0<\/strong><a href=\"https:\/\/buy.realme.com\/fr\/goods\/195\" target=\"_blank\" rel=\"noopener\"><strong>20 euros de r\u00e9duction sur le site de realme,<\/strong><\/a>\u00a0<strong>mais \u00e9galement aupr\u00e8s de la Fnac-Darty, Cdiscount et Bouygues<\/strong>\u00a0et sera disponible \u00e0 partir de\u00a0<strong>199,90 euros.<\/strong>\u00a0La version 4+128GB b\u00e9n\u00e9ficiera \u00e9galement de<strong>\u00a020 euros de r\u00e9ductions pour \u00eatre disponible \u00e0 219,90 euros\u00a0<\/strong><a href=\"https:\/\/buy.realme.com\/fr\/goods\/195\" target=\"_blank\" rel=\"noopener\"><strong>sur le site de realme<\/strong><\/a><strong>\u00a0et aupr\u00e8s des partenaires revendeurs.<\/strong><\/li>\n<li style=\"text-align:center;\">Le 9i (version 4+64GB) est disponible en 2 coloris\u00a0: Bleu prisme et Noir prisme sur\u00a0<a href=\"https:\/\/buy.realme.com\/fr\/goods\/195\" target=\"_blank\" rel=\"noopener\">le site de realme<\/a>\u00a0et aupr\u00e8s d\u2019<a href=\"https:\/\/www.amazon.fr\/dp\/B09PBVNRMM\" target=\"_blank\" rel=\"noopener\">Amazon<\/a>\u00a0au prix de 219,99 euros.<\/li>\n<li style=\"text-align:center;\">Le 9i (version 4+128GB) est disponible sur\u00a0<a href=\"https:\/\/buy.realme.com\/fr\/goods\/195\" target=\"_blank\" rel=\"noopener\">le site de realme<\/a>\u00a0et aupr\u00e8s d\u2019<a href=\"https:\/\/www.amazon.fr\/dp\/B09PBX6DMN\" target=\"_blank\" rel=\"noopener\">Amazon<\/a>\u00a0au prix de 239,99 euros.<\/li>\n<\/ul>\n<p><iframe loading=\"lazy\" title=\"Realme 9 Pro Plus \u2764\ufe0f La smartphone qui change de couleur !\" width=\"500\" height=\"281\" src=\"https:\/\/www.youtube.com\/embed\/CKEY-VPTQBE?feature=oembed\" frameborder=\"0\" allow=\"accelerometer; autoplay; clipboard-write; encrypted-media; gyroscope; picture-in-picture; web-share\" referrerpolicy=\"strict-origin-when-cross-origin\" allowfullscreen><\/iframe><\/p>\n","protected":false},"excerpt":{"rendered":"<p>realme, la marque de smartphones \u00e0 la croissance la plus rapide au monde, est heureuse d\u2019annoncer aujourd\u2019hui le d\u00e9but des ventes de la S\u00e9rie 9 en France. Les 9 Pro+, 9 Pro et 9i, sont d\u00e9sormais disponibles sur Amazon, Fnac-Darty, Cdiscount, Bouygues et sur le site officiel de realme. Le 9 Pro+\u00a0: le premier smartphone [&hellip;]<\/p>\n","protected":false},"author":2,"featured_media":70931,"comment_status":"open","ping_status":"open","sticky":false,"template":"","format":"standard","meta":{"saved_in_kubio":false,"footnotes":""},"categories":[47],"tags":[327,328,24079,25693],"class_list":["post-70929","post","type-post","status-publish","format-standard","has-post-thumbnail","hentry","category-technologies","tag-9i","tag-9pro","tag-realme","tag-serie-9"],"_links":{"self":[{"href":"https:\/\/geek-o-polis.com\/index.php\/wp-json\/wp\/v2\/posts\/70929","targetHints":{"allow":["GET"]}}],"collection":[{"href":"https:\/\/geek-o-polis.com\/index.php\/wp-json\/wp\/v2\/posts"}],"about":[{"href":"https:\/\/geek-o-polis.com\/index.php\/wp-json\/wp\/v2\/types\/post"}],"author":[{"embeddable":true,"href":"https:\/\/geek-o-polis.com\/index.php\/wp-json\/wp\/v2\/users\/2"}],"replies":[{"embeddable":true,"href":"https:\/\/geek-o-polis.com\/index.php\/wp-json\/wp\/v2\/comments?post=70929"}],"version-history":[{"count":0,"href":"https:\/\/geek-o-polis.com\/index.php\/wp-json\/wp\/v2\/posts\/70929\/revisions"}],"wp:featuredmedia":[{"embeddable":true,"href":"https:\/\/geek-o-polis.com\/index.php\/wp-json\/"}],"wp:attachment":[{"href":"https:\/\/geek-o-polis.com\/index.php\/wp-json\/wp\/v2\/media?parent=70929"}],"wp:term":[{"taxonomy":"category","embeddable":true,"href":"https:\/\/geek-o-polis.com\/index.php\/wp-json\/wp\/v2\/categories?post=70929"},{"taxonomy":"post_tag","embeddable":true,"href":"https:\/\/geek-o-polis.com\/index.php\/wp-json\/wp\/v2\/tags?post=70929"}],"curies":[{"name":"wp","href":"https:\/\/api.w.org\/{rel}","templated":true}]}}