{"id":7008,"date":"2020-07-30T13:51:14","date_gmt":"2020-07-30T11:51:14","guid":{"rendered":"http:\/\/geek-o-polis.com\/?p=7008"},"modified":"2020-07-30T13:51:14","modified_gmt":"2020-07-30T11:51:14","slug":"liris-noir-a-besoin-de-vous","status":"publish","type":"post","link":"https:\/\/geek-o-polis.com\/index.php\/2020\/07\/30\/liris-noir-a-besoin-de-vous\/","title":{"rendered":"L&rsquo;Iris noir a besoin de vous"},"content":{"rendered":"<p style=\"text-align:center;\"><strong><span style=\"color:#993366;\">Hey hey les geekos, comme vous le savez cette ann\u00e9e a \u00e9t\u00e9 tr\u00e8s noire que ce soit pour les salons et les conventions, c&rsquo;est pourquoi aujourd&rsquo;hui je viens vous parler de l&rsquo;Iris Noir.<\/span><\/strong><\/p>\n<p><img loading=\"lazy\" decoding=\"async\" class=\" wp-image-7014 aligncenter\" src=\"https:\/\/geek-o-polis.com\/wp-content\/uploads\/2020\/07\/116707842_2843031192475288_8859916309535980486_o.jpg\" alt=\"116707842_2843031192475288_8859916309535980486_o\" width=\"427\" height=\"308\" \/><\/p>\n<p style=\"text-align:center;\"><span style=\"text-decoration:underline;color:#800000;\"><strong>Mais qu&rsquo;est-ce que l&rsquo;Iris Noir?<\/strong><\/span><\/p>\n<p style=\"text-align:center;\">C&rsquo;est un salon qui a \u00e9t\u00e9 cr\u00e9\u00e9 l&rsquo;ann\u00e9e derni\u00e8re par des passionn\u00e9s de lecture et qui tourne autour de la litt\u00e9rature noire que ce soit le thriller, le polar ou encore le roman noir. Je devais \u00eatre \u00e0 la premi\u00e8re \u00e9dition, mais j&rsquo;ai malheureusement eu un impr\u00e9vu et, autant vous dire que je le regrette, car ce tout premier \u00e9pisode de l&rsquo;Iris Noir a cartonn\u00e9 bien plus que les organisateurs n&rsquo;auraient pu l&rsquo;imaginer.<\/p>\n<p style=\"text-align:center;\"><span style=\"text-decoration:underline;color:#800000;\"><strong>Pourquoi je viens vous parler de l&rsquo;Iris Noir?<\/strong><\/span><\/p>\n<p style=\"text-align:center;\">Parce que cette ann\u00e9e, la deuxi\u00e8me \u00e9dition <span style=\"color:#993366;\"><strong>doit avoir lieu le week-end du 31 octobre et du 1er novembre,<\/strong><\/span> mais nos organisateurs gal\u00e8rent \u00e0 trouver des subsides suite \u00e0 la crise sanitaire que nous traversons actuellement. Imaginez, ils nous ont tout organis\u00e9 aux petits oignons et se sont fait refuser les subsides. <span style=\"color:#993366;\"><strong>Un parrain comme C\u00e9dric Sire, une marraine comme Barbara Abel c&rsquo;est quand m\u00eame du gros on est d&rsquo;accord.\u00a0<\/strong><\/span><\/p>\n<p style=\"text-align:center;\">Mais nos organisateurs ont d\u00e9cid\u00e9 de faire la part belle \u00e0 tout le monde que ce soit les auteurs plus connus et les auteurs moins connus. <span style=\"color:#993366;\"><strong>Ils ont jou\u00e9 sur la r\u00e8gle du 1\/3 pour \u00e7a, en ayant au salon des auteurs plus connus, des auteurs moyennement connus et des auteurs tr\u00e8s peu connus, ce que je trouve g\u00e9nial.<\/strong><\/span><\/p>\n<p><img loading=\"lazy\" decoding=\"async\" class=\" wp-image-7013 aligncenter\" src=\"https:\/\/geek-o-polis.com\/wp-content\/uploads\/2020\/07\/organisateurs.jpg\" alt=\"organisateurs\" width=\"443\" height=\"443\" \/><\/p>\n<p>\u00a0<\/p>\n<p style=\"text-align:center;\"><span style=\"text-decoration:underline;color:#800000;\"><strong>Comment ce salon va-t-il se passer s&rsquo;ils n&rsquo;ont pas les subsides ?<\/strong><\/span><\/p>\n<p style=\"text-align:center;\">Et c&rsquo;est l\u00e0 que vous passionn\u00e9s de lecture, intervenez,<span style=\"color:#ff0000;\"> c<\/span><strong><span style=\"color:#ff0000;\">ar ils ont lanc\u00e9 un Ulule et il leur reste 5 jours pour atteindre leur objectif.<\/span>\u00a0<\/strong> Imaginez si pour le peu de temps qu&rsquo;il leur reste chacun de nous mettait 10 \u20ac pour les soutenir, nous pourrions les aider \u00e0 continuer \u00e0 r\u00e9aliser leur r\u00eave et la deuxi\u00e8me \u00e9dition pourrait avoir lieu.<\/p>\n<p style=\"text-align:center;\"><strong><span style=\"color:#ff0000;\">Je vous laisse avec le lien vers leur <a style=\"color:#ff0000;\" href=\"https:\/\/fr.ulule.com\/irisnoirbruxelles\/?fbclid=IwAR1UiBwCHuXqC-n3AVg8VQIo46r3YCjg0FStRebxJ_RbVXzHM0MbmN6b_Ok\" target=\"_blank\" rel=\"noopener\">Ulule<\/a> et <a style=\"color:#ff0000;\" href=\"https:\/\/www.facebook.com\/IrisNoirBxl\/\" target=\"_blank\" rel=\"noopener\">leur page facebook<\/a> o\u00f9 vous pourrez en apprendre plus et d\u00e9couvrir les auteurs invit\u00e9s sur le salon.<\/span><\/strong><\/p>\n<p style=\"text-align:center;\"><strong><span style=\"color:#993366;\">Ils comptent sur nous \ud83d\ude42<\/span><\/strong><\/p>\n\n\n<p><\/p>\n","protected":false},"excerpt":{"rendered":"<p>Hey hey les geekos, comme vous le savez cette ann\u00e9e a \u00e9t\u00e9 tr\u00e8s noire que ce soit pour les salons et les conventions, c&rsquo;est pourquoi aujourd&rsquo;hui je viens vous parler de l&rsquo;Iris Noir. Mais qu&rsquo;est-ce que l&rsquo;Iris Noir? C&rsquo;est un salon qui a \u00e9t\u00e9 cr\u00e9\u00e9 l&rsquo;ann\u00e9e derni\u00e8re par des passionn\u00e9s de lecture et qui tourne [&hellip;]<\/p>\n","protected":false},"author":4,"featured_media":0,"comment_status":"open","ping_status":"open","sticky":false,"template":"","format":"standard","meta":{"saved_in_kubio":false,"footnotes":""},"categories":[9,7],"tags":[2840,4062,4624,13099,15802,23356,25389,30514],"class_list":["post-7008","post","type-post","status-publish","format-standard","hentry","category-bla-bla","category-evenement","tag-barbara-abel","tag-bruxelles","tag-cedric-sire","tag-iris-noir","tag-la-librairie-noire","tag-projet-ulule","tag-salon-du-livre","tag-ulule"],"_links":{"self":[{"href":"https:\/\/geek-o-polis.com\/index.php\/wp-json\/wp\/v2\/posts\/7008","targetHints":{"allow":["GET"]}}],"collection":[{"href":"https:\/\/geek-o-polis.com\/index.php\/wp-json\/wp\/v2\/posts"}],"about":[{"href":"https:\/\/geek-o-polis.com\/index.php\/wp-json\/wp\/v2\/types\/post"}],"author":[{"embeddable":true,"href":"https:\/\/geek-o-polis.com\/index.php\/wp-json\/wp\/v2\/users\/4"}],"replies":[{"embeddable":true,"href":"https:\/\/geek-o-polis.com\/index.php\/wp-json\/wp\/v2\/comments?post=7008"}],"version-history":[{"count":0,"href":"https:\/\/geek-o-polis.com\/index.php\/wp-json\/wp\/v2\/posts\/7008\/revisions"}],"wp:attachment":[{"href":"https:\/\/geek-o-polis.com\/index.php\/wp-json\/wp\/v2\/media?parent=7008"}],"wp:term":[{"taxonomy":"category","embeddable":true,"href":"https:\/\/geek-o-polis.com\/index.php\/wp-json\/wp\/v2\/categories?post=7008"},{"taxonomy":"post_tag","embeddable":true,"href":"https:\/\/geek-o-polis.com\/index.php\/wp-json\/wp\/v2\/tags?post=7008"}],"curies":[{"name":"wp","href":"https:\/\/api.w.org\/{rel}","templated":true}]}}