{"id":6878,"date":"2021-01-11T09:00:00","date_gmt":"2021-01-11T08:00:00","guid":{"rendered":"http:\/\/geek-o-polis.com\/?p=6878"},"modified":"2021-01-11T09:00:00","modified_gmt":"2021-01-11T08:00:00","slug":"ou-es-tu-kamille-de-gilles-debouverie","status":"publish","type":"post","link":"https:\/\/geek-o-polis.com\/index.php\/2021\/01\/11\/ou-es-tu-kamille-de-gilles-debouverie\/","title":{"rendered":"O\u00f9 es-tu Kamille ? de Gilles Debouverie"},"content":{"rendered":"<p style=\"text-align:center;\">Hey hey les geekos, on se retrouve aujourd&rsquo;hui pour parler livres avec un thriller que j&rsquo;ai mis bien trop de temps avant de d\u00e9couvrir. Il s&rsquo;agit de O\u00f9 es-tu Kamille ? de Gilles Debouverie.<\/p>\n<blockquote>\n<p style=\"text-align:center;\"><span style=\"color:#ffcc00;\">La petite Camille, 6 ans, a disparu pr\u00e8s de Douai. L&rsquo;enqu\u00eate revient aux lieutenants Maroun et Carpentier. \u00c9trangement, ce dernier est tr\u00e8s affect\u00e9 par l&rsquo;\u00e9v\u00e9nement. V\u00e9ritablement obs\u00e9d\u00e9 par ses recherches, le flic se rapproche de la m\u00e8re de la fillette. Il noue avec elle une relation inattendue. Au contact de cette femme ambigu\u00eb, Carpentier replonge dans de lourds secrets de famille. S&rsquo;engage alors une lutte contre la folie qui semble tous les guetter. Mais aussi contre un pr\u00e9dateur redoutable qui vient rebattre les cartes. Le but ultime du policier ne change pourtant pas : il sauvera Camille. Co\u00fbte que co\u00fbte.<\/span><\/p>\n<\/blockquote>\n<p><img loading=\"lazy\" decoding=\"async\" class=\" wp-image-21184 aligncenter\" src=\"https:\/\/geek-o-polis.com\/wp-content\/uploads\/2020\/12\/131567761_1075964619522034_703515178018211398_n.jpg\" alt=\"131567761_1075964619522034_703515178018211398_n\" width=\"313\" height=\"436\"><\/p>\n<p style=\"text-align:center;\">Ah, ce roman ! Pourquoi ai-je attendu si longtemps avant de le d\u00e9couvrir ? Il a fallu que je croise Gilles au salon du polar du Tourcoing pour d\u00e9couvrir Kamille et l&rsquo;ajouter \u00e0 ma PAL. Bon, je l&rsquo;avoue, il y est rest\u00e9 un moment et je ne sais pas pourquoi d&rsquo;ailleurs, honte \u00e0 moi, <strong>car ce roman fait partie de mes coups de c\u0153ur de l&rsquo;ann\u00e9e 2020.<\/strong><\/p>\n<p style=\"text-align:center;\">Encore une fois, ce qui fait plaisir, c&rsquo;est de se retrouver dans le Pas-de-Calais, m\u00eame si je ne connais pas encore bien Douai. <strong>On est imm\u00e9diatement pris dans l&rsquo;histoire de la petite Kamille, 6 ans, qui disparait et on n&rsquo;arrive plus \u00e0 l\u00e2cher ce roman<\/strong>. J&rsquo;avoue que j&rsquo;ai un faible pour les thrillers dans lesquels il y a des disparitions d&rsquo;enfant. Du coup, imaginez combien j&rsquo;ai pu \u00eatre touch\u00e9e par cette histoire.<\/p>\n<p style=\"text-align:center;\"><strong>On se pose \u00e9norm\u00e9ment de questions sur la disparition de la petite Kamille et surtout sur la baby-sitter<\/strong> qui va l\u00e2cher la petite fille des yeux quelques minutes le temps que le drame se passe. On est tr\u00e8s vite touch\u00e9s par les parents qui, tous deux, sont boulangers et vont d\u00e9couvrir la disparition de leur fille. Et c&rsquo;est l\u00e0 qu&rsquo;arrive les questions.<strong> Que s&rsquo;est-il pass\u00e9 pendant ces 5 minutes durant lesquelles personne ne surveillait Kamille ?<\/strong><\/p>\n<p style=\"text-align:center;\">Au niveau des personnages, on s&rsquo;attache finalement un peu \u00e0 tous, car on m\u00e8ne l&rsquo;enqu\u00eate avec un lieutenant qui d\u00e9bute dans la police et Jo qui, lui, a la cinquantaine et est en service depuis des ann\u00e9es. <strong>Il y a aussi les parents, car on ne peut s&#8217;emp\u00eacher de se mettre \u00e0 leur place et de se demander comment on r\u00e9agirait si \u00e7a nous arrivait \u00e0 nous. Je pense que c&rsquo;est tout \u00e0 fait impensable.<\/strong><\/p>\n<p style=\"text-align:center;\">\u00c0 travers ce roman, l&rsquo;auteur nous laisse des indices mais il aime jouer avec nous et nous laisser imaginer qu&rsquo;on a r\u00e9solu le myst\u00e8re, alors qu&rsquo;on va faire \u00e0 chaque fois d&rsquo;autres d\u00e9couvertes.<strong> Ce roman est tr\u00e8s addictif, tant par la plume de Gilles que par ses chapitres courts qui vont nous donner envie de tourner les pages encore plus vite tant nous sommes happ\u00e9s.<\/strong><\/p>\n<p style=\"text-align:center;\">On se retrouve \u00e0 incriminer tout le monde, les parents comme la baby-sitter, tant on part \u00e0 chaque fois sur des fausses pistes. Et on se pose tant de questions sur la petite Kamille. <strong>Est-on face \u00e0 une fugue ? Un enl\u00e8vement ? Autre chose ? Il nous faudra du temps pour le d\u00e9couvrir.<\/strong><\/p>\n<p style=\"text-align:center;\"><strong>L&rsquo;intrigue de ce thriller est vraiment tr\u00e8s bien imagin\u00e9e et tr\u00e8s bien men\u00e9e, la tension monte crescendo et, plus on avance, plus on a peur pour la petite Kamille.<\/strong> On se retrouve angoiss\u00e9s tant les recherches deviennent longues et tant l&rsquo;auteur nous m\u00e8ne en bateau avec des rebondissements et des r\u00e9v\u00e9lations qui nous laissent un espoir. On peut le dire, Gilles est vraiment sadique.<\/p>\n<p style=\"text-align:center;\"><strong>Quant \u00e0 la fin, je vous avoue que je n&rsquo;ai rien vu venir et j&rsquo;ai \u00e9t\u00e9 compl\u00e8tement scotch\u00e9e par les \u00e9l\u00e9ments que l&rsquo;auteur nous apporte.<\/strong> Alors, je n&rsquo;ai qu&rsquo;une chose \u00e0 vous dire : foncez d\u00e9couvrir cette petite merveille.<\/p>\n<p style=\"text-align:center;\"><span style=\"color:#ffcc00;\"><strong><a style=\"color:#ffcc00;\" href=\"https:\/\/amzn.to\/3pZzdEw\" target=\"_blank\" rel=\"noopener\">Si, vous aussi, vous aimez les thrillers avec disparition d&rsquo;enfant, \u00e7a se passe ici, au prix de 2,99 \u20ac au format num\u00e9rique ou 14 \u20ac au format broch\u00e9.<\/a><\/strong><\/span><\/p>\n","protected":false},"excerpt":{"rendered":"<p>Hey hey les geekos, on se retrouve aujourd&rsquo;hui pour parler livres avec un thriller que j&rsquo;ai mis bien trop de temps avant de d\u00e9couvrir. Il s&rsquo;agit de O\u00f9 es-tu Kamille ? de Gilles Debouverie. La petite Camille, 6 ans, a disparu pr\u00e8s de Douai. L&rsquo;enqu\u00eate revient aux lieutenants Maroun et Carpentier. \u00c9trangement, ce dernier est [&hellip;]<\/p>\n","protected":false},"author":4,"featured_media":21151,"comment_status":"open","ping_status":"open","sticky":false,"template":"","format":"standard","meta":{"saved_in_kubio":false,"footnotes":""},"categories":[33],"tags":[2461,7365,11028,17435,21286,29540],"class_list":["post-6878","post","type-post","status-publish","format-standard","has-post-thumbnail","hentry","category-litterature","tag-auto-edition","tag-disparition-denfant","tag-gilles-debouverie","tag-livre","tag-ou-es-tu-kamille","tag-thriller"],"_links":{"self":[{"href":"https:\/\/geek-o-polis.com\/index.php\/wp-json\/wp\/v2\/posts\/6878","targetHints":{"allow":["GET"]}}],"collection":[{"href":"https:\/\/geek-o-polis.com\/index.php\/wp-json\/wp\/v2\/posts"}],"about":[{"href":"https:\/\/geek-o-polis.com\/index.php\/wp-json\/wp\/v2\/types\/post"}],"author":[{"embeddable":true,"href":"https:\/\/geek-o-polis.com\/index.php\/wp-json\/wp\/v2\/users\/4"}],"replies":[{"embeddable":true,"href":"https:\/\/geek-o-polis.com\/index.php\/wp-json\/wp\/v2\/comments?post=6878"}],"version-history":[{"count":0,"href":"https:\/\/geek-o-polis.com\/index.php\/wp-json\/wp\/v2\/posts\/6878\/revisions"}],"wp:featuredmedia":[{"embeddable":true,"href":"https:\/\/geek-o-polis.com\/index.php\/wp-json\/"}],"wp:attachment":[{"href":"https:\/\/geek-o-polis.com\/index.php\/wp-json\/wp\/v2\/media?parent=6878"}],"wp:term":[{"taxonomy":"category","embeddable":true,"href":"https:\/\/geek-o-polis.com\/index.php\/wp-json\/wp\/v2\/categories?post=6878"},{"taxonomy":"post_tag","embeddable":true,"href":"https:\/\/geek-o-polis.com\/index.php\/wp-json\/wp\/v2\/tags?post=6878"}],"curies":[{"name":"wp","href":"https:\/\/api.w.org\/{rel}","templated":true}]}}