{"id":66710,"date":"2022-01-04T09:00:00","date_gmt":"2022-01-04T08:00:00","guid":{"rendered":"https:\/\/geek-o-polis.com\/?p=66710"},"modified":"2022-01-04T09:00:00","modified_gmt":"2022-01-04T08:00:00","slug":"petales-damour-et-de-bonte-de-alicia-alvarez","status":"publish","type":"post","link":"https:\/\/geek-o-polis.com\/index.php\/2022\/01\/04\/petales-damour-et-de-bonte-de-alicia-alvarez\/","title":{"rendered":"P\u00e9tales d&rsquo;amour et de bont\u00e9 de Alicia Alvarez"},"content":{"rendered":"<p style=\"text-align:center;\">Hey hey les geekos, on se retrouve aujourd&rsquo;hui avec un roman fantastique jeunesse, mais pas que\u2026 <strong>Il s&rsquo;agit de \u00ab\u00a0P\u00e9tales d&rsquo;amour et de bont\u00e9\u00a0\u00bb de Alicia Alvarez aux \u00c9ditions Nutty Sheep.<\/strong><\/p>\n<blockquote>\n<p style=\"text-align:center;\"><span style=\"color:#993366;\"><em><span style=\"color:#993366;\">Nina, 10 ans, ne se sent pas \u00e0 sa place dans sa propre vie. Dot\u00e9e d\u2019un caract\u00e8re introverti doubl\u00e9 d&rsquo;un manque de confiance en elle cons\u00e9quent, elle n&rsquo;a aucun ami \u00e0 l&rsquo;\u00e9cole. Une fois \u00e0 la maison, elle se sent beaucoup mieux, mais quelque chose manque\u2026\u00a0Personne n&rsquo;\u00e9coute r\u00e9ellement ce qu&rsquo;elle a \u00e0 dire, encore moins elle-m\u00eame. Sa vie banale prend un tournant inattendu le soir o\u00f9 son beagle, Pierrot, d\u00e9cide de d\u00e9passer le portillon grand ouvert du jardin. Jusqu&rsquo;alors, Nina se croyait inutile, nulle, moche, sans aucune valeur. Cette exp\u00e9rience \u00e0 mi-chemin entre le r\u00e9el et l&rsquo;irr\u00e9el lui fera prendre conscience des richesses que la vie a encore \u00e0 lui faire d\u00e9couvrir.<\/span><\/em><\/span><\/p>\n<p><span style=\"color:#993366;\"><em>Un roman jeunesse fantastique dans lequel s&rsquo;incorporent avec tendresse la bienveillance et une r\u00e9flexion propre au d\u00e9veloppement personnel.<\/em><\/span><\/p>\n<\/blockquote>\n<p><img loading=\"lazy\" decoding=\"async\" class=\" wp-image-66712 aligncenter\" src=\"https:\/\/geek-o-polis.com\/wp-content\/uploads\/2022\/01\/petales-damour-et-de-bonte.jpg\" alt=\"p\u00e9tales d'amour et de bont\u00e9\" width=\"344\" height=\"519\" \/><\/p>\n<p style=\"text-align:center;\"><span style=\"color:#993366;\"><strong>Ce roman m&rsquo;attirait \u00e9norm\u00e9ment de par son r\u00e9sum\u00e9 !<\/strong><\/span> Et puis, comment aurais-je pu r\u00e9sister \u00e0 une licorne sur la couverture (oui, je suis une licorne) ? Mais ce qui m&rsquo;a donn\u00e9 envie, c&rsquo;est le fait que ce bouquin soit sorti de la plume d&rsquo;Alicia Alvarez, que j&rsquo;ai d\u00e9j\u00e0 eu l&rsquo;occasion de d\u00e9couvrir et d&rsquo;appr\u00e9cier. Autant vous dire que je ne suis pas d\u00e9\u00e7ue, car j&rsquo;ai eu un coup de c\u0153ur pour ce roman.<\/p>\n<p style=\"text-align:center;\"><span style=\"color:#993366;\"><strong>D\u00e9j\u00e0, j&rsquo;ai \u00e9t\u00e9 sous le charme des citations<\/strong><\/span> qu&rsquo;on peut d\u00e9couvrir au d\u00e9but de chaque chapitre, j&rsquo;ai tellement eu l&rsquo;impression qu&rsquo;elles m&rsquo;\u00e9taient destin\u00e9es que j&rsquo;en ai \u00e9t\u00e9 tr\u00e8s agr\u00e9ablement surprise. Et puis le petit mandala au d\u00e9but de chaque chapitre, juste avant la citation, c&rsquo;est vraiment une super bonne id\u00e9e.<\/p>\n<p style=\"text-align:center;\"><span style=\"color:#993366;\"><strong>Au niveau de l&rsquo;histoire,<\/strong><\/span> le premier chapitre nous emm\u00e8ne directement aupr\u00e8s de Nina et j&rsquo;ai ador\u00e9 le fait que l&rsquo;histoire soit \u00e9crite de son point de vue. \u00c7a nous permet de nous sentir vraiment proche d&rsquo;elle et de vivre l&rsquo;histoire avec elle. Je vous avoue que c&rsquo;en est au point o\u00f9 j&rsquo;ai eu l&rsquo;impression d&rsquo;avoir 10 ans moi aussi, tout au long de ma lecture. J&rsquo;ai eu ce sentiment que l&rsquo;autrice avait \u00e9crit ce roman pour moi, tant j&rsquo;avais l&rsquo;impression d&rsquo;\u00eatre Nina. A 10 ans, j&rsquo;\u00e9tais exactement comme notre h\u00e9ro\u00efne, j&rsquo;avais l&rsquo;impression de ne pas \u00eatre \u00e0 ma place et je n&rsquo;avais aucune confiance en moi. D&rsquo;ailleurs, \u00e7a se ressent peut-\u00eatre moins maintenant, mais je suis un peu rest\u00e9e comme \u00e7a. L&rsquo;autrice a vraiment bien d\u00e9crit les faits. On sent qu&rsquo;il y a une part de v\u00e9cu dans ce roman et c&rsquo;est super important de parler des jeunes qui ne sentent pas \u00e0 leur place dans la vie. Ce roman fera remonter des souvenirs \u00e0 ceux qui ont v\u00e9cu, comme Nina, une enfance difficile, \u00e7a c&rsquo;est certain.<\/p>\n<p style=\"text-align:center;\"><span style=\"color:#993366;\"><strong>E<\/strong><strong>t puis, tr\u00e8s vite, nous nous retrouvons dans un monde fantastique<\/strong><\/span> et, l\u00e0 nous nous \u00e9vadons compl\u00e8tement en compagnie des diff\u00e9rentes cr\u00e9atures que Nina va rencontrer, c&rsquo;est un vrai r\u00e9gal. Le temps de ce voyage, nous allons suivre une h\u00e9ro\u00efne compl\u00e8tement diff\u00e9rente et nous allons aimer la voir prendre conscience de ses ressources et prendre confiance en elle. Je pourrais vous parler de toutes les rencontres que Nina va faire, mais je pr\u00e9f\u00e8re vous laisser les d\u00e9couvrir par vous-m\u00eame tant elles sont fascinantes et dr\u00f4les \u00e0 la fois.<\/p>\n<p style=\"text-align:center;\"><span style=\"color:#993366;\"><strong>La quatri\u00e8me de couverture nous annonce un m\u00e9lange de fantastique et de d\u00e9veloppement personnel,<\/strong> <\/span>\u00e7a peut sembler bizarre sur le coup, mais d\u00e9trompez-vous, c&rsquo;est une \u00e9norme r\u00e9ussite. J&rsquo;ai vraiment ador\u00e9 ce mix des deux genres. J&rsquo;ai lu ce roman d&rsquo;une traite tant j&rsquo;\u00e9tais embarqu\u00e9e dans l&rsquo;histoire de Nina et je n&rsquo;ai pas vu la fin arriver tant l&rsquo;autrice nous fait vivre des choses.<\/p>\n<p style=\"text-align:center;\"><span style=\"color:#993366;\"><em>Bref, si, vous aussi, vous pensez vous identifier \u00e0 Nina et si vous aimez les cr\u00e9atures fantastiques, foncez, ce roman est fait pour vous. Que vous soyez petit ou grand, vous passerez un bon moment avec ces P\u00e9tales d&rsquo;amour et de bont\u00e9.<\/em><\/span><\/p>\n\n\n<figure class=\"wp-block-jetpack-rating-star is-style-outlined\" style=\"text-align:center;\"><span style=\"color:#9b51e0;\">\u2605<\/span><span style=\"color:#9b51e0;\">\u2605<\/span><span style=\"color:#9b51e0;\">\u2605<\/span><span style=\"color:#9b51e0;\">\u2605<\/span><span style=\"color:#9b51e0;\">\u2605<\/span><\/figure>\n\n\n<blockquote>\n<p style=\"text-align:center;\"><span style=\"color:#333399;\"><em>\u00ab\u00a0A force de te fondre dans les meubles, tu risques d&rsquo;en devenir un\u2026\u00a0\u00bb<\/em><\/span><\/p>\n<p style=\"text-align:center;\"><span style=\"color:#333399;\"><em>\u00ab\u00a0La chute existe pour que tu puisses te relever.\u00a0\u00bb<\/em><\/span><\/p>\n<p><span style=\"color:#333399;\"><em>\u00ab\u00a0On se r\u00e9p\u00e8te chaque jour des phrases m\u00e9chantes, d\u00e9nu\u00e9es de sens, sans accepter l&rsquo;id\u00e9e qu&rsquo;on puisse \u00eatre aussi gentil avec soi-m\u00eame qu&rsquo;on l&rsquo;est avec les gens qu&rsquo;on aime.\u00a0\u00bb&lsquo;<\/em><\/span><\/p>\n<\/blockquote>","protected":false},"excerpt":{"rendered":"<p>Hey hey les geekos, on se retrouve aujourd&rsquo;hui avec un roman fantastique jeunesse, mais pas que\u2026 Il s&rsquo;agit de \u00ab\u00a0P\u00e9tales d&rsquo;amour et de bont\u00e9\u00a0\u00bb de Alicia Alvarez aux \u00c9ditions Nutty Sheep. Nina, 10 ans, ne se sent pas \u00e0 sa place dans sa propre vie. Dot\u00e9e d\u2019un caract\u00e8re introverti doubl\u00e9 d&rsquo;un manque de confiance en [&hellip;]<\/p>\n","protected":false},"author":4,"featured_media":66712,"comment_status":"open","ping_status":"open","sticky":false,"template":"","format":"standard","meta":{"saved_in_kubio":false,"footnotes":""},"categories":[33],"tags":[1111,6685,8276,9355,13872,22299,26464],"class_list":["post-66710","post","type-post","status-publish","format-standard","has-post-thumbnail","hentry","category-litterature","tag-alicia-alvarez","tag-developpement-personnel","tag-editions-nutty-sheep","tag-fantastique","tag-jeunesse","tag-petales-damour-et-de-bonte","tag-simplement-pro"],"_links":{"self":[{"href":"https:\/\/geek-o-polis.com\/index.php\/wp-json\/wp\/v2\/posts\/66710","targetHints":{"allow":["GET"]}}],"collection":[{"href":"https:\/\/geek-o-polis.com\/index.php\/wp-json\/wp\/v2\/posts"}],"about":[{"href":"https:\/\/geek-o-polis.com\/index.php\/wp-json\/wp\/v2\/types\/post"}],"author":[{"embeddable":true,"href":"https:\/\/geek-o-polis.com\/index.php\/wp-json\/wp\/v2\/users\/4"}],"replies":[{"embeddable":true,"href":"https:\/\/geek-o-polis.com\/index.php\/wp-json\/wp\/v2\/comments?post=66710"}],"version-history":[{"count":0,"href":"https:\/\/geek-o-polis.com\/index.php\/wp-json\/wp\/v2\/posts\/66710\/revisions"}],"wp:featuredmedia":[{"embeddable":true,"href":"https:\/\/geek-o-polis.com\/index.php\/wp-json\/"}],"wp:attachment":[{"href":"https:\/\/geek-o-polis.com\/index.php\/wp-json\/wp\/v2\/media?parent=66710"}],"wp:term":[{"taxonomy":"category","embeddable":true,"href":"https:\/\/geek-o-polis.com\/index.php\/wp-json\/wp\/v2\/categories?post=66710"},{"taxonomy":"post_tag","embeddable":true,"href":"https:\/\/geek-o-polis.com\/index.php\/wp-json\/wp\/v2\/tags?post=66710"}],"curies":[{"name":"wp","href":"https:\/\/api.w.org\/{rel}","templated":true}]}}