{"id":66029,"date":"2021-12-21T11:00:00","date_gmt":"2021-12-21T10:00:00","guid":{"rendered":"https:\/\/geek-o-polis.com\/?p=66029"},"modified":"2021-12-21T11:00:00","modified_gmt":"2021-12-21T10:00:00","slug":"cruel-summer-une-serie-a-ne-pas-manquer","status":"publish","type":"post","link":"https:\/\/geek-o-polis.com\/index.php\/2021\/12\/21\/cruel-summer-une-serie-a-ne-pas-manquer\/","title":{"rendered":"Cruel Summer&#8230; Une s\u00e9rie \u00e0 ne pas manquer&#8230;"},"content":{"rendered":"<p style=\"text-align:justify;\">Et coucou<\/p>\n<p style=\"text-align:justify;\">J&rsquo;ai eu envie de vous parler d&rsquo;une s\u00e9rie que je viens de finir\u2026<\/p>\n<h2 style=\"text-align:center;\"><span style=\"color:#0000ff;\">Il s&rsquo;agit de Cruel summer.<\/span><\/h2>\n<p style=\"text-align:justify;\"><span style=\"color:#999999;\"><em><span style=\"color:#999999;\">Alors non, rien \u00e0 voir avec la <\/span><a style=\"color:#999999;\" href=\"https:\/\/www.youtube.com\/watch?v=l9ml3nyww80\" target=\"_blank\" rel=\"noopener\">chanson<\/a><span style=\"color:#999999;\">\u2026 (\u00e7a y est, vous aussi vous l&rsquo;avez en t\u00eate ? de rien\u2026\u00a0)<\/span><\/em><\/span><\/p>\n<p style=\"text-align:justify;\">En 1993, un drame frappe Skylin au Texas : Une adolescente belle et populaire &#8211; Kate Wallis &#8211; dispara\u00eet et une autre adolescente, timide et maladroite et sans lien apparent avec la premi\u00e8re, devient soudainement l&rsquo;ic\u00f4ne de la ville avant de devenir la personne la plus m\u00e9pris\u00e9e de l&rsquo;Am\u00e9rique.<\/p>\n<p style=\"text-align:justify;\"><img loading=\"lazy\" decoding=\"async\" class=\"aligncenter \" src=\"https:\/\/geekogalerie1.files.wordpress.com\/2021\/12\/d5927fb63f665b45a9783adc9ba39c782d29a8499f5dcbcaede44ee055383179._ri_v_ttw_.jpg\" width=\"604\" height=\"453\" \/><\/p>\n<p style=\"text-align:justify;\"><strong>Spoiler alert (ou pas),<\/strong> si j&rsquo;ai d\u00fb recommencer 3 fois le premier \u00e9pisode pour accrocher, je suis contente d&rsquo;avoir pers\u00e9v\u00e9r\u00e9, car au final, <strong>j&rsquo;ai ador\u00e9 cette s\u00e9rie.<\/strong><br \/>\nJe ne vous cache pas que le premier \u00e9pisode\u2026 il est lent\u2026 mais c&rsquo;est un peu normal, faut le temps de planter le d\u00e9cor, de pr\u00e9senter les diff\u00e9rents protagonistes\u2026 et de placer l&rsquo;intrigue.<br \/>\nSi je devais r\u00e9sumer un peu, je dirais qu&rsquo;on est dans un m\u00e9lange de Pretty Little Liars (<em>une de mes s\u00e9ries pr\u00e9f\u00e9r\u00e9es, que je suis d&rsquo;ailleurs en train de me refaire<\/em>) , 13 raisons, \u2026 vous voyez le genre.<\/p>\n<p style=\"text-align:justify;\">On navigue entre 3 ann\u00e9es, qui repr\u00e9sentent 1993 l&rsquo;avant la disparition de Kate, 1994 le temps de la disparition, et 1995 \u2026 A vous de le d\u00e9couvrir.<\/p>\n<p><img loading=\"lazy\" decoding=\"async\" class=\"alignleft\" style=\"text-align:justify;\" src=\"https:\/\/geekogalerie1.files.wordpress.com\/2021\/12\/sub-buzz-15170-1618518696-1.jpg\" width=\"314\" height=\"210\" \/><\/p>\n<p style=\"text-align:justify;\"><strong><span style=\"color:#0000ff;\">On replonge en plein dans l&rsquo;ambiance des ann\u00e9es 90<\/span><\/strong>, avec les styles de l&rsquo;\u00e9poque, les mentalit\u00e9s de l&rsquo;\u00e9poque, l&rsquo;absence de t\u00e9l\u00e9phone portable, les salles de roller et la phrase tant entendue dans mon adolescence : \u00ab\u00a0<em>prochaine fois, dis \u00e0 ton amie de ne pas t\u00e9l\u00e9phoner, \u00e7a coupe la connexion internet<\/em>\u00ab\u00a0\u2026 ahhh que de souvenirs.<\/p>\n<p style=\"text-align:justify;\">Point de vue du sc\u00e9nario, il n&rsquo;est pas super original, il y a des choses qu&rsquo;on devine, mais malgr\u00e9 tout, il y a de tr\u00e8s bons rebondissements inattendus. Et \u00e7a, j&rsquo;ai ador\u00e9.<\/p>\n<p style=\"text-align:justify;\">Je dois vous avouer que g\u00e9n\u00e9ralement, les livres ou s\u00e9ries o\u00f9 on vogue entre plusieurs p\u00e9riodes, je gal\u00e8re parfois car j&rsquo;ai tendance \u00e0 faire toujours autre chose pendant que je regarde, et je perds vite le fil de \u00ab\u00a0mais l\u00e0, on est quand ? \u00ab\u00a0.<br \/>\nDu coup ici je n&rsquo;ai pas eu ce soucis, car elles sont superbement bien distinctes, puisque la mani\u00e8re de filmer (<em>tonalit\u00e9s d&rsquo;images diff\u00e9rentes<\/em>) et les coiffures des protagonistes principales sont totalement diff\u00e9rentes d&rsquo;une p\u00e9riode \u00e0 l&rsquo;autre, donc on reconna\u00eet sans peine\u2026. Et \u00e7a j&rsquo;aime. <span style=\"color:#0000ff;\"><strong>\u00c7a cr\u00e9e m\u00eame une super dynamique dans la s\u00e9rie, pour mon plus grand plaisir.<\/strong><\/span><\/p>\n<p style=\"text-align:justify;\">Ce que j&rsquo;ai aim\u00e9 aussi dans cette s\u00e9rie, c&rsquo;est que, comme dans PLL, <strong>elle met en avant des sujets qui touchent les ados<\/strong> : les diff\u00e9rences dures \u00e0 vivre quand on est ado, le regard des autres, la popularit\u00e9, les cons\u00e9quences de l&rsquo;alcool, \u2026 oui, un peu banal, mais toujours d&rsquo;actualit\u00e9 et bien \u00e0 propos dans ce genre de s\u00e9ries, je trouve.<br \/>\nCa met \u00e9galement pas de faux-semblant tant du c\u00f4t\u00e9 des ados que des adultes\u2026<\/p>\n<h4 style=\"text-align:center;\"><em><span style=\"color:#0000ff;\">Si on devait r\u00e9sumer en une phrase : m\u00e9fiez-vous des apparences.<\/span><\/em><\/h4>\n<p><img loading=\"lazy\" decoding=\"async\" class=\"aligncenter size-large\" src=\"https:\/\/geekogalerie1.files.wordpress.com\/2021\/12\/cruel-summer-1024x576-1.jpg\" width=\"1024\" height=\"576\" \/><\/p>\n<p style=\"text-align:justify;\">Quelque chose qui m&rsquo;a bien mis une claque dans la figure, dans le sens, o\u00f9 c&rsquo;est l\u00e0 que je ne me suis pris un coup de vieux, c&rsquo;est de (re)voir la notion de l&rsquo;\u00e9poque point de vue de l&rsquo;homosexualit\u00e9, et \u00e0 quel point, sur 30 ans ou presque, les choses ont pu changer et \u00e9voluer. Alors oui, il y a encore du boulot\u2026 mais il y a d\u00e9j\u00e0 tellement de chemin parcouru\u2026<\/p>\n<p style=\"text-align:justify;\">Personnellement, la s\u00e9rie m&rsquo;a bien tenue en haleine, puisqu&rsquo;au final, je me suis regard\u00e9 les 10 \u00e9pisodes sur 2 jours\u2026 je n&rsquo;arrivais pas \u00e0 la l\u00e2cher.<br \/>\n<strong>M\u00eame si certaines choses deviennent vraiment pr\u00e9visibles, le suspense reste malgr\u00e9 tout pr\u00e9sent,<\/strong> car on se doute qu&rsquo;il va y avoir un bouleversement, mais on ne sait pas lequel. Et donc \u00e7a tient bien dans l&rsquo;intrigue.<br \/>\nEt en parlant de bouleversement\u2026 je peux vous dire que le <strong><span style=\"color:#0000ff;\">twist final<\/span><\/strong>, qui arrive dans les 2-3 derni\u00e8res minutes de la saison, est juste\u2026 fascinant. Il donne un regard tout autre sur les 10 \u00e9pisodes qu&rsquo;on vient de s&rsquo;enfiler, et \u00e7a m&rsquo;a juste donn\u00e9 envie de rempiler pour un nouveau visionnage pour essayer de voir s&rsquo;il y avait eu des \u00ab\u00a0indices\u00a0\u00bb que j&rsquo;aurais pu manquer et qui m&rsquo;auraient donn\u00e9 acc\u00e8s \u00e0 cette piste.<\/p>\n<p style=\"text-align:justify;\"><strong>J&rsquo;ai trouv\u00e9 les deux actrices principales<\/strong> -Olivia Holt et Chiara Aurelia &#8211; <strong>tr\u00e8s convaincantes<\/strong>.<\/p>\n<p style=\"text-align:justify;\"><strong><img loading=\"lazy\" decoding=\"async\" class=\"aligncenter\" src=\"https:\/\/geekogalerie1.files.wordpress.com\/2021\/12\/media.jpg\" width=\"599\" height=\"320\" \/> <\/strong><\/p>\n<p style=\"text-align:justify;\">Elles sont aussi diff\u00e9rentes que l&rsquo;on peut l&rsquo;\u00eatre, et \u00e7a met en place un jeu de miroirs assez int\u00e9ressant. Elles sont un vrai plus pour la s\u00e9rie, et se d\u00e9marquent bien des autres acteurs du casting, je trouve.<\/p>\n<p style=\"text-align:justify;\">Un \u00e9norme point positif, de mon point de vue, et qui contraste bien avec les autres s\u00e9ries pour ado de ces derni\u00e8res ann\u00e9es : <strong>il n&rsquo;y a pas de sc\u00e8nes de sexe \u00e0 outrance,<\/strong> \u2026 et \u00e7a c&rsquo;est pas mal. Tout reste dans la sobri\u00e9t\u00e9 et la subtilit\u00e9\u2026<\/p>\n<p style=\"text-align:justify;\">Par contre, j&rsquo;ai pu voir qu&rsquo;une saison 2 allait avoir lieu, \u00e0 voir si cela reprendra une autre histoire, ou si cela va \u00ab\u00a0inventer\u00a0\u00bb une suite \u00e0 celle-ci. Personnellement, je pencherais plus pour la premi\u00e8re solution\u2026<br \/>\nEn tout cas, une chose est s\u00fbre, je reste accro aux Teen Dramas\u2026 et j&rsquo;ai h\u00e2te de voir la suite qui sera apport\u00e9e du coup..<\/p>\n<p style=\"text-align:justify;\">Ah oui, et si elle vous tente\u2026 La s\u00e9rie est disponible sur Prime Vid\u00e9o.<\/p>\n<p style=\"text-align:justify;\">Bon visionnage<\/p>\n<p><iframe loading=\"lazy\" title=\"Cruel Summer - Bande-annonce officielle VF | Prime Video\" width=\"500\" height=\"281\" src=\"https:\/\/www.youtube.com\/embed\/PJi6H2427tc?feature=oembed\" frameborder=\"0\" allow=\"accelerometer; autoplay; clipboard-write; encrypted-media; gyroscope; picture-in-picture; web-share\" referrerpolicy=\"strict-origin-when-cross-origin\" allowfullscreen><\/iframe><\/p>\n","protected":false},"excerpt":{"rendered":"<p>Et coucou J&rsquo;ai eu envie de vous parler d&rsquo;une s\u00e9rie que je viens de finir\u2026 Il s&rsquo;agit de Cruel summer. Alors non, rien \u00e0 voir avec la chanson\u2026 (\u00e7a y est, vous aussi vous l&rsquo;avez en t\u00eate ? de rien\u2026\u00a0) En 1993, un drame frappe Skylin au Texas : Une adolescente belle et populaire &#8211; [&hellip;]<\/p>\n","protected":false},"author":9,"featured_media":66040,"comment_status":"open","ping_status":"open","sticky":false,"template":"","format":"standard","meta":{"saved_in_kubio":false,"footnotes":""},"categories":[44],"tags":[642,643,1259,1268,3201,4924,7364,7768,7769,9468,10353,11856,13117,13815,15032,18796,19027,19325,21459,23245,25697,28094,28576,29540,29570,30915],"class_list":["post-66029","post","type-post","status-publish","format-standard","has-post-thumbnail","hentry","category-serie","tag-adolescentes","tag-adolescents","tag-amazon","tag-amazon-prime","tag-bert-v-royal","tag-chiara-aurelia","tag-disparition","tag-dramatique","tag-drame","tag-faux-semblant","tag-froy-gutierrez","tag-harley-quinn-smith","tag-iron-ocean-productions","tag-jessica-biel","tag-kidnapping","tag-max-winkler","tag-mensonges","tag-michelle-purple","tag-olivia-holt","tag-prime-video","tag-serie-tv","tag-suspense","tag-teen-drama","tag-thriller","tag-tia-napolitano","tag-verite"],"_links":{"self":[{"href":"https:\/\/geek-o-polis.com\/index.php\/wp-json\/wp\/v2\/posts\/66029","targetHints":{"allow":["GET"]}}],"collection":[{"href":"https:\/\/geek-o-polis.com\/index.php\/wp-json\/wp\/v2\/posts"}],"about":[{"href":"https:\/\/geek-o-polis.com\/index.php\/wp-json\/wp\/v2\/types\/post"}],"author":[{"embeddable":true,"href":"https:\/\/geek-o-polis.com\/index.php\/wp-json\/wp\/v2\/users\/9"}],"replies":[{"embeddable":true,"href":"https:\/\/geek-o-polis.com\/index.php\/wp-json\/wp\/v2\/comments?post=66029"}],"version-history":[{"count":0,"href":"https:\/\/geek-o-polis.com\/index.php\/wp-json\/wp\/v2\/posts\/66029\/revisions"}],"wp:featuredmedia":[{"embeddable":true,"href":"https:\/\/geek-o-polis.com\/index.php\/wp-json\/"}],"wp:attachment":[{"href":"https:\/\/geek-o-polis.com\/index.php\/wp-json\/wp\/v2\/media?parent=66029"}],"wp:term":[{"taxonomy":"category","embeddable":true,"href":"https:\/\/geek-o-polis.com\/index.php\/wp-json\/wp\/v2\/categories?post=66029"},{"taxonomy":"post_tag","embeddable":true,"href":"https:\/\/geek-o-polis.com\/index.php\/wp-json\/wp\/v2\/tags?post=66029"}],"curies":[{"name":"wp","href":"https:\/\/api.w.org\/{rel}","templated":true}]}}