{"id":56915,"date":"2021-09-21T17:15:00","date_gmt":"2021-09-21T15:15:00","guid":{"rendered":"https:\/\/geek-o-polis.com\/?p=56915"},"modified":"2021-09-21T17:15:00","modified_gmt":"2021-09-21T15:15:00","slug":"sortie-bd-et-comics-de-delcourt-du-22-septembre-2021","status":"publish","type":"post","link":"https:\/\/geek-o-polis.com\/index.php\/2021\/09\/21\/sortie-bd-et-comics-de-delcourt-du-22-septembre-2021\/","title":{"rendered":"Sortie BD et comics de Delcourt du 22 septembre 2021"},"content":{"rendered":"<h3 style=\"text-align:center;\"><span style=\"color:#ff0000;\">Voici les sorties BD et comics de Delcourt \u00e9dition pour le 22 septembre 2021.<\/span><\/h3>\n<h1 style=\"text-align:center;\">BD<\/h1>\n<h2 style=\"text-align:center;\">\u00c0 la recherche du temps perdu &#8211; Int\u00e9grale<\/h2>\n<p><img loading=\"lazy\" decoding=\"async\" class=\"wp-image-56921 aligncenter\" src=\"https:\/\/geek-o-polis.com\/wp-content\/uploads\/2021\/09\/a-la-recherche-du-temps-perdu-integrale.jpeg\" alt=\"\u00c0 la recherche du temps perdu - Int\u00e9grale\" width=\"300\" height=\"418\"><\/p>\n<p>\u00c0 l\u2019ombre des jeunes filles en fleurs, prix Goncourt 1919, \u00e9voque, sur fond d\u2019Histoire (menace de Guerre, affaire Dreyfus\u2026), la d\u00e9couverte du th\u00e9\u00e2tre par le narrateur et sa rencontre avec l\u2019\u00e9crivain Bergotte puis le peintre Elstir. C\u2019est enfin son initiation \u00e0 l\u2019amour, \u00e0 Paris avec Gilberte, puis \u00e0 Balbec avec la petite bande des jeunes filles, et surtout Albertine dont il tombe amoureux&#8230;<\/p>\n<h3 style=\"text-align:center;\"><span style=\"color:#ff0000;\">BD vendue au prix de 39,95\u20ac.<\/span><\/h3>\n<h2 style=\"text-align:center;\">\u00c0 la recherche du temps perdu T08<\/h2>\n<p><img loading=\"lazy\" decoding=\"async\" class=\"wp-image-56923 aligncenter\" src=\"https:\/\/geek-o-polis.com\/wp-content\/uploads\/2021\/09\/a-la-recherche-du-temps-perdu-t08.jpeg\" alt=\"\u00c0 la recherche du temps perdu T08\" width=\"300\" height=\"418\"><\/p>\n<p>De moins en moins assur\u00e9 de la r\u00e9ciprocit\u00e9 de l&rsquo;amour qu&rsquo;il porte \u00e0 Gilberte, le narrateur en vient pourtant \u00e0 partager l&rsquo;intimit\u00e9 du couple Swann leur portant toujours davantage d&rsquo;int\u00e9r\u00eat et d&rsquo;affection. Et \u00e0 peine remis de sa d\u00e9ception, suite \u00e0 la prestation de la Berma dans Ph\u00e8dre, il se pr\u00e9pare \u00e0 pr\u00e9sent \u00e0 une rencontre plus cons\u00e9quente encore pour lui, celle avec Bergotte, son auteur favori.<\/p>\n<h3 style=\"text-align:center;\"><span style=\"color:#ff0000;\">BD vendue au prix de 14,50\u20ac.<\/span><\/h3>\n<h2 style=\"text-align:center;\">Astra Saga T01<\/h2>\n<p><img loading=\"lazy\" decoding=\"async\" class=\"wp-image-56927 aligncenter\" src=\"https:\/\/geek-o-polis.com\/wp-content\/uploads\/2021\/09\/astra-saga-t01.jpeg\" alt=\"Astra Saga T01\" width=\"300\" height=\"400\"><\/p>\n<p>Un cargo spatial traverse l&rsquo;espace profond. A son bord une cargaison des plus pr\u00e9cieuses qui ne doit surtout pas tomber entre de mauvaises mains car les forces politiques qui r\u00e9gissent la galaxie pourraient changer drastiquement de camps et ainsi le cours de l&rsquo;histoire. Une escouade de soldats dragons mandat\u00e9e par l&#8217;empire aborde le cargo et perce sa coque \u00e9paisse en qu\u00eate de l&rsquo;Or Sacr\u00e9.<\/p>\n<h3 style=\"text-align:center;\"><span style=\"color:#ff0000;\">BD vendue au prix de 14,95\u20ac.<\/span><\/h3>\n<h2 style=\"text-align:center;\">Le Mode d&#8217;emploi de tout<\/h2>\n<p><img loading=\"lazy\" decoding=\"async\" class=\"wp-image-56933 aligncenter\" src=\"https:\/\/geek-o-polis.com\/wp-content\/uploads\/2021\/09\/le-mode-demploi-de-tout.jpeg\" alt=\"Le Mode d'emploi de tout\" width=\"300\" height=\"418\"><\/p>\n<p>Le Mode d&#8217;emploi de tout s&rsquo;impose comme le document de r\u00e9f\u00e9rence pour savoir ce qu&rsquo;il faut et surtout ce qu&rsquo;il ne faut pas faire avec tous les objets \u00e0 notre port\u00e9e. Fiche apr\u00e8s fiche, notre testeur va vivre une aventure, non sans danger notamment avec la mafia japonaise, qui l&rsquo;am\u00e8nera jusqu&rsquo;en prison. Car oui, il y a toujours un risque quand on utilise un objet et on peut vite en payer le prix.<\/p>\n<h3 style=\"text-align:center;\"><span style=\"color:#ff0000;\">BD vendue au prix de 12\u20ac.<\/span><\/h3>\n<h2 style=\"text-align:center;\">Une Histoire populaire de la France T01<\/h2>\n<p><img loading=\"lazy\" decoding=\"async\" class=\"wp-image-56938 aligncenter\" src=\"https:\/\/geek-o-polis.com\/wp-content\/uploads\/2021\/09\/une-histoire-populaire-de-la-france-t01.jpeg\" alt=\"Une Histoire populaire de la France T01\" width=\"300\" height=\"411\"><\/p>\n<p>Cet ouvrage n&rsquo;est pas une histoire de France \u00e0 la papa, strictement chronologique et qui fait la part belle aux rois et reines, mais le r\u00e9cit de la France d&rsquo;en bas, des paysans et des ouvriers, des hommes et des femmes qui, eux aussi, ont fa\u00e7onn\u00e9 notre pays.<\/p>\n<h3 style=\"text-align:center;\"><span style=\"color:#ff0000;\">BD vendue au prix de 21,90\u20ac.<\/span><\/h3>\n<h2 style=\"text-align:center;\">Autopsie d&rsquo;un imposteur<\/h2>\n<p><img loading=\"lazy\" decoding=\"async\" class=\"wp-image-56943 aligncenter\" src=\"https:\/\/geek-o-polis.com\/wp-content\/uploads\/2021\/09\/autopsie-dun-imposteur.jpeg\" alt=\"Autopsie d'un imposteur\" width=\"300\" height=\"395\"><\/p>\n<p>Un polar qui se d\u00e9roule dans les ann\u00e9es 50, \u00e0 Bruxelles, capitale d\u00e9figur\u00e9e par les travaux de L&rsquo;Exposition Universelle. Un polar existentiel entre un maquereau citant Shakespeare et un h\u00e9ros cherchant \u00e0 trouver co\u00fbte que co\u00fbte sa place dans un monde trop moderne pour lui. Un polar o\u00f9 il sera question de prostitution estudiantine, de vieilles bourgeoises, de pieds humains congel\u00e9s et de jolies indics&#8230;<\/p>\n<h3 style=\"text-align:center;\"><span style=\"color:#ff0000;\">BD vendue au prix de 18,95\u20ac.<\/span><\/h3>\n<h1 style=\"text-align:center;\">Comics<\/h1>\n<h2 style=\"text-align:center;\">Invincible &#8211; Int\u00e9grale T04<\/h2>\n<p><img loading=\"lazy\" decoding=\"async\" class=\"wp-image-56946 aligncenter\" src=\"https:\/\/geek-o-polis.com\/wp-content\/uploads\/2021\/09\/invincible-integrale-t04.jpeg\" alt=\"Invincible - Int\u00e9grale T04\" width=\"299\" height=\"447\"><\/p>\n<p>De super-h\u00e9ros d\u00e9butant, Invincible devient un super-h\u00e9ros \u00e9tabli ! Ce volume rassemble la violente bataille d&rsquo;Invincible avec les Reanimen, la tentative d&rsquo;invasion des cr\u00e9atures venues de Mars et l&rsquo;introduction de l&rsquo;agent Viltrumite, Anissa.<\/p>\n<h3 style=\"text-align:center;\"><span style=\"color:#ff0000;\">Comics vendu au prix de 29,95\u20ac.<\/span><\/h3>\n<h2 style=\"text-align:center;\">Walking Dead \u00ab\u00a0Prestige\u00a0\u00bb<\/h2>\n<p><img loading=\"lazy\" decoding=\"async\" class=\"wp-image-56948 aligncenter\" src=\"https:\/\/geek-o-polis.com\/wp-content\/uploads\/2021\/09\/walking-dead-prestige.jpeg\" alt=\"Walking Dead Prestige\" width=\"300\" height=\"446\"><\/p>\n<p>Negan est apparu dans Walking Dead #100. Il a \u00e9t\u00e9 &#8211; jusqu&rsquo;\u00e0 la fin du r\u00e9cit &#8211; un personnage au mieux controvers\u00e9 et au pire absolument terrible et d\u00e9test\u00e9. Red\u00e9couvrez ses origines ainsi que le r\u00e9cit de ce qu&rsquo;il advient de lui quelques ann\u00e9es apr\u00e8s la fin de la s\u00e9rie.<\/p>\n<h3 style=\"text-align:center;\"><span style=\"color:#ff0000;\">Comics vendu au prix de 15,95\u20ac.<\/span><\/h3>\n","protected":false},"excerpt":{"rendered":"<p>Voici les sorties BD et comics de Delcourt \u00e9dition pour le 22 septembre 2021. BD \u00c0 la recherche du temps perdu &#8211; Int\u00e9grale \u00c0 l\u2019ombre des jeunes filles en fleurs, prix Goncourt 1919, \u00e9voque, sur fond d\u2019Histoire (menace de Guerre, affaire Dreyfus\u2026), la d\u00e9couverte du th\u00e9\u00e2tre par le narrateur et sa rencontre avec l\u2019\u00e9crivain Bergotte [&hellip;]<\/p>\n","protected":false},"author":5,"featured_media":0,"comment_status":"open","ping_status":"open","sticky":false,"template":"","format":"standard","meta":{"saved_in_kubio":false,"footnotes":""},"categories":[8,12],"tags":[2619,2620,2267,2485,6907,13046,16410,25972,27001,30618,31386],"class_list":["post-56915","post","type-post","status-publish","format-standard","hentry","category-bd","category-comics","tag-a-la-recherche-du-temps-perdu","tag-a-la-recherche-du-temps-perdu-integrale","tag-astra-saga","tag-autopsie-dun-imposteur","tag-delcourt","tag-invincible-integrale","tag-le-mode-demploi-de-tout","tag-septembre-2021","tag-sorties","tag-une-histoire-populaire-de-la-france","tag-walking-dead-prestige"],"_links":{"self":[{"href":"https:\/\/geek-o-polis.com\/index.php\/wp-json\/wp\/v2\/posts\/56915","targetHints":{"allow":["GET"]}}],"collection":[{"href":"https:\/\/geek-o-polis.com\/index.php\/wp-json\/wp\/v2\/posts"}],"about":[{"href":"https:\/\/geek-o-polis.com\/index.php\/wp-json\/wp\/v2\/types\/post"}],"author":[{"embeddable":true,"href":"https:\/\/geek-o-polis.com\/index.php\/wp-json\/wp\/v2\/users\/5"}],"replies":[{"embeddable":true,"href":"https:\/\/geek-o-polis.com\/index.php\/wp-json\/wp\/v2\/comments?post=56915"}],"version-history":[{"count":0,"href":"https:\/\/geek-o-polis.com\/index.php\/wp-json\/wp\/v2\/posts\/56915\/revisions"}],"wp:attachment":[{"href":"https:\/\/geek-o-polis.com\/index.php\/wp-json\/wp\/v2\/media?parent=56915"}],"wp:term":[{"taxonomy":"category","embeddable":true,"href":"https:\/\/geek-o-polis.com\/index.php\/wp-json\/wp\/v2\/categories?post=56915"},{"taxonomy":"post_tag","embeddable":true,"href":"https:\/\/geek-o-polis.com\/index.php\/wp-json\/wp\/v2\/tags?post=56915"}],"curies":[{"name":"wp","href":"https:\/\/api.w.org\/{rel}","templated":true}]}}