{"id":56584,"date":"2021-09-19T15:00:00","date_gmt":"2021-09-19T13:00:00","guid":{"rendered":"https:\/\/geek-o-polis.com\/?p=56584"},"modified":"2021-09-19T15:00:00","modified_gmt":"2021-09-19T13:00:00","slug":"les-pokemon-font-leur-fashion-show-dans-pokemon-go","status":"publish","type":"post","link":"https:\/\/geek-o-polis.com\/index.php\/2021\/09\/19\/les-pokemon-font-leur-fashion-show-dans-pokemon-go\/","title":{"rendered":"Les Pok\u00e9mon font leur fashion show dans Pok\u00e9mon GO !"},"content":{"rendered":"<p style=\"text-align:center;\"><span style=\"color:#ff6600;\"><strong>A l&rsquo;occasion des d\u00e9buts de Couafarel, le Pok\u00e9mon Caniche, dans\u00a0<em>Pok\u00e9mon GO<\/em>\u00a0et des Fashion Week de Milan et Paris,\u00a0<em>Pok\u00e9mon GO<\/em>\u00a0organise pour ses Dresseurs son propre d\u00e9fil\u00e9\u00a0du mardi 21 septembre 2021 \u00e0 10h au mardi 28 septembre 2021 \u00e0 20h.<\/strong><\/span><\/p>\n<p style=\"text-align:center;\">Apr\u00e8s avoir d\u00e9couvert les looks les plus originaux lors du Met Gala, c&rsquo;est au tour de\u00a0<strong>ces cr\u00e9atures imaginaires qui ont berc\u00e9 et qui bercent encore l&rsquo;enfance de bon nombre d&rsquo;entre nous de d\u00e9filer sous les projecteurs<\/strong>.<\/p>\n<p style=\"text-align:center;\">Les dresseurs devront ouvrir l&rsquo;\u0153il pour d\u00e9couvrir des Pok\u00e9mon au style impeccable \u00e0 l&rsquo;\u00e9tat sauvage ou dans les Raids, ainsi que de nouveaux accessoires d&rsquo;avatar dans la boutique d&rsquo;objets. Des id\u00e9es cr\u00e9atives \u00e0 port\u00e9e de mains pour des looks du quotidien qui sauront attirer l&rsquo;attention.<\/p>\n<p style=\"text-align:center;\"><span style=\"color:#ff6600;\"><strong>Simple jeu ou vrai ph\u00e9nom\u00e8ne d&rsquo;inspiration,\u00a0la franchise Pok\u00e9mon d\u00e9montre une fois de plus que la fronti\u00e8re entre le monde r\u00e9el et le num\u00e9rique est de plus en plus mince.\u00a0Avec ce fashion show,\u00a0<em>Pok\u00e9mon GO<\/em> fourni une opportunit\u00e9 amusante et fantaisiste de jouer avec style.<\/strong><\/span><\/p>\n","protected":false},"excerpt":{"rendered":"<p>A l&rsquo;occasion des d\u00e9buts de Couafarel, le Pok\u00e9mon Caniche, dans\u00a0Pok\u00e9mon GO\u00a0et des Fashion Week de Milan et Paris,\u00a0Pok\u00e9mon GO\u00a0organise pour ses Dresseurs son propre d\u00e9fil\u00e9\u00a0du mardi 21 septembre 2021 \u00e0 10h au mardi 28 septembre 2021 \u00e0 20h. Apr\u00e8s avoir d\u00e9couvert les looks les plus originaux lors du Met Gala, c&rsquo;est au tour de\u00a0ces cr\u00e9atures [&hellip;]<\/p>\n","protected":false},"author":2,"featured_media":56586,"comment_status":"open","ping_status":"open","sticky":false,"template":"","format":"standard","meta":{"saved_in_kubio":false,"footnotes":""},"categories":[31],"tags":[5813,9425,19080,19449,22040,23024],"class_list":["post-56584","post","type-post","status-publish","format-standard","has-post-thumbnail","hentry","category-jeux-video","tag-couafarel","tag-fashion-week","tag-met-gala","tag-milan","tag-paris","tag-pokemon-go"],"_links":{"self":[{"href":"https:\/\/geek-o-polis.com\/index.php\/wp-json\/wp\/v2\/posts\/56584","targetHints":{"allow":["GET"]}}],"collection":[{"href":"https:\/\/geek-o-polis.com\/index.php\/wp-json\/wp\/v2\/posts"}],"about":[{"href":"https:\/\/geek-o-polis.com\/index.php\/wp-json\/wp\/v2\/types\/post"}],"author":[{"embeddable":true,"href":"https:\/\/geek-o-polis.com\/index.php\/wp-json\/wp\/v2\/users\/2"}],"replies":[{"embeddable":true,"href":"https:\/\/geek-o-polis.com\/index.php\/wp-json\/wp\/v2\/comments?post=56584"}],"version-history":[{"count":0,"href":"https:\/\/geek-o-polis.com\/index.php\/wp-json\/wp\/v2\/posts\/56584\/revisions"}],"wp:featuredmedia":[{"embeddable":true,"href":"https:\/\/geek-o-polis.com\/index.php\/wp-json\/"}],"wp:attachment":[{"href":"https:\/\/geek-o-polis.com\/index.php\/wp-json\/wp\/v2\/media?parent=56584"}],"wp:term":[{"taxonomy":"category","embeddable":true,"href":"https:\/\/geek-o-polis.com\/index.php\/wp-json\/wp\/v2\/categories?post=56584"},{"taxonomy":"post_tag","embeddable":true,"href":"https:\/\/geek-o-polis.com\/index.php\/wp-json\/wp\/v2\/tags?post=56584"}],"curies":[{"name":"wp","href":"https:\/\/api.w.org\/{rel}","templated":true}]}}