{"id":5020,"date":"2020-07-08T09:00:00","date_gmt":"2020-07-08T07:00:00","guid":{"rendered":"http:\/\/geek-o-polis.com\/?p=5020"},"modified":"2020-07-08T09:00:00","modified_gmt":"2020-07-08T07:00:00","slug":"les-editions-sema-vous-proposent-des-offres-speciales-pour-lete","status":"publish","type":"post","link":"https:\/\/geek-o-polis.com\/index.php\/2020\/07\/08\/les-editions-sema-vous-proposent-des-offres-speciales-pour-lete\/","title":{"rendered":"Les Editions Sema vous proposent des offres sp\u00e9ciales pour l&rsquo;\u00e9t\u00e9 #1"},"content":{"rendered":"<p style=\"text-align:center;\">Hey hey les geekos, on ne change pas une \u00e9quipe qui gagne. Aujourd&rsquo;hui, je viens \u00e0 nouveau vous parler de Sema Editions. Que voulez-vous? Je suis accro \u00e0 leurs publications et puis <span style=\"color:#008080;\"><strong>ce serait dommage de rater les super promos qu&rsquo;ils nous offrent pour passer un super \u00e9t\u00e9 et de super vacances.<\/strong><\/span><\/p>\n<p style=\"text-align:center;\">Oui, je vois venir bande de petits curieux, vous allez me dire, mais c&rsquo;est quoi les super promos dont tu parles? On veut savoir! Alors, c&rsquo;est parti, <strong><span style=\"color:#339966;\">je vous pr\u00e9sente les diff\u00e9rents packs, mais avant sachez qu&rsquo;il y en aura pour tous les go\u00fbts litt\u00e9raires et tous les \u00e2ges et que tous les packs sont disponibles au prix de 25 \u20ac sur le site<a style=\"color:#339966;\" href=\"http:\/\/www.sema-editions.com\/fr\/\" target=\"_blank\" rel=\"noopener\"> des Editions Sema.<\/a><\/span><\/strong><\/p>\n<h4 style=\"text-align:center;\"><span style=\"color:#800000;\">Le pack thriller\/horrifique comprend<\/span><\/h4>\n<p><img loading=\"lazy\" decoding=\"async\" class=\"size-full wp-image-5023 aligncenter\" src=\"https:\/\/geek-o-polis.com\/wp-content\/uploads\/2020\/07\/promo-thrillers-horrifiques.jpg\" alt=\"\" width=\"250\" height=\"250\" \/><\/p>\n<p style=\"text-align:center;\"><span style=\"text-decoration:underline;color:#ff0000;\"><strong>Pour quelques grammes d&rsquo;\u00e9ternit\u00e9 de Philippe Dumont<\/strong><\/span><\/p>\n<p><img loading=\"lazy\" decoding=\"async\" class=\"size-full wp-image-5025 aligncenter\" src=\"https:\/\/geek-o-polis.com\/wp-content\/uploads\/2020\/07\/pour-quelques-grammes-d-eternite-par-philippe-dumont.jpg\" alt=\"\" width=\"250\" height=\"250\" \/><\/p>\n<blockquote>\n<p style=\"text-align:center;\">Dans le Bruxelles d\u2019apr\u00e8s-guerre, le commissaire Van Geluwe se trouve \u00e0 la t\u00eate d\u2019une enqu\u00eate relative au suicide d\u2019un \u00e9v\u00eaque, retrouv\u00e9 pendu dans la cath\u00e9drale Saints-Michel-et-Gudule. La particularit\u00e9 ne s\u2019arr\u00eate pas l\u00e0 : avant de mettre fin \u00e0 ses jours, l\u2019eccl\u00e9siastique s\u2019est crev\u00e9 les yeux. Naviguant entre l\u2019\u00c9glise et le milieu mondain, la recherche de la v\u00e9rit\u00e9 passera par un cercle de riches collectionneurs, \u00ab Les amis du Temps \u00bb.<\/p>\n<p style=\"text-align:center;\">Que cache cette \u00e9trange association ? Quel est son but exact ?<\/p>\n<p style=\"text-align:center;\">L\u2019objet du crime n\u2019a peut-\u00eatre jamais aussi bien port\u00e9 son nom.<\/p>\n<p style=\"text-align:center;\">M\u00e9fiez-vous de ce que vous souhaitez, vous pourriez tr\u00e8s bien l\u2019obtenir\u2026<\/p>\n<\/blockquote>\n<p style=\"text-align:center;\"><span style=\"text-decoration:underline;\"><strong><span style=\"color:#ff0000;text-decoration:underline;\">A l&rsquo;heure o\u00f9 je succombe de Jean-Pierre Favard<\/span><\/strong><\/span><\/p>\n<p><img loading=\"lazy\" decoding=\"async\" class=\"size-full wp-image-5027 aligncenter\" src=\"https:\/\/geek-o-polis.com\/wp-content\/uploads\/2020\/07\/a-l-heure-ou-je-succombe-par-jean-pierre-favarda.jpg\" alt=\"\" width=\"250\" height=\"250\" \/><\/p>\n<blockquote>\n<p class=\"Standard\" style=\"text-align:center;\"><span lang=\"fr\" xml:lang=\"fr\">Ils pensaient passer quelques jours loin du monde et des ennuis, mais ils vont devoir faire face au pass\u00e9\u2026 et \u00e0 bien plus. Apparitions inqui\u00e9tantes, disparitions inexpliqu\u00e9es et ph\u00e9nom\u00e8nes \u00e9tranges vont les pousser \u00e0 revoir leurs certitudes. Peu \u00e0 peu, la for\u00eat se referme sur eux, jusqu\u2019\u00e0 d\u00e9livrer son terrible secret\u2026<\/span><span lang=\"fr\" xml:lang=\"fr\">Entre nostalgie et angoisse, un retour aux sources qui s\u2019av\u00e8re bien plus dangereux qu\u2019il n\u2019y para\u00eet.<\/span><\/p>\n<p class=\"Standard\" style=\"text-align:center;\"><span lang=\"fr\" xml:lang=\"fr\">\u00a0Initialement paru sous le titre \u00ab\u00a0La seconde mort de Camille Millien\u00a0\u00bb (\u00e9ditions Le Panier d\u2019Orties, 2009) puis au sein du recueil \u00ab\u00a0Le destin des morts\u00a0\u00bb (\u00e9ditions Lokomodo, 2012), \u00ab\u00a0\u00c0 l\u2019heure o\u00f9 je succombe\u00a0\u00bb vous entra\u00eenera au c\u0153ur du Morvan l\u00e9gendaire et myst\u00e9rieux. Terre des druides et des brumes, des non-dits et des taiseux, des vivants et des morts\u2026 Ne dit-on pas, \u00e0 son sujet, qu\u2019il ne vient de ces terres-l\u00e0 \u00ab\u00a0ni bon vent, ni bonnes gens\u00a0\u00bb ?<\/span><\/p>\n<p class=\"Standard\" style=\"text-align:center;\"><span lang=\"fr\" xml:lang=\"fr\">Voici venu le temps de le v\u00e9rifier.<\/span><\/p>\n<\/blockquote>\n<h4 style=\"text-align:center;\"><span style=\"color:#800000;\">Le pack voyage comprend<\/span><\/h4>\n<p><img loading=\"lazy\" decoding=\"async\" class=\"size-full wp-image-5030 aligncenter\" src=\"https:\/\/geek-o-polis.com\/wp-content\/uploads\/2020\/07\/promo-voyage.jpg\" alt=\"\" width=\"250\" height=\"250\" \/><\/p>\n<p style=\"text-align:center;\"><span style=\"text-decoration:underline;\"><strong><span style=\"color:#ff0000;text-decoration:underline;\">Gandhara de Richard Canal<\/span><\/strong><\/span><\/p>\n<p><img loading=\"lazy\" decoding=\"async\" class=\"size-full wp-image-5031 aligncenter\" src=\"https:\/\/geek-o-polis.com\/wp-content\/uploads\/2020\/07\/gandhara-de-richard-canal.jpg\" alt=\"\" width=\"250\" height=\"250\" \/><\/p>\n<blockquote>\n<p style=\"text-align:center;\">Daniel Kissling, d\u00e9tective priv\u00e9 sans ambition, vit comme il peut de petits contrats jusqu\u2019au jour o\u00f9 un riche collectionneur lui demande de retrouver une statue extr\u00eamement rare qu\u2019il vient d\u2019acheter et qui n\u2019est jamais arriv\u00e9e \u00e0 destination.<\/p>\n<div class=\"rte\" style=\"text-align:center;\">Daniel, \u00e9tonn\u00e9 par les moyens que le magnat met \u00e0 sa disposition, se lance sur les traces du marchand d\u2019art qui devait livrer la statue. De Nice \u00e0 Londres, de Bangkok \u00e0 Bali, jusqu\u2019aux plus hauts sommets de l\u2019Hindou-Kouch, les pistes se multiplient, plus \u00e9tranges les unes que les autres. Pourquoi le marchand d\u2019art laisse-t-il derri\u00e8re lui des \u00e9nigmes \u00e0 son attention\u00a0? Pourquoi une Chinoise irr\u00e9sistible s\u2019attache-t-elle \u00e0 lui au point de l\u2019accompagner au c\u0153ur de l\u2019enfer ?<\/div>\n<div class=\"rte\" style=\"text-align:center;\">L\u2019ombre de Joseph Conrad plane sur Gandhara. Ceci est l\u2019histoire d\u2019un homme qui apprend \u00e0 vaincre la peur dans un monde en proie au terrorisme, \u00e0 trouver la paix alors que la mort peut frapper \u00e0 tout moment.<\/div>\n<\/blockquote>\n<p style=\"text-align:center;\"><span style=\"text-decoration:underline;color:#ff0000;\"><strong>Karma de Jean-Charles Flamion<\/strong><\/span><\/p>\n<p><img loading=\"lazy\" decoding=\"async\" class=\"size-full wp-image-5032 aligncenter\" src=\"https:\/\/geek-o-polis.com\/wp-content\/uploads\/2020\/07\/karma-par-jean-charles-flamion.jpg\" alt=\"\" width=\"250\" height=\"250\" \/><\/p>\n<blockquote>\n<p style=\"text-align:center;\">Avons-nous un destin ? Nos \u00e9preuves ont-elles un sens cach\u00e9 ? Que se passe-t-il apr\u00e8s la mort ?<\/p>\n<p style=\"text-align:center;\">Ce court roman propose, \u00e0 travers le parcours d&rsquo;une \u00e2me, de vie en vie, de chercher les r\u00e9ponses \u00e0 ces questions. Sans th\u00e9ologie particuli\u00e8re, cette histoire laisse libre court \u00e0 notre interpr\u00e9tation personnelle et, qui sait, pourrait ouvrir le champ de nos r\u00e9flexions&#8230;<\/p>\n<p style=\"text-align:center;\">Bon voyage !<\/p>\n<\/blockquote>\n<h4 style=\"text-align:center;\"><span style=\"color:#800000;\">Le pack Valmont comprend<\/span><\/h4>\n<p><img loading=\"lazy\" decoding=\"async\" class=\"size-full wp-image-5034 aligncenter\" src=\"https:\/\/geek-o-polis.com\/wp-content\/uploads\/2020\/07\/promo-maxence-valmont.jpg\" alt=\"promo-maxence-valmont\" width=\"250\" height=\"250\" \/><\/p>\n<p style=\"text-align:center;\"><span style=\"text-decoration:underline;color:#ff0000;\"><strong>Pour quelques grammes d&rsquo;\u00e9ternit\u00e9 de Philippe Dumont ou Maxence Valmont (c&rsquo;est le m\u00eame auteur)<\/strong><\/span><\/p>\n<p><img loading=\"lazy\" decoding=\"async\" class=\"size-full wp-image-5025 aligncenter\" src=\"https:\/\/geek-o-polis.com\/wp-content\/uploads\/2020\/07\/pour-quelques-grammes-d-eternite-par-philippe-dumont.jpg\" alt=\"pour-quelques-grammes-d-eternite-par-philippe-dumont\" width=\"250\" height=\"250\" \/><\/p>\n<blockquote>\n<p style=\"text-align:center;\">Dans le Bruxelles d\u2019apr\u00e8s-guerre, le commissaire Van Geluwe se trouve \u00e0 la t\u00eate d\u2019une enqu\u00eate relative au suicide d\u2019un \u00e9v\u00eaque, retrouv\u00e9 pendu dans la cath\u00e9drale Saints-Michel-et-Gudule. La particularit\u00e9 ne s\u2019arr\u00eate pas l\u00e0 : avant de mettre fin \u00e0 ses jours, l\u2019eccl\u00e9siastique s\u2019est crev\u00e9 les yeux.Naviguant entre l\u2019\u00c9glise et le milieu mondain, la recherche de la v\u00e9rit\u00e9 passera par un cercle de riches collectionneurs, \u00ab Les amis du Temps \u00bb.<\/p>\n<p style=\"text-align:center;\">Que cache cette \u00e9trange association ? Quel est son but exact ?<\/p>\n<p style=\"text-align:center;\">L\u2019objet du crime n\u2019a peut-\u00eatre jamais aussi bien port\u00e9 son nom.<\/p>\n<p style=\"text-align:center;\">M\u00e9fiez-vous de ce que vous souhaitez, vous pourriez tr\u00e8s bien l\u2019obtenir\u2026<\/p>\n<\/blockquote>\n<p style=\"text-align:center;\"><span style=\"text-decoration:underline;color:#ff0000;\"><strong>Le cauchemar des Brackford de Maxence Valmont<\/strong><\/span><\/p>\n<p><img loading=\"lazy\" decoding=\"async\" class=\"size-full wp-image-5035 aligncenter\" src=\"https:\/\/geek-o-polis.com\/wp-content\/uploads\/2020\/07\/le-cauchemar-des-brackford-par-maxence-valmont.jpg\" alt=\"le-cauchemar-des-brackford-par-maxence-valmont\" width=\"250\" height=\"250\" \/><\/p>\n<blockquote>\n<div style=\"text-align:center;\"><span class=\"m_-4830547926421219717x_gmail-m_-7809272320121788068gmail-_5yl5\">Jusqu\u2019o\u00f9 iriez-vous pour satisfaire vos ambitions ?<br \/><\/span><\/div>\n<div style=\"text-align:center;\"><span class=\"m_-4830547926421219717x_gmail-m_-7809272320121788068gmail-_5yl5\">Patricia Brackford, star du cin\u00e9ma muet, est quant \u00e0 elle pr\u00eate \u00e0 tout. S\u2019abandonnant aux plus ignobles stratag\u00e8mes, elle vivra jusqu\u2019\u00e0 la folie la pi\u00e8ce \u00e9crite par elle.<br \/><\/span><\/div>\n<div style=\"text-align:center;\"><span class=\"m_-4830547926421219717x_gmail-m_-7809272320121788068gmail-_5yl5\">Mais attention, si l\u2019amour n\u2019est pas toujours \u00e9ternel, l\u2019exquise vengeance se d\u00e9guste avec lenteur sur le long terme.<br \/><\/span><\/div>\n<div style=\"text-align:center;\"><span class=\"m_-4830547926421219717x_gmail-m_-7809272320121788068gmail-_5yl5\">Un thriller sans concessions dans l\u2019univers feutr\u00e9 de la haute bourgeoisie anglaise de 1927.<br \/><\/span><\/div>\n<div style=\"text-align:center;\"><span class=\"m_-4830547926421219717x_gmail-m_-7809272320121788068gmail-_5yl5\">Une insoutenable plong\u00e9e dans Le Cauchemar des Brackford !<\/span><\/div>\n<\/blockquote>\n<h4 style=\"text-align:center;\"><span style=\"color:#800000;\">Le pack Grisommes comprend<\/span><\/h4>\n<p><img loading=\"lazy\" decoding=\"async\" class=\"size-full wp-image-5037 aligncenter\" src=\"https:\/\/geek-o-polis.com\/wp-content\/uploads\/2020\/07\/pack-grisommes.jpg\" alt=\"pack-grisommes\" width=\"250\" height=\"250\" \/><\/p>\n<p style=\"text-align:center;\"><span style=\"text-decoration:underline;color:#ff0000;\"><strong>Les Grisommes, tome 1 de Fr\u00e9d\u00e9ric Livyns<\/strong><\/span><\/p>\n<p><img loading=\"lazy\" decoding=\"async\" class=\"size-full wp-image-5038 aligncenter\" src=\"https:\/\/geek-o-polis.com\/wp-content\/uploads\/2020\/07\/les-grisommes-tome-1.jpg\" alt=\"les-grisommes-tome-1\" width=\"250\" height=\"250\" \/><\/p>\n<blockquote>\n<p style=\"font-weight:400;text-align:center;\">Qui est l\u2019\u00e9trange vieillard qui a confi\u00e9 \u00e0 Nathan cette mission et quel r\u00f4le la belle jeune fille qui l\u2019accompagne dans sa qu\u00eate va-t-elle jouer \u00e0 ses c\u00f4t\u00e9s ? Mais, surtout, l\u2019imagination de l\u2019adolescent sera-t-elle assez forte pour vaincre celle des Grisommes ?<\/p>\n<p style=\"font-weight:400;text-align:center;\">Con\u00e7ue sp\u00e9cialement dans une forme rappelant les aventures de jeux vid\u00e9o, cette histoire de Fr\u00e9d\u00e9ric Livyns, deux fois laur\u00e9at du prix Masterton, enchantera \u00e0 coup s\u00fbr les jeunes et moins jeunes lecteurs !<\/p>\n<\/blockquote>\n<p style=\"text-align:center;\"><span style=\"text-decoration:underline;\"><strong><span style=\"color:#ff0000;text-decoration:underline;\">Les grisommes, tome 2 de Fr\u00e9d\u00e9ric Livyns<\/span><\/strong><\/span><\/p>\n<p><img loading=\"lazy\" decoding=\"async\" class=\"size-full wp-image-5039 aligncenter\" src=\"https:\/\/geek-o-polis.com\/wp-content\/uploads\/2020\/07\/les-grisommes-tome-2-chatiment.jpg\" alt=\"les-grisommes-tome-2-chatiment\" width=\"250\" height=\"250\" \/><\/p>\n<blockquote>\n<p style=\"text-align:center;\">Les Grisommes continuent de menacer l\u2019ordre du monde, recourant \u00e0 des stratag\u00e8mes toujours plus sombres et faisant appel \u00e0 de myst\u00e9rieux alli\u00e9s. Nathan, aid\u00e9 d\u2019Orianne, devra utiliser davantage que son imagination pour surmonter les \u00e9preuves auxquelles il sera confront\u00e9, allant jusqu\u2019\u00e0 combattre les cr\u00e9atures mythiques des contes de son enfance\u2026 qui ne sont plus tout \u00e0 fait comme dans ses souvenirs.<\/p>\n<p style=\"text-align:center;\">Avec ce second tome, Fr\u00e9d\u00e9ric Livyns continue de nous prouver qu\u2019il a plus d\u2019une corde \u00e0 son arc pour surprendre et divertir petits et grands.<\/p>\n<p style=\"text-align:center;\">Plongez d\u00e8s \u00e0 pr\u00e9sent dans un nouveau monde\u00a0!<\/p>\n<\/blockquote>\n<p style=\"text-align:center;\"><span style=\"text-decoration:underline;color:#ff0000;\"><strong>Les grisommes, tome 3 de Fr\u00e9d\u00e9ric Livyns<\/strong><\/span><\/p>\n<p><img loading=\"lazy\" decoding=\"async\" class=\"size-full wp-image-5040 aligncenter\" src=\"https:\/\/geek-o-polis.com\/wp-content\/uploads\/2020\/07\/les-grisommes-tome-3-redemption-par-frederic-livyns.jpg\" alt=\"les-grisommes-tome-3-redemption-par-frederic-livyns\" width=\"250\" height=\"250\" \/><\/p>\n<blockquote>\n<p style=\"text-align:center;\">S\u00e9par\u00e9 d\u2019Orianne suite \u00e0 son combat contre S\u00e9bastien, Nathan a jur\u00e9 de tout faire pour la rejoindre et s\u2019est lanc\u00e9 \u00e0 sa recherche.<br \/>Que trouvera-t-il derri\u00e8re les portes massives emp\u00eachant l\u2019acc\u00e8s \u00e0 un nouveau monde aussi effrayant que dangereux ?<br \/>Pour survivre \u00e0 cette aventure, le jeune homme pourra compter sur de nouveaux alli\u00e9s, aussi loufoques que fid\u00e8les.<br \/>Le danger rev\u00eat diff\u00e9rentes formes en cet endroit, et Nathan, priv\u00e9 de ses pouvoirs, devra faire appel \u00e0 son courage et \u00e0 son ing\u00e9niosit\u00e9 pour d\u00e9jouer les nombreux pi\u00e8ges qui lui seront tendus.<br \/>Aventures, humour et frissons sont au programme de cet ultime tome.<\/p>\n<\/blockquote>\n<p style=\"text-align:center;\"><span style=\"color:#008080;\"><strong>Alors tent\u00e9s par un pack? J&rsquo;en aurais d&rsquo;autres \u00e0 vous pr\u00e9senter dans un second article. De mon c\u00f4t\u00e9, je pense craquer pour le thriller horrifique et le voyage.<\/strong><\/span><\/p>\n\n\n<p><\/p>\n","protected":false},"excerpt":{"rendered":"<p>Hey hey les geekos, on ne change pas une \u00e9quipe qui gagne. Aujourd&rsquo;hui, je viens \u00e0 nouveau vous parler de Sema Editions. Que voulez-vous? Je suis accro \u00e0 leurs publications et puis ce serait dommage de rater les super promos qu&rsquo;ils nous offrent pour passer un super \u00e9t\u00e9 et de super vacances. Oui, je vois [&hellip;]<\/p>\n","protected":false},"author":4,"featured_media":5021,"comment_status":"open","ping_status":"open","sticky":false,"template":"","format":"standard","meta":{"saved_in_kubio":false,"footnotes":""},"categories":[9,33],"tags":[10217,12414,13637,16920,18798,22568,23371,24481,25689,29540,31331],"class_list":["post-5020","post","type-post","status-publish","format-standard","has-post-thumbnail","hentry","category-bla-bla","category-litterature","tag-frederic-livyns","tag-horreur","tag-jean-pierre-favard","tag-les-grisommes","tag-maxence-valmont","tag-philippe-dumont","tag-promotions","tag-richard-canal","tag-sema","tag-thriller","tag-voyage"],"_links":{"self":[{"href":"https:\/\/geek-o-polis.com\/index.php\/wp-json\/wp\/v2\/posts\/5020","targetHints":{"allow":["GET"]}}],"collection":[{"href":"https:\/\/geek-o-polis.com\/index.php\/wp-json\/wp\/v2\/posts"}],"about":[{"href":"https:\/\/geek-o-polis.com\/index.php\/wp-json\/wp\/v2\/types\/post"}],"author":[{"embeddable":true,"href":"https:\/\/geek-o-polis.com\/index.php\/wp-json\/wp\/v2\/users\/4"}],"replies":[{"embeddable":true,"href":"https:\/\/geek-o-polis.com\/index.php\/wp-json\/wp\/v2\/comments?post=5020"}],"version-history":[{"count":0,"href":"https:\/\/geek-o-polis.com\/index.php\/wp-json\/wp\/v2\/posts\/5020\/revisions"}],"wp:featuredmedia":[{"embeddable":true,"href":"https:\/\/geek-o-polis.com\/index.php\/wp-json\/"}],"wp:attachment":[{"href":"https:\/\/geek-o-polis.com\/index.php\/wp-json\/wp\/v2\/media?parent=5020"}],"wp:term":[{"taxonomy":"category","embeddable":true,"href":"https:\/\/geek-o-polis.com\/index.php\/wp-json\/wp\/v2\/categories?post=5020"},{"taxonomy":"post_tag","embeddable":true,"href":"https:\/\/geek-o-polis.com\/index.php\/wp-json\/wp\/v2\/tags?post=5020"}],"curies":[{"name":"wp","href":"https:\/\/api.w.org\/{rel}","templated":true}]}}