{"id":47129,"date":"2021-07-28T09:00:00","date_gmt":"2021-07-28T07:00:00","guid":{"rendered":"https:\/\/geek-o-polis.com\/?p=47129"},"modified":"2021-07-28T09:00:00","modified_gmt":"2021-07-28T07:00:00","slug":"mille-feuilles-dautomne-de-jean-pierre-passaquet","status":"publish","type":"post","link":"https:\/\/geek-o-polis.com\/index.php\/2021\/07\/28\/mille-feuilles-dautomne-de-jean-pierre-passaquet\/","title":{"rendered":"Mille feuilles d&rsquo;automne de Jean-Pierre Passaquet"},"content":{"rendered":"<p style=\"text-align:center;\">Hey hey les geekos, on se retrouve aujourd&rsquo;hui avec un roman un peu plus contemporain et il s&rsquo;agit de <strong>Mille feuilles d&rsquo;automne de Jean-Pierre Passaquet chez Librinova.<\/strong><\/p>\n<blockquote>\n<p style=\"text-align:center;\"><span style=\"color:#ffcc00;\"><strong>\u00ab La maladie et le pass\u00e9 seront affront\u00e9s ensemble. Ils seront gu\u00e9ris ensemble. Le moment venu souvent repouss\u00e9 est devenu le moment indispensable. \u00bb<\/strong><\/span><\/p>\n<p><span style=\"color:#ffcc00;\">Forc\u00e9 \u00e0 l\u2019immobilit\u00e9 par une hospitalisation, Michel saisit cette occasion pour puiser parmi les milliers<\/span> <span style=\"color:#ff9900;\">de petites feuilles d\u2019automne qui composent sa m\u00e9moire. D\u00e9roulant cette guirlande de souvenirs aux couleurs hypnotiques, il d\u00e9cortique l\u2019enfance qui l\u2019a construit \u2013 et enferm\u00e9 dans un carcan de souffrances.<\/span><\/p>\n<p><strong><span style=\"color:#ff9900;\">Port\u00e9 par une plume po\u00e9tique,\u00a0<i>Mille feuilles d\u2019automne<\/i>\u00a0est le voyage synesth\u00e9sique d\u2019un vieil enfant r\u00e9solu \u00e0 la lib\u00e9ration ; lib\u00e9ration de la parole, lib\u00e9ration de soi-m\u00eame, lib\u00e9ration de soixante-dix automnes de non-dits et de secrets.<\/span><\/strong><\/p>\n<\/blockquote>\n<p><img loading=\"lazy\" decoding=\"async\" class=\" wp-image-47131 aligncenter\" src=\"https:\/\/geek-o-polis.com\/wp-content\/uploads\/2021\/06\/mille-feuilles-dautomne.png\" alt=\"mille feuilles d'automne\" width=\"351\" height=\"541\" \/><\/p>\n<p style=\"text-align:center;\"><span style=\"color:#ff9900;\"><em>#Millefeuillesdautomne #NetGalleyFrance<\/em><\/span><\/p>\n<p style=\"text-align:center;\"><span style=\"color:#ff9900;\"><strong>Ne me demandez pas pourquoi mais la couverture et le titre de ce roman m&rsquo;ont imm\u00e9diatement attir\u00e9e,<\/strong><\/span> je trouvais qu&rsquo;ils collaient tellement bien ensemble. Apr\u00e8s le r\u00e9sum\u00e9 m&rsquo;intriguait aussi tout en me faisant h\u00e9siter quand m\u00eame. Finalement, j&rsquo;ai pass\u00e9 un bon moment avec ce roman, m\u00eame s&rsquo;il n&rsquo;est pas toujours joyeux.<\/p>\n<p style=\"text-align:center;\"><span style=\"color:#ff9900;\"><strong>Les chapitres ont tous un nom qui est bien choisi par rapport \u00e0 ce que l&rsquo;histoire va nous apporter<\/strong> <\/span>et je les trouve assez po\u00e9tique pour certains comme \u00ab\u00a0Petites feuilles d&rsquo;automne\u00a0\u00bb, \u00ab\u00a0Solstice d&rsquo;hiver\u00a0\u00bb, \u00ab\u00a0Les guirlandes\u00a0\u00bb et j&rsquo;en passe.<\/p>\n<p style=\"text-align:center;\"><span style=\"color:#ff9900;\"><strong>On se retrouve donc d\u00e8s le d\u00e9part avec Michel et on comprend que tout n&rsquo;est pas rose pour lui<\/strong><\/span> vu que l&rsquo;auteur nous annonce directement que notre personnage se retrouve avec 60 mg de cortisone depuis 3 jours. On comprend qu&rsquo;il devra se battre, car on nous parle d&rsquo;une guerre qui sera longue. Au d\u00e9part, on est un peu perdus, on se demande o\u00f9 on est et o\u00f9 on va, car on a l&rsquo;impression que l&rsquo;auteur nous emm\u00e8ne totalement ailleurs, \u00e0 travers sa plume po\u00e9tique.<\/p>\n<p style=\"text-align:center;\"><span style=\"color:#ff9900;\"><strong>Mais, finalement, on finit tr\u00e8s vite par savoir que Michel est bien malade.<\/strong><\/span> \u00c7a, on l&rsquo;avait donc bien compris et puis tous les moments po\u00e9tiques dans lesquels nous sommes entrain\u00e9s, ce sont les souvenirs de notre protagoniste. On s&rsquo;attache \u00e9norm\u00e9ment \u00e0 Michel et \u00e0 toutes ses pens\u00e9es, nous sommes boulevers\u00e9s, mais en m\u00eame temps, tellement touch\u00e9s. On est aussi charm\u00e9s par la magnifique plume de l&rsquo;auteur qui, \u00e0 aucun moment, ne nous fait tomber dans le pathos. On est dans la peau de notre protagoniste, on ressent ses \u00e9motions, on vit ses souvenirs avec lui, tant l&rsquo;auteur nous fait de belles descriptions.<\/p>\n<p style=\"text-align:center;\"><span style=\"color:#ff9900;\"><em>Beaucoup de th\u00e8mes comme la famille ou le deuil sont abord\u00e9s, mais, m\u00eame si ce sont des sujets assez difficiles, on ne voit pas les pages se tourner tant nous voulons suivre Michel.<\/em><\/span><\/p>\n\n\n<figure class=\"wp-block-jetpack-rating-star is-style-outlined\" style=\"text-align:center;\"><span style=\"color:#ff6900;\">\u2605<\/span><span style=\"color:#ff6900;\">\u2605<\/span><span style=\"color:#ff6900;\">\u2605<\/span><span style=\"color:#ff6900;\">\u2605<\/span><\/figure>\n","protected":false},"excerpt":{"rendered":"<p>Hey hey les geekos, on se retrouve aujourd&rsquo;hui avec un roman un peu plus contemporain et il s&rsquo;agit de Mille feuilles d&rsquo;automne de Jean-Pierre Passaquet chez Librinova. \u00ab La maladie et le pass\u00e9 seront affront\u00e9s ensemble. Ils seront gu\u00e9ris ensemble. Le moment venu souvent repouss\u00e9 est devenu le moment indispensable. \u00bb Forc\u00e9 \u00e0 l\u2019immobilit\u00e9 par [&hellip;]<\/p>\n","protected":false},"author":4,"featured_media":47131,"comment_status":"open","ping_status":"open","sticky":false,"template":"","format":"standard","meta":{"saved_in_kubio":false,"footnotes":""},"categories":[33],"tags":[61,2461,13693,17212,19468],"class_list":["post-47129","post","type-post","status-publish","format-standard","has-post-thumbnail","hentry","category-litterature","tag-netgalleyfrance","tag-auto-edition","tag-jean-pierre-passaquet","tag-librinova","tag-mille-feuilles-dautomnes"],"_links":{"self":[{"href":"https:\/\/geek-o-polis.com\/index.php\/wp-json\/wp\/v2\/posts\/47129","targetHints":{"allow":["GET"]}}],"collection":[{"href":"https:\/\/geek-o-polis.com\/index.php\/wp-json\/wp\/v2\/posts"}],"about":[{"href":"https:\/\/geek-o-polis.com\/index.php\/wp-json\/wp\/v2\/types\/post"}],"author":[{"embeddable":true,"href":"https:\/\/geek-o-polis.com\/index.php\/wp-json\/wp\/v2\/users\/4"}],"replies":[{"embeddable":true,"href":"https:\/\/geek-o-polis.com\/index.php\/wp-json\/wp\/v2\/comments?post=47129"}],"version-history":[{"count":0,"href":"https:\/\/geek-o-polis.com\/index.php\/wp-json\/wp\/v2\/posts\/47129\/revisions"}],"wp:featuredmedia":[{"embeddable":true,"href":"https:\/\/geek-o-polis.com\/index.php\/wp-json\/"}],"wp:attachment":[{"href":"https:\/\/geek-o-polis.com\/index.php\/wp-json\/wp\/v2\/media?parent=47129"}],"wp:term":[{"taxonomy":"category","embeddable":true,"href":"https:\/\/geek-o-polis.com\/index.php\/wp-json\/wp\/v2\/categories?post=47129"},{"taxonomy":"post_tag","embeddable":true,"href":"https:\/\/geek-o-polis.com\/index.php\/wp-json\/wp\/v2\/tags?post=47129"}],"curies":[{"name":"wp","href":"https:\/\/api.w.org\/{rel}","templated":true}]}}