{"id":45933,"date":"2021-06-15T17:30:00","date_gmt":"2021-06-15T15:30:00","guid":{"rendered":"https:\/\/geek-o-polis.com\/?p=45933"},"modified":"2021-06-15T17:30:00","modified_gmt":"2021-06-15T15:30:00","slug":"sortie-bd-et-manga-de-glenat-du-16-juin-2021","status":"publish","type":"post","link":"https:\/\/geek-o-polis.com\/index.php\/2021\/06\/15\/sortie-bd-et-manga-de-glenat-du-16-juin-2021\/","title":{"rendered":"Sortie BD et manga de Gl\u00e9nat du 16 juin 2021"},"content":{"rendered":"<h3 style=\"text-align:center;\"><span style=\"color:#ff0000;\">Voici les sorties BD et mangas de Gl\u00e9nat \u00e9dition pour le 16 juin 2021.<\/span><\/h3>\n<h1 style=\"text-align:center;\">BD<\/h1>\n<h1 style=\"text-align:center;\">24 Heures du Mans &#8211; Coffret<\/h1>\n<p><img loading=\"lazy\" decoding=\"async\" class=\"wp-image-45936 aligncenter\" src=\"https:\/\/geek-o-polis.com\/wp-content\/uploads\/2021\/06\/24-heures-du-mans-coffret.jpeg\" alt=\"24 Heures du Mans - Coffret\" width=\"301\" height=\"369\" \/><\/p>\n<p>R\u00e9unissant trois albums de la plus mythique des courses automobiles, ce coffret permet de (re)d\u00e9couvrir trois p\u00e9riodes marquantes de l\u2019histoire des 24 Heures du Mans : la domination de la marque Jaguar (1951-1957) par Denis Bernard et Christian Papazoglakis, le duel Ferrari vs Ford (1964-1967) par les m\u00eames auteurs avec Robert Paquet en renfort et le dernier choc des titans du XX<sup>e<\/sup>\u00a0si\u00e8cle, rassemblant les plus grands constructeurs de l\u2019\u00e8re moderne (1999) par LF Boll\u00e9e, Bad et toujours Robert Paquet.<\/p>\n<h3 style=\"text-align:center;\"><span style=\"color:#ff0000;\">BD vendue au prix de 45\u20ac.<\/span><\/h3>\n<h1 style=\"text-align:center;\">24 heures du Mans &#8211; 1961-1963<\/h1>\n<p><img loading=\"lazy\" decoding=\"async\" class=\"wp-image-45937 aligncenter\" src=\"https:\/\/geek-o-polis.com\/wp-content\/uploads\/2021\/06\/24-heures-du-mans-1961-1963.jpeg\" alt=\"24 heures du Mans - 1961-1963\" width=\"300\" height=\"400\" \/><\/p>\n<p>En 1961, au d\u00e9part des 24 heures du Mans, la sup\u00e9riorit\u00e9 de Ferrari s\u2019appr\u00eate \u00e0 devenir h\u00e9g\u00e9monique. Apr\u00e8s sa victoire en 1960 face \u00e0 Aston Martin, la marque au cheval cabr\u00e9 compte bien prouver l&rsquo;efficacit\u00e9 de ses TR61 et 250GT. Face \u00e0 elles, les Aston Martin marqueront le pas et seules les Maserati pourront rivaliser un temps. Mais apr\u00e8s plus de 4.000 kilom\u00e8tres d\u2019asphalte parcourus, trois\u00a0Ferrari occupent les trois premi\u00e8res places du classement g\u00e9n\u00e9ral. Mais ce n&rsquo;est que le d\u00e9but d&rsquo;une nouvelle \u00e8re !<\/p>\n<h3 style=\"text-align:center;\"><span style=\"color:#ff0000;\">BD vendue au prix de 14,50\u20ac.<\/span><\/h3>\n<h1 style=\"text-align:center;\">La Mo\u00efra &#8211; Tome 1<\/h1>\n<p><img loading=\"lazy\" decoding=\"async\" class=\"wp-image-45939 aligncenter\" src=\"https:\/\/geek-o-polis.com\/wp-content\/uploads\/2021\/06\/la-moira-tome-1.jpeg\" alt=\"La Mo\u00efra - Tome 1\" width=\"300\" height=\"400\" \/><\/p>\n<p>Sur l\u2019\u00eele de Gaelia, la vie des peuples est dirig\u00e9e par les Druides, d\u00e9positaires d\u2019un pouvoir ancestral et naturel et par le Haut-Roi, chr\u00e9tien et puissant monarque. Mais l\u2019\u00e9quilibre du royaume est menac\u00e9 par un seigneur noir ren\u00e9gat dont le but est de d\u00e9truire le conseil des Druides et de s\u2019emparer du pouvoir. Loin de ces querelles, la vie d\u2019Al\u00e9a, jeune fille des rues qui vole pour manger, bascule le jour o\u00f9 elle trouve une bague sur un cadavre qui lui conf\u00e8re de puissants et myst\u00e9rieux pouvoirs.<\/p>\n<h3 style=\"text-align:center;\"><span style=\"color:#ff0000;\">BD vendue au prix de 15,50\u20ac.<\/span><\/h3>\n<h1 style=\"text-align:center;\">Les G\u00e9ants &#8211; Tome 3<\/h1>\n<p><img loading=\"lazy\" decoding=\"async\" class=\"wp-image-45941 aligncenter\" src=\"https:\/\/geek-o-polis.com\/wp-content\/uploads\/2021\/06\/les-geants-tome-3.jpeg\" alt=\"Les G\u00e9ants - Tome 3\" width=\"300\" height=\"408\" \/><\/p>\n<p>Le monde conna\u00eet d\u00e9sormais l\u2019existence des G\u00e9ants. En s\u2019affrontant devant les cam\u00e9ras, Alyphar, Adryel et Yrso ont t\u00e9moign\u00e9 de leur incommensurable puissance. La population et les institutions plan\u00e9taires s\u2019\u00e9merveillent autant qu\u2019elles s\u2019inqui\u00e8tent\u00a0: peut-on vraiment contr\u00f4ler ces \u00e9tranges monstruosit\u00e9s\u00a0? Colin Crossland veut prouver qu\u2019il est le seul \u00e0 en \u00eatre capable et tente de liguer l\u2019opinion publique contre \u00c9rin et Siegfried. Dans le m\u00eame temps, au Cambodge, une jeune fille nomm\u00e9e Leap dit pouvoir communiquer avec les pierres.<\/p>\n<h3 style=\"text-align:center;\"><span style=\"color:#ff0000;\">BD vendue au prix de 10,95\u20ac.<\/span><\/h3>\n<h1 style=\"text-align:center;\">Gil Saint-Andr\u00e9 &#8211; Tome 14<\/h1>\n<p><img loading=\"lazy\" decoding=\"async\" class=\"wp-image-45943 aligncenter\" src=\"https:\/\/geek-o-polis.com\/wp-content\/uploads\/2021\/06\/gil-saint-andre-tome-14.jpeg\" alt=\"Gil Saint-Andr\u00e9 - Tome 14\" width=\"300\" height=\"408\" \/><\/p>\n<p>Redevenu \u00e0 la fois lyonnais et auto-entrepreneur, toujours au volant de sa l\u00e9gendaire DS Citro\u00ebn ann\u00e9e 1970, Gil Saint-Andr\u00e9 arpente la ville et ses alentours, affrontant embouteillages et investisseurs avec sa bonhommie habituelle\u2026 Mais ce quotidien tranquille s\u2019ach\u00e8ve quand son avion est sabot\u00e9 \u00e0 la suite d\u2019une menace de mort. L\u2019accident fatal est \u00e9vit\u00e9 de justesse, mais les coups de fils anonymes se poursuivent. On lui reproche d\u2019avoir viol\u00e9 et tu\u00e9 une jeune femme, il y a neuf ans, en Ari\u00e8ge. Gil se d\u00e9fend, ne comprend pas l\u2019accusation et pr\u00e9tend m\u00eame ne s\u2019\u00eatre jamais rendu dans le d\u00e9partement.<\/p>\n<h3 style=\"text-align:center;\"><span style=\"color:#ff0000;\">BD vendue au prix de 12,50\u20ac.<\/span><\/h3>\n<h1 style=\"text-align:center;\">Manga<\/h1>\n<h1 style=\"text-align:center;\">Les Enfants de la baleine &#8211; Tome 17<\/h1>\n<p><img loading=\"lazy\" decoding=\"async\" class=\"wp-image-45945 aligncenter\" src=\"https:\/\/geek-o-polis.com\/wp-content\/uploads\/2021\/06\/les-enfants-de-la-baleine-tome-17.jpeg\" alt=\"Les Enfants de la baleine - Tome 17\" width=\"300\" height=\"472\" \/><\/p>\n<p>L\u2019Empire n\u2019a jamais \u00e9t\u00e9 aussi men\u00e7ant ! Nos h\u00e9ros parviendront-ils \u00e0 \u00e9chapper aux griffes mal\u00e9fiques de Saligk\u00e1ri ?! Chakuro et ses amis ont r\u00e9ussi \u00e0 convaincre Orca de rejoindre leurs rangs, mais un myst\u00e9rieux pr\u00e9dateur, venu du navire de guerre \u201cGer\u00e1ki\u201d, assaille la \u201cBaleine de glaise\u201d et fossilise les habitants les uns apr\u00e8s les autres. M\u00eame Shuan et Ohni semblent impuissants face \u00e0 ce danger sans pr\u00e9c\u00e9dent\u2026<\/p>\n<h3 style=\"text-align:center;\"><span style=\"color:#ff0000;\">Manga vendu au prix de 6,90\u20ac.<\/span><\/h3>\n<h1 style=\"text-align:center;\">L&rsquo;\u00c8re des Cristaux &#8211; Tome 11<\/h1>\n<p><img loading=\"lazy\" decoding=\"async\" class=\"wp-image-45948 aligncenter\" src=\"https:\/\/geek-o-polis.com\/wp-content\/uploads\/2021\/06\/lere-des-cristaux-tome-11.jpeg\" alt=\"L'\u00c8re des Cristaux - Tome 11\" width=\"302\" height=\"419\" \/><\/p>\n<p>Dans un avenir lointain, les cristaux au corps immortel sont divis\u00e9s. Certains sont partis sur la Lune \u00e0 l\u2019invitation de Phosphophyllite, alors que d\u2019autres sont rest\u00e9s sur la Terre pour b\u00e2tir une nouvelle relation avec ma\u00eetre Vajra. Alors que Phos s\u2019efforce de faire fonctionner ce dernier, les autres cristaux le rep\u00e8rent et se lancent \u00e0 sa poursuite. C\u2019est l\u2019histoire de cristaux combattants, forts, fragiles et beaux.<\/p>\n<h3 style=\"text-align:center;\"><span style=\"color:#ff0000;\">Manga vendu au prix de 7,60\u20ac.<\/span><\/h3>\n<h1 style=\"text-align:center;\">100 jours avant ta mort &#8211; Tome 3<\/h1>\n<p><img loading=\"lazy\" decoding=\"async\" class=\"wp-image-45951 aligncenter\" src=\"https:\/\/geek-o-polis.com\/wp-content\/uploads\/2021\/06\/100-jours-avant-ta-mort-tome-3.jpeg\" alt=\"100 jours avant ta mort - Tome 3\" width=\"301\" height=\"418\" \/><\/p>\n<p>Malgr\u00e9 ses efforts acharn\u00e9s, Taro ne r\u00e9ussit pas \u00e0 stabiliser l\u2019esp\u00e9rance de vie d\u2019Umi. Itsuki est mal \u00e0 l\u2019aise de le voir se d\u00e9mener de cette fa\u00e7on. Va-t-il r\u00e9v\u00e9ler \u00e0 Umi le terrible avenir qui l\u2019attend ? Et soudain, un soir\u2026 Umi dispara\u00eet.<\/p>\n<h3 style=\"text-align:center;\"><span style=\"color:#ff0000;\">Manga vendu au prix de 7,60\u20ac.<\/span><\/h3>\n<h1 style=\"text-align:center;\">Ariadne l&#8217;empire c\u00e9leste &#8211; Tome 9<\/h1>\n<p><img loading=\"lazy\" decoding=\"async\" class=\"wp-image-45953 aligncenter\" src=\"https:\/\/geek-o-polis.com\/wp-content\/uploads\/2021\/06\/ariadne-lempire-celeste-tome-9.jpeg\" alt=\"Ariadne l'empire c\u00e9leste - Tome 9\" width=\"300\" height=\"469\" \/><\/p>\n<p>La princesse Leana et Lashil, son Chevalier de l\u2019Azur, arrivent \u00e0 Arcnemi, la ville du peuple Pent-zer. Mais les voici barr\u00e9s par un ennemi auquel ils ne s\u2019attendaient pas ! Pendant ce temps, \u00e0 Nomade, un groupe de jeunes gens se faisant appeler \u201cles onze disparus\u201d s\u00e8ment la panique avec leur \u00e9nergie photonique ! Les voici pourchass\u00e9s, \u00e0 la fois par la famille Bosso qui a la mainmise sur la ville, et par une unit\u00e9 sp\u00e9ciale charg\u00e9e d\u2019\u00e9liminer les disparus, les C\u0153ur-de-Lion ! Le conflit dans lequel Lashil et les d\u00e9tenteurs de photons sont impliqu\u00e9s s\u2019acc\u00e9l\u00e8re\u00a0!<\/p>\n<h3 style=\"text-align:center;\"><span style=\"color:#ff0000;\">Manga vendu au prix de 6,90\u20ac.<\/span><\/h3>\n","protected":false},"excerpt":{"rendered":"<p>Voici les sorties BD et mangas de Gl\u00e9nat \u00e9dition pour le 16 juin 2021. BD 24 Heures du Mans &#8211; Coffret R\u00e9unissant trois albums de la plus mythique des courses automobiles, ce coffret permet de (re)d\u00e9couvrir trois p\u00e9riodes marquantes de l\u2019histoire des 24 Heures du Mans : la domination de la marque Jaguar (1951-1957) par [&hellip;]<\/p>\n","protected":false},"author":5,"featured_media":8896,"comment_status":"open","ping_status":"open","sticky":false,"template":"","format":"standard","meta":{"saved_in_kubio":false,"footnotes":""},"categories":[8,36],"tags":[94,191,195,11019,11077,14372,15507,15846,16844,16910,18171,27001],"class_list":["post-45933","post","type-post","status-publish","format-standard","has-post-thumbnail","hentry","category-bd","category-mangas","tag-100-jours-avant-ta-mort","tag-24-heures-du-mans-1961-1963","tag-24-heures-du-mans-coffret","tag-gil-saint-andre","tag-glenat","tag-juin-2021","tag-lere-des-cristaux","tag-la-moira","tag-les-enfants-de-la-baleine","tag-les-geants","tag-manga","tag-sorties"],"_links":{"self":[{"href":"https:\/\/geek-o-polis.com\/index.php\/wp-json\/wp\/v2\/posts\/45933","targetHints":{"allow":["GET"]}}],"collection":[{"href":"https:\/\/geek-o-polis.com\/index.php\/wp-json\/wp\/v2\/posts"}],"about":[{"href":"https:\/\/geek-o-polis.com\/index.php\/wp-json\/wp\/v2\/types\/post"}],"author":[{"embeddable":true,"href":"https:\/\/geek-o-polis.com\/index.php\/wp-json\/wp\/v2\/users\/5"}],"replies":[{"embeddable":true,"href":"https:\/\/geek-o-polis.com\/index.php\/wp-json\/wp\/v2\/comments?post=45933"}],"version-history":[{"count":0,"href":"https:\/\/geek-o-polis.com\/index.php\/wp-json\/wp\/v2\/posts\/45933\/revisions"}],"wp:featuredmedia":[{"embeddable":true,"href":"https:\/\/geek-o-polis.com\/index.php\/wp-json\/"}],"wp:attachment":[{"href":"https:\/\/geek-o-polis.com\/index.php\/wp-json\/wp\/v2\/media?parent=45933"}],"wp:term":[{"taxonomy":"category","embeddable":true,"href":"https:\/\/geek-o-polis.com\/index.php\/wp-json\/wp\/v2\/categories?post=45933"},{"taxonomy":"post_tag","embeddable":true,"href":"https:\/\/geek-o-polis.com\/index.php\/wp-json\/wp\/v2\/tags?post=45933"}],"curies":[{"name":"wp","href":"https:\/\/api.w.org\/{rel}","templated":true}]}}