{"id":41387,"date":"2021-05-30T11:00:00","date_gmt":"2021-05-30T09:00:00","guid":{"rendered":"https:\/\/geek-o-polis.com\/?p=41387"},"modified":"2021-05-30T11:00:00","modified_gmt":"2021-05-30T09:00:00","slug":"qui-a-tue-sara-saison-2","status":"publish","type":"post","link":"https:\/\/geek-o-polis.com\/index.php\/2021\/05\/30\/qui-a-tue-sara-saison-2\/","title":{"rendered":"Qui a tu\u00e9 Sara ? saison 2"},"content":{"rendered":"\n<div class=\"wp-block-image\"><figure class=\"aligncenter size-large is-resized\"><img loading=\"lazy\" decoding=\"async\" src=\"https:\/\/geek-o-polis.com\/wp-content\/uploads\/2021\/05\/qatss21.jpg?w=318\" alt=\"\" class=\"wp-image-42572\" width=\"399\" height=\"201\" \/><\/figure><\/div>\n\n\n\n<p class=\"has-text-align-center\"><strong><em><span style=\"text-decoration:underline;\"><span class=\"has-inline-color has-vivid-cyan-blue-color\">Acteurs principaux<\/span><\/span><\/em><\/strong><\/p>\n\n\n\n<div class=\"wp-block-image\"><figure class=\"aligncenter size-large\"><img decoding=\"async\" src=\"https:\/\/geek-o-polis.com\/wp-content\/uploads\/2021\/05\/mc-1.jpg?w=183\" alt=\"\" class=\"wp-image-42574\" \/><figcaption><strong><em><span class=\"has-inline-color has-vivid-red-color\">Manolo Cardona<\/span><\/em><\/strong><\/figcaption><\/figure><\/div>\n\n\n\n<div class=\"wp-block-image\"><figure class=\"aligncenter size-large\"><img decoding=\"async\" src=\"https:\/\/geek-o-polis.com\/wp-content\/uploads\/2021\/05\/ggm-1.jpg?w=183\" alt=\"\" class=\"wp-image-42576\" \/><figcaption><strong><em><span class=\"has-inline-color has-vivid-red-color\">Gin\u00e9s Garc\u00eda Mill\u00e1n<\/span><\/em><\/strong><\/figcaption><\/figure><\/div>\n\n\n\n<div class=\"wp-block-image\"><figure class=\"aligncenter size-large\"><img decoding=\"async\" src=\"https:\/\/geek-o-polis.com\/wp-content\/uploads\/2021\/05\/cm-2.jpg?w=194\" alt=\"\" class=\"wp-image-42577\" \/><figcaption><strong><em><span class=\"has-inline-color has-vivid-red-color\">Carolina Miranda<\/span><\/em><\/strong><\/figcaption><\/figure><\/div>\n\n\n\n<p class=\"has-text-align-center\"><strong><em><span style=\"text-decoration:underline;\"><span class=\"has-inline-color has-vivid-cyan-blue-color\">Ann\u00e9e<\/span><\/span><\/em><\/strong><\/p>\n\n\n\n<p class=\"has-text-align-center\"><strong><em>2021<\/em><\/strong><\/p>\n\n\n\n<p class=\"has-text-align-center\"><strong><em><span style=\"text-decoration:underline;\"><span class=\"has-inline-color has-vivid-cyan-blue-color\">Nombre d&rsquo;\u00e9pisodes<\/span><\/span><\/em><\/strong><\/p>\n\n\n\n<p class=\"has-text-align-center\"><strong><em>8<\/em><\/strong><\/p>\n\n\n\n<div class=\"wp-block-image\"><figure class=\"aligncenter size-large is-resized\"><img loading=\"lazy\" decoding=\"async\" src=\"https:\/\/geek-o-polis.com\/wp-content\/uploads\/2021\/05\/qats22.jpg?w=299\" alt=\"\" class=\"wp-image-42580\" width=\"367\" height=\"205\" \/><\/figure><\/div>\n\n\n\n<p class=\"has-text-align-center\"><strong><em><span style=\"text-decoration:underline;\"><span class=\"has-inline-color has-vivid-cyan-blue-color\">Synopsis<\/span><\/span><\/em><\/strong><\/p>\n\n\n\n<p class=\"has-text-align-center\">Dix-huit ans plus t\u00f4t, la jeune <strong><em><span class=\"has-inline-color has-vivid-red-color\">Sara<\/span><\/em><\/strong> meurt d&rsquo;une chute de&nbsp;parachute ascensionnel&nbsp;lors d&rsquo;une sortie avec sa bande d&rsquo;amis. Son petit ami <strong><em><span class=\"has-inline-color has-vivid-red-color\">Rodolfo<\/span><\/em><\/strong> risque d&rsquo;\u00eatre accus\u00e9, aussi le p\u00e8re de celui-ci, <strong><em><span class=\"has-inline-color has-vivid-red-color\">C\u00e9sar Lazcano<\/span><\/em><\/strong>, demande au fr\u00e8re de <strong><em><span class=\"has-inline-color has-vivid-red-color\">Sara<\/span><\/em><\/strong>, <strong><em><span class=\"has-inline-color has-luminous-vivid-orange-color\">Alejandro<\/span><\/em><\/strong> dit <strong><em><span class=\"has-inline-color has-vivid-red-color\">Alex<\/span><\/em><\/strong>, de s&rsquo;accuser \u00e0 sa place car il ne risque qu&rsquo;une peine l\u00e9g\u00e8re. Mais il est condamn\u00e9 \u00e0 trente ans de prison.<\/p>\n\n\n\n<p class=\"has-text-align-center\">Dix-huit ans plus tard, lib\u00e9r\u00e9 pour bonne conduite et ayant appris en prison \u00e0 devenir hacker, <strong><em><span class=\"has-inline-color has-vivid-red-color\">Alex<\/span><\/em><\/strong> compte bien d\u00e9couvrir qui a tu\u00e9 sa s\u0153ur et se venger de ceux qui l&rsquo;ont mis en prison.<\/p>\n\n\n\n<div class=\"wp-block-image\"><figure class=\"aligncenter size-large is-resized\"><img loading=\"lazy\" decoding=\"async\" src=\"https:\/\/geek-o-polis.com\/wp-content\/uploads\/2021\/05\/qats23.jpg?w=317\" alt=\"\" class=\"wp-image-42583\" width=\"430\" height=\"215\" \/><\/figure><\/div>\n\n\n\n<p class=\"has-text-align-center\"><strong><em><span style=\"text-decoration:underline;\"><span class=\"has-inline-color has-vivid-cyan-blue-color\">Avis<\/span><\/span><\/em><\/strong><\/p>\n\n\n<p style=\"text-align:center;\">Cette seconde saison red\u00e9marre juste \u00e0 la fin de la premi\u00e8re, nous pensons comprendre un peu mieux <span style=\"color:#0000ff;\"><em>qui est Sara<\/em><\/span> et au final, <span style=\"color:#ff00ff;\"><em>nous nous laissons berner<\/em><\/span>. Certes, cette demoiselle n&rsquo;\u00e9tait pas ce qu&rsquo;elle pr\u00e9tendait \u00eatre et la <span style=\"color:#0000ff;\"><em>maladie psychologique<\/em><\/span> aidant \u00e0 \u00eatre la personne qu&rsquo;elle est devenue ne l&rsquo;a pas aid\u00e9e. Mais au final, ce n&rsquo;est pas le probl\u00e8me dans <span style=\"color:#ff6600;\"><em><strong>Qui a tu\u00e9 Sara ?<\/strong><\/em><span style=\"color:#000000;\">, <\/span><\/span>et \u00e7a, nous le comprendrons tout \u00e0 la fin.<\/p>\n<p style=\"text-align:center;\">Encore une fois, les <span style=\"color:#0000ff;\"><em>retournements de situations<\/em><\/span> ne manquent pas et les <span style=\"color:#ff00ff;\"><em>retournements de cerveau<\/em><\/span>\u00a0encore moins. Ils sont encore <span style=\"color:#0000ff;\"><em>plus nombreux<\/em><\/span> dans cette saison et certaines personnes que nous suspections, ne sont au final pas si <span style=\"color:#ff00ff;\"><em>mauvaises<\/em><\/span> qu&rsquo;elles pr\u00e9tendent l&rsquo;\u00eatre. M\u00eame si ces derni\u00e8res ne sont pas forc\u00e9ment des enfants de c\u0153ur, car ils ont tout de m\u00eame des vices cach\u00e9s, ils ne sont pas de mauvaises personnes. Ils en viennent m\u00eame \u00e0 en \u00eatre limite humain et \u00e7a nous fait les appr\u00e9cier un peu plus.\u00a0<\/p>\n<p style=\"text-align:center;\">Comme dans toutes bonnes s\u00e9ries qui se respectent, il ne faut <span style=\"color:#0000ff;\"><em>pas s&rsquo;attacher<\/em><\/span> aux personnages que nous affectionnons particuli\u00e8rement, car il y a des risques de tristesse en vue et des : \u201c<span style=\"color:#ff00ff;\"><em>Non pas lui ! Pourquoi ? Il n&rsquo;a rien fait !<\/em><\/span>\u201d. Eh\u00a0oui, c&rsquo;est le triste sort des meilleurs qui s&rsquo;en vont avant les m\u00e9chants. Mais \u00e7a <span style=\"color:#0000ff;\"><em>pimente<\/em><\/span> la s\u00e9rie et nous fait encore <span style=\"color:#ff00ff;\"><em>plus adh\u00e9rer<\/em><\/span> \u00e0 cette derni\u00e8re parce que nous voulons du coup que les mauvais soient <span style=\"color:#0000ff;\"><em>punis<\/em><\/span>. Pour certains autres qui paraissaient totalement innocents, c&rsquo;est la <span style=\"color:#ff00ff;\"><em>stupeur<\/em><\/span>, et l\u00e0 quand il se passe des choses contre eux, nous avons un <span style=\"color:#0000ff;\"><em>sourire sadique<\/em><\/span> sur les l\u00e8vres qui veut dire : \u201c<span style=\"color:#ff00ff;\"><em>Bien fait pour toi !<\/em><\/span>\u201d. Tandis que pour d&rsquo;autres, ils sont toujours les m\u00eames et droits dans leurs chaussures.\u00a0<\/p>\n<p style=\"text-align:center;\">L&rsquo;histoire est <span style=\"color:#0000ff;\"><em>riche en rebondissements<\/em><\/span>, surtout la fin, que nous croyons \u00e0 un moment donn\u00e9 savoir qui a enfin tu\u00e9 Sara ? Eh bien, roulement de tambours\u2026 Ce n&rsquo;est pas la personne l\u00e0 ! Donc on repart dans l&rsquo;interrogation et quand arrive enfin le <span style=\"color:#ff00ff;\"><em>d\u00e9nouement<\/em><\/span>, nous n&rsquo;en croyons pas nos yeux, car \u00e0 aucun moment, nous nous serions dout\u00e9 de cette personne.\u00a0<\/p>\n<p style=\"text-align:center;\">Par contre, la fin termine sur <span style=\"color:#0000ff;\"><em>un joli cliffhanger<\/em><\/span>, nous pouvons donc esp\u00e9rer que nous aurons droit \u00e0 <span style=\"color:#ff00ff;\"><em>une troisi\u00e8me saison<\/em><\/span> juste pour savoir ce qu&rsquo;<span style=\"color:#ff0000;\"><strong><em>Alex<\/em><\/strong><\/span> va faire et va comprendre de tout \u00e7a.\u00a0<\/p>\n\n\n<div class=\"wp-block-image\"><figure class=\"aligncenter size-large is-resized\"><img loading=\"lazy\" decoding=\"async\" src=\"https:\/\/geek-o-polis.com\/wp-content\/uploads\/2021\/05\/qats24.jpg?w=308\" alt=\"\" class=\"wp-image-42587\" width=\"390\" height=\"204\" \/><\/figure><\/div>\n\n\n\n<p class=\"has-text-align-center\"><strong><em><span style=\"text-decoration:underline;\"><span class=\"has-inline-color has-vivid-cyan-blue-color\">En bref<\/span><\/span><\/em><\/strong><\/p>\n\n\n<p style=\"text-align:center;\">Une seconde saison tr\u00e8s <span style=\"color:#0000ff;\"><em><span class=\"has-inline-color has-vivid-cyan-blue-color\">bien construite<\/span><\/em><\/span>, avec un jeu d&rsquo;acteur vraiment <span style=\"color:#ff00ff;\"><em>remarquable<\/em><\/span>. De tr\u00e8s bons retournements de situations qui nous tiennent en haleine tout du long. Juste un b\u00e9mol, des effets sp\u00e9ciaux, sur un plan en particulier, <span style=\"color:#0000ff;\"><em>vraiment mauvais<\/em><\/span> tout comme au d\u00e9but de la premi\u00e8re saison. Hormis ceci, elle est vraiment <span style=\"color:#ff00ff;\"><em>\u00e0 visionner<\/em><\/span>.<\/p>\n\n\n<figure class=\"wp-block-embed is-type-rich is-provider-youtube wp-block-embed-youtube wp-embed-aspect-16-9 wp-has-aspect-ratio\"><div class=\"wp-block-embed__wrapper\">\n<iframe loading=\"lazy\" title=\"Qui a tu\u00e9 Sara ? | Saison 2 : date de lancement | Netflix France\" width=\"500\" height=\"281\" src=\"https:\/\/www.youtube.com\/embed\/RyCF-tH709w?feature=oembed\" frameborder=\"0\" allow=\"accelerometer; autoplay; clipboard-write; encrypted-media; gyroscope; picture-in-picture; web-share\" referrerpolicy=\"strict-origin-when-cross-origin\" allowfullscreen><\/iframe>\n<\/div><\/figure>\n","protected":false},"excerpt":{"rendered":"<p>Acteurs principaux Ann\u00e9e 2021 Nombre d&rsquo;\u00e9pisodes 8 Synopsis Dix-huit ans plus t\u00f4t, la jeune Sara meurt d&rsquo;une chute de&nbsp;parachute ascensionnel&nbsp;lors d&rsquo;une sortie avec sa bande d&rsquo;amis. Son petit ami Rodolfo risque d&rsquo;\u00eatre accus\u00e9, aussi le p\u00e8re de celui-ci, C\u00e9sar Lazcano, demande au fr\u00e8re de Sara, Alejandro dit Alex, de s&rsquo;accuser \u00e0 sa place car il [&hellip;]<\/p>\n","protected":false},"author":7,"featured_media":41389,"comment_status":"open","ping_status":"open","sticky":false,"template":"","format":"standard","meta":{"saved_in_kubio":false,"footnotes":""},"categories":[44],"tags":[2680,331,661,981,1383,1427,1752,3142,3794,4469,5319,6304,8368,8393,8967,9478,9694,10170,10764,10783,11042,11954,12139,12663,13924,14199,14246,14338,14386,14444,14898,16711,17281,17409,17742,18202,18247,18276,18510,18651,19418,20346,21733,21956,23077,23613,23615,32124,32171],"class_list":["post-41387","post","type-post","status-publish","format-standard","has-post-thumbnail","hentry","category-serie","tag-quien-mato-a-sara","tag-netflix","tag-adrien-larmande","tag-alejandro-nones","tag-ana-lucia-dominguez","tag-andres-baida","tag-antonio-de-la-vega","tag-benjamin-bollen","tag-boris-rehlinger","tag-carolina-miranda","tag-claudia-ramirez","tag-daniele-douet","tag-eilias-changuel","tag-ela-velden","tag-eugenio-siller","tag-fatima-molina","tag-fily-keita","tag-franck-lorrain","tag-gauthier-battoue","tag-gerard-darier","tag-gines-garcia-millan","tag-hector-jimenez","tag-herve-grull","tag-inaki-godoy","tag-jim-redler","tag-jonathan-amram","tag-jose-ignacio-valenzuela","tag-juan-carlos-remolina","tag-julia-boutteville","tag-julien-crampon","tag-kelly-marot","tag-leo-deluglio","tag-lila-lacombe","tag-litzy","tag-luis-roberto-guzman","tag-manolo-cardona","tag-marc-perez","tag-marco-zapata","tag-martin-saracho","tag-matias-novoa","tag-mike-fedee","tag-nastassja-girard","tag-oscar-douieb","tag-pamela-ravassard","tag-polo-morin","tag-qui-a-tue-sara","tag-qui-a-tue-sara-saison-2","tag-ximena-lamadrid","tag-yann-guillemot"],"_links":{"self":[{"href":"https:\/\/geek-o-polis.com\/index.php\/wp-json\/wp\/v2\/posts\/41387","targetHints":{"allow":["GET"]}}],"collection":[{"href":"https:\/\/geek-o-polis.com\/index.php\/wp-json\/wp\/v2\/posts"}],"about":[{"href":"https:\/\/geek-o-polis.com\/index.php\/wp-json\/wp\/v2\/types\/post"}],"author":[{"embeddable":true,"href":"https:\/\/geek-o-polis.com\/index.php\/wp-json\/wp\/v2\/users\/7"}],"replies":[{"embeddable":true,"href":"https:\/\/geek-o-polis.com\/index.php\/wp-json\/wp\/v2\/comments?post=41387"}],"version-history":[{"count":0,"href":"https:\/\/geek-o-polis.com\/index.php\/wp-json\/wp\/v2\/posts\/41387\/revisions"}],"wp:featuredmedia":[{"embeddable":true,"href":"https:\/\/geek-o-polis.com\/index.php\/wp-json\/"}],"wp:attachment":[{"href":"https:\/\/geek-o-polis.com\/index.php\/wp-json\/wp\/v2\/media?parent=41387"}],"wp:term":[{"taxonomy":"category","embeddable":true,"href":"https:\/\/geek-o-polis.com\/index.php\/wp-json\/wp\/v2\/categories?post=41387"},{"taxonomy":"post_tag","embeddable":true,"href":"https:\/\/geek-o-polis.com\/index.php\/wp-json\/wp\/v2\/tags?post=41387"}],"curies":[{"name":"wp","href":"https:\/\/api.w.org\/{rel}","templated":true}]}}