{"id":3892,"date":"2020-06-22T09:00:00","date_gmt":"2020-06-22T07:00:00","guid":{"rendered":"http:\/\/geek-o-polis.com\/?p=3892"},"modified":"2020-06-22T09:00:00","modified_gmt":"2020-06-22T07:00:00","slug":"exposition-seules-a-berlin-au-musee-de-la-bd","status":"publish","type":"post","link":"https:\/\/geek-o-polis.com\/index.php\/2020\/06\/22\/exposition-seules-a-berlin-au-musee-de-la-bd\/","title":{"rendered":"Exposition seules \u00e0 Berlin au mus\u00e9e de la BD"},"content":{"rendered":"<p style=\"text-align:center;\">Comme vous le savez, les mus\u00e9es ont enfin rouverts leurs portes et ces r\u00e9ouvertures sont signes d&rsquo;expositions. C&rsquo;est pourquoi aujourd&rsquo;hui,<span style=\"color:#800000;\"><strong> je viens vous parler d&rsquo;une exposition qui se d\u00e9roulera au mus\u00e9e de la BD de Bruxelles du 24 juin au 13 septembre dans l&rsquo;espace gallery.<\/strong><\/span><\/p>\n<p><img loading=\"lazy\" decoding=\"async\" class=\"size-full wp-image-3895 aligncenter\" src=\"https:\/\/geek-o-polis.com\/wp-content\/uploads\/2020\/06\/musc3a9e-bd.png\" alt=\"mus\u00e9e bd\" width=\"1200\" height=\"252\"><\/p>\n<p style=\"text-align:center;\"><strong>Cette exposition se d\u00e9roulera autour de la bande dessin\u00e9e \u00ab\u00a0Seules \u00e0 Berlin\u00a0\u00bb de Nicolas Junker \u00e9dit\u00e9e chez Casterman en mars 2020. Nous nous retrouverons face \u00e0 une improbable histoire d&rsquo;amiti\u00e9 au coeur de l&rsquo;enfer.<\/strong><\/p>\n<p style=\"text-align:center;\">Mais je suis certaine que vous voulez en savoir plus sur \u00ab\u00a0Seules \u00e0 Berlin\u00a0\u00bb et sur son auteur ! Alors, c&rsquo;est parti !<\/p>\n<blockquote>\n<p style=\"text-align:center;\">Le r\u00e9cit d\u2019une amiti\u00e9 entre une Allemande et une Russe \u00e0 la fin de la Seconde Guerre<br \/>\nmondiale\u2026Berlin, avril 1945. Ingrid est allemande et sort de plusieurs ann\u00e9es d\u2019enfer sous le r\u00e9gime nazi. Evgeniya est russe et vient d\u2019arriver \u00e0 Berlin avec l\u2019arm\u00e9e sovi\u00e9tique pour authentifier les restes d\u2019Hitler. La premi\u00e8re est \u00e9puis\u00e9e, apeur\u00e9e par les \u00ab barbares \u00bb qu\u2019elle voit d\u00e9barquer chez elle, tandis que la seconde, d\u00e9bordante de vie et de sollicitude, est intrigu\u00e9e par cette femme avec qui elle doit cohabiter. Mais chacune tient un journal intime, ce qui permet au lecteur de suivre peu \u00e0 peu la naissance d\u2019une amiti\u00e9 en apparence impossible\u2026 Nicolas Juncker fait ici le portrait d\u2019une tr\u00e8s belle amiti\u00e9, mais aussi celui d\u2019une ville o\u00f9 tout est \u00e0 reconstruire, \u00e0 l\u2019aube de la Guerre froide et des nouveaux bouleversements que va conna\u00eetre l\u2019Allemagne\u2026<\/p>\n<\/blockquote>\n<p style=\"text-align:center;\">Nicolas Juncker est n\u00e9 en 1973. Apr\u00e8s des \u00e9tudes d\u2019histoire, il devient dessinateur de presse puis professeur de bande dessin\u00e9e au conservatoire des Arts de Saint-Quentin en Yvelines et d\u2019Ivry-sur-Seine. Il signe en 2003 chez Treize \u00c9trange sa premi\u00e8re bande dessin\u00e9e, Le Front, puis Malet en 2005, et D\u2019Artagnan, Journal d\u2019un Cadet, en 2008. Plus r\u00e9cemment, il a \u00e9crit le sc\u00e9nario du triptyque Fouch\u00e9 (Les Ar\u00e8nes) et de la s\u00e9rie Un jour sans J\u00e9sus (Vents d\u2019ouest).<\/p>\n<p><img loading=\"lazy\" decoding=\"async\" class=\"wp-image-3896 aligncenter\" src=\"https:\/\/geek-o-polis.com\/wp-content\/uploads\/2020\/06\/seules-c3a0-berlin.png\" alt=\"seules \u00e0 Berlin\" width=\"401\" height=\"539\"><\/p>\n<p style=\"text-align:center;\"><span style=\"color:#800000;\"><strong>M\u00e9lanie Andrieu qui travaille au Centre Belge de la Bande Dessin\u00e9e nous livre ici son avis et nous montre son enthousiasme \u00e0 nous accueillir pour la d\u00e9couverte de cette expo.<\/strong><\/span><\/p>\n<blockquote>\n<p style=\"text-align:center;\">Inspir\u00e9 de deux t\u00e9moignages, le nouvel album de Nicolas Juncker est une histoire forte. La s\u00e9lection de planches originales, illustre comment l\u2019auteur associe crayons, lavis et fusain pour restituer avec justesse l\u2019ambiance accablante de Berlin \u00e0 la fin de la seconde guerre mondiale. Sous les bombardements, entre inqui\u00e9tudes des uns et espoirs des autres, l\u2019auteur varie les angles d\u2019approche et les v\u00e9cus pour enrichir le propos. \u00c0 travers le parcours de deux femmes, il reconstitue l\u2019ambivalence d\u2019une \u00e9poque, o\u00f9 la violence est omnipr\u00e9sente et multiforme. La haine et le fascisme ont s\u00e9vi, laissant derri\u00e8re eux beaucoup de peur et de d\u00e9sarroi. Comme le dit l\u2019un des protagonistes : \u00ab plus rien ne sera comme avant \u00bb, mais il faudra pourtant bien continuer \u00e0 vivre\u2026L\u2019auteur signe ici un r\u00e9cit sensible et marquant que le CBBD est heureux de partager avec ses visiteurs.<\/p>\n<\/blockquote>\n<p style=\"text-align:center;\"><span style=\"color:#ff0000;\"><b>Alors tent\u00e9s par la d\u00e9couverte de cette Bande Dessin\u00e9e ou par la d\u00e9couverte de l&rsquo;exposition? Je vous laisse avec une petite vid\u00e9o \ud83d\ude42<\/b><\/span><\/p>\n<p><iframe loading=\"lazy\" title=\"TEASER SEULES A BERLIN JUIN 2020\" width=\"500\" height=\"281\" src=\"https:\/\/www.youtube.com\/embed\/dqmlG3jwUag?feature=oembed\" frameborder=\"0\" allow=\"accelerometer; autoplay; clipboard-write; encrypted-media; gyroscope; picture-in-picture; web-share\" referrerpolicy=\"strict-origin-when-cross-origin\" allowfullscreen><\/iframe><\/p>\n","protected":false},"excerpt":{"rendered":"<p>Comme vous le savez, les mus\u00e9es ont enfin rouverts leurs portes et ces r\u00e9ouvertures sont signes d&rsquo;expositions. C&rsquo;est pourquoi aujourd&rsquo;hui, je viens vous parler d&rsquo;une exposition qui se d\u00e9roulera au mus\u00e9e de la BD de Bruxelles du 24 juin au 13 septembre dans l&rsquo;espace gallery. Cette exposition se d\u00e9roulera autour de la bande dessin\u00e9e \u00ab\u00a0Seules [&hellip;]<\/p>\n","protected":false},"author":4,"featured_media":0,"comment_status":"open","ping_status":"open","sticky":false,"template":"","format":"standard","meta":{"saved_in_kubio":false,"footnotes":""},"categories":[8,17],"tags":[147,3178,4062,4531,9157,12284,20121,20822,26034],"class_list":["post-3892","post","type-post","status-publish","format-standard","hentry","category-bd","category-exposition","tag-147","tag-berlin","tag-bruxelles","tag-casterman","tag-exposition-bd","tag-hithler","tag-musee-de-la-bd","tag-nicolas-juncker","tag-seules-a-berlin"],"_links":{"self":[{"href":"https:\/\/geek-o-polis.com\/index.php\/wp-json\/wp\/v2\/posts\/3892","targetHints":{"allow":["GET"]}}],"collection":[{"href":"https:\/\/geek-o-polis.com\/index.php\/wp-json\/wp\/v2\/posts"}],"about":[{"href":"https:\/\/geek-o-polis.com\/index.php\/wp-json\/wp\/v2\/types\/post"}],"author":[{"embeddable":true,"href":"https:\/\/geek-o-polis.com\/index.php\/wp-json\/wp\/v2\/users\/4"}],"replies":[{"embeddable":true,"href":"https:\/\/geek-o-polis.com\/index.php\/wp-json\/wp\/v2\/comments?post=3892"}],"version-history":[{"count":0,"href":"https:\/\/geek-o-polis.com\/index.php\/wp-json\/wp\/v2\/posts\/3892\/revisions"}],"wp:attachment":[{"href":"https:\/\/geek-o-polis.com\/index.php\/wp-json\/wp\/v2\/media?parent=3892"}],"wp:term":[{"taxonomy":"category","embeddable":true,"href":"https:\/\/geek-o-polis.com\/index.php\/wp-json\/wp\/v2\/categories?post=3892"},{"taxonomy":"post_tag","embeddable":true,"href":"https:\/\/geek-o-polis.com\/index.php\/wp-json\/wp\/v2\/tags?post=3892"}],"curies":[{"name":"wp","href":"https:\/\/api.w.org\/{rel}","templated":true}]}}