{"id":3378,"date":"2020-06-18T09:00:00","date_gmt":"2020-06-18T07:00:00","guid":{"rendered":"http:\/\/geek-o-polis.com\/?p=3378"},"modified":"2020-06-18T09:00:00","modified_gmt":"2020-06-18T07:00:00","slug":"sortie-manga-de-glenat-du-15-au-30-juin-2020","status":"publish","type":"post","link":"https:\/\/geek-o-polis.com\/index.php\/2020\/06\/18\/sortie-manga-de-glenat-du-15-au-30-juin-2020\/","title":{"rendered":"Sortie Manga de Gl\u00e9nat du 15 au 30 juin 2020"},"content":{"rendered":"<h4 style=\"text-align:center;\"><strong><span style=\"color:#ff0000;\">Voici les sorties manga de Gl\u00e9nat de la seconde moiti\u00e9 du mois de juin 2020.<\/span><\/strong><\/h4>\n<p>\u00a0<\/p>\n<h1>Le chat aux sept vies &#8211; Tome 2<\/h1>\n<p><img loading=\"lazy\" decoding=\"async\" class=\"\" src=\"https:\/\/www.glenat.com\/sites\/default\/files\/styles\/large\/public\/images\/livres\/couv\/9782344038185-001-T.jpeg?itok=awJNhKUh\" alt=\"Le chat aux sept vies - Tome 02\" width=\"348\" height=\"481\" \/><\/p>\n<p>Nanao est un chat dont le ma\u00eetre a disparu. Yoshino Narita est une femme dont l\u2019\u00e9poux est mort. Pour cet animal et cet humain ayant tous deux perdu un \u00eatre cher, ce collier qu\u2019\u201cil\u201d leur a laiss\u00e9 est la seule chose qui les relie. \u00c0 la recherche d\u2019un peu de chaleur pouvant apaiser leur souffrance, chacun d\u00e9cide de s\u2019ouvrir peu \u00e0 peu \u00e0 l\u2019autre\u2026<\/p>\n<h4 style=\"text-align:center;\"><strong><span style=\"color:#ff0000;\">Sortie pr\u00e9vue le 17 juin 2020 au prix de 7,60\u20ac<\/span><\/strong><\/h4>\n<p>\u00a0<\/p>\n<h1>Wind Fighters &#8211; Tome 1<\/h1>\n<p><img loading=\"lazy\" decoding=\"async\" class=\"\" src=\"https:\/\/www.glenat.com\/sites\/default\/files\/styles\/large\/public\/images\/livres\/couv\/9782344040775-001-T.jpeg?itok=U8BmA5Dr\" alt=\"Wind Fighters - Tome 01\" width=\"300\" height=\"469\" \/><\/p>\n<p><b>Aventures, bastons et panda roux bipolaire !<\/b><\/p>\n<p>Le R\u00e9gime fait r\u00e9gner l\u2019ordre d\u2019une main de fer. La population courbe l\u2019\u00e9chine et ceux qui osent se rebeller \u2013 les courageux aventuriers \u2013 se font rares. Pourtant, lorsqu\u2019un jeune gar\u00e7on d\u00e9cide de sauver sa s\u0153ur en s\u2019opposant au terrible commissaire Bud, l\u2019espoir rena\u00eet. Surtout si un baroudeur et un panda roux bipolaire d\u00e9boulent dans le conflit\u2026 Un tel vent de libert\u00e9 n\u2019avait pas souffl\u00e9 depuis les exploits de mythiques aventuriers\u2026 Les Wind Fighters\u00a0!<\/p>\n<p>Avec\u00a0<i>Wind Fighters<\/i>, embarquez pour un tourbillon d\u2019aventure\u00a0! Dans ce pur\u00a0<i>sh\u00f4nen<\/i>\u00a0d\u2019action, suivez le destin explosif de Helio et Hope, un fr\u00e8re et une s\u0153ur propuls\u00e9s au c\u0153ur d\u2019une r\u00e9bellion et lanc\u00e9s \u00e0 toute allure dans un monde au bord du gouffre.\u00a0<i>Wind Fighters<\/i>, le manga qui ne manque pas de souffle\u00a0!<\/p>\n<h4 style=\"text-align:center;\"><strong><span style=\"color:#ff0000;\">Sortie pr\u00e9vue le 17 juin 2020 au prix de 6,90\u20ac<\/span><\/strong><\/h4>\n<p>\u00a0<\/p>\n<h1>Tokyo Revengers &#8211; Tome 7<\/h1>\n<p><img loading=\"lazy\" decoding=\"async\" class=\"\" src=\"https:\/\/www.glenat.com\/sites\/default\/files\/styles\/large\/public\/images\/livres\/couv\/9782344040348-001-T.jpeg?itok=XcJEpQYC\" alt=\"Tokyo Revengers - Tome 07\" width=\"301\" height=\"471\" \/><\/p>\n<p>Sit\u00f4t commenc\u00e9, le combat entre le Toman et le Valhalla d\u00e9g\u00e9n\u00e8re instantan\u00e9ment, et Takemichi est de nouveau d\u00e9pass\u00e9 par les \u00e9v\u00e9nements. Comment prot\u00e9ger Baji alors que celui-ci s&rsquo;obstine \u00e0 faire cavalier seul, que Mikey est lui-m\u00eame en tr\u00e8s mauvaise posture face \u00e0 Kazutora, que Kisaki continue \u00e0 avancer ses pions au milieu du chaos, et que les membres du Toman sont deux fois moins nombreux que ceux du Valhalla\u00a0?<\/p>\n<h4 style=\"text-align:center;\"><strong><span style=\"color:#ff0000;\">Sortie pr\u00e9vue le 17 juin 2020 au prix de 6,90\u20ac\u00a0<\/span><\/strong><\/h4>\n<p>\u00a0<\/p>\n<h1>The Devil of the Gods &#8211; Tome 1<\/h1>\n<p><img loading=\"lazy\" decoding=\"async\" class=\"\" src=\"https:\/\/www.glenat.com\/sites\/default\/files\/styles\/large\/public\/images\/livres\/couv\/9782344041130-001-T.jpeg?itok=nuMNA3VX\" alt=\"The Devil of the Gods - Tome 01\" width=\"301\" height=\"416\" \/><\/p>\n<p><b>L&rsquo;Exorciste version Tokyo 2020 !<\/b><\/p>\n<p>Un homme poignarde seize personnes dans le m\u00e9tro de Tokyo. Ce sera le point de d\u00e9part d\u2019une s\u00e9rie d\u2019incidents myst\u00e9rieux\u2026 Renji Amamiya est attaqu\u00e9 par Toriko, une prostitu\u00e9e dont il est amoureux, mais il est sauv\u00e9\u00a0<i>in extremis<\/i>\u00a0par le p\u00e8re Mitakura, exorciste de renom qui lui r\u00e9v\u00e8le l\u2019existence des d\u00e9mons\u2026<\/p>\n<p>Un pur\u00a0<i>seinen<\/i>\u00a0d\u2019horreur, par les auteurs de\u00a0<i>Crueler Than Dead<\/i>.<\/p>\n<h4 style=\"text-align:center;\"><strong><span style=\"color:#ff0000;\">Sortie pr\u00e9vue le 17 juin 2020 au prix de 7,60\u20ac<\/span><\/strong><\/h4>\n<p>\u00a0<\/p>\n<h1>Ariadne l&#8217;empire c\u00e9leste &#8211; Tome 6<\/h1>\n<p><img loading=\"lazy\" decoding=\"async\" class=\"\" src=\"https:\/\/www.glenat.com\/sites\/default\/files\/styles\/large\/public\/images\/livres\/couv\/9782344041604-001-T.jpeg?itok=gAFhmNdJ\" alt=\"Ariadne l'empire c\u00e9leste - Tome 06\" width=\"301\" height=\"471\" \/><\/p>\n<p>Le voyage de Lashil et Leana les porte dans une nouvelle terre, au centre d&rsquo;un v\u00e9ritable conflit. Le peuple vern-wy des enfants du dragon lance un assaut contre les Gre-tis !<\/p>\n<p>Au c\u0153ur de ce combat charg\u00e9 d\u2019un cruel pass\u00e9, quelle position prendront Lashil et Neusch, les d\u00e9tenteurs de photons ?<\/p>\n<p>Le rugissement du dragon est-il en fait son cri d\u2019agonie ?<\/p>\n<h4 style=\"text-align:center;\"><strong><span style=\"color:#ff0000;\">Sortie pr\u00e9vue le 17 juin 2020 au prix de 6,90\u20ac<\/span><\/strong><\/h4>\n<p>\u00a0<\/p>\n<h1>L&rsquo;\u00c8re des Cristaux &#8211; Tome 10<\/h1>\n<p><img loading=\"lazy\" decoding=\"async\" class=\"\" src=\"https:\/\/www.glenat.com\/sites\/default\/files\/styles\/large\/public\/images\/livres\/couv\/9782344039991-001-T.jpeg?itok=IBO_GDYo\" alt=\"L'\u00c8re des Cristaux - Tome 10\" width=\"300\" height=\"415\" \/><\/p>\n<p><b>J\u2019ai beau \u00eatre dans une impasse totale, impossible de m\u2019arr\u00eater de r\u00e9fl\u00e9chir\u2026<\/b><\/p>\n<p>Dans un avenir lointain, les cristaux au corps immortel sont divis\u00e9s. Certains sont partis sur la Lune suite \u00e0 l\u2019invitation de Phosphophyllite, alors que d\u2019autres sont rest\u00e9s sur la Terre pour b\u00e2tir une nouvelle relation avec ma\u00eetre Vajra.<\/p>\n<p>De retour chez les S\u00e9l\u00e9niens apr\u00e8s l\u2019\u00e9chec de son raid sur l\u2019\u00e9cole, Phos apprend que le projet de r\u00e9g\u00e9n\u00e9ration de ses compagnons chang\u00e9s en sable avance\u2026<\/p>\n<p>C\u2019est l\u2019histoire de cristaux combattants, forts, fragiles et beaux.<\/p>\n<h4 style=\"text-align:center;\"><strong><span style=\"color:#ff0000;\">Sortie pr\u00e9vue le 17 juin 2020 au prix de 7,60\u20ac<\/span><\/strong><\/h4>\n<p>\u00a0<\/p>\n<h1>Shadows House &#8211; Tome 2<\/h1>\n<p><img loading=\"lazy\" decoding=\"async\" class=\"\" src=\"https:\/\/www.glenat.com\/sites\/default\/files\/styles\/large\/public\/images\/livres\/couv\/9782344041697-001-T.jpeg?itok=q30FTPH7\" alt=\"Shadows House - Tome 02\" width=\"299\" height=\"414\" \/><\/p>\n<p>Dans l\u2019\u00e9trange manoir coup\u00e9 du monde des Shadow, les \u00e9v\u00e9nements d\u00e9concertants continuent de se succ\u00e9der.<\/p>\n<p>Tandis qu\u2019elle cherche \u00e0 se familiariser avec cet univers encore inconnu, la \u201cpoup\u00e9e vivante\u201d Emilico doit se pr\u00e9parer pour le jour de l\u2019Exhibition. Elle n\u2019a que peu de temps pour troquer sa maladresse contre un peu d\u2019\u00e9l\u00e9gance afin de convaincre la famille Shadow.<\/p>\n<p>Car l\u2019\u00e9chec n\u2019est pas une option quand on est rempla\u00e7able\u2026<\/p>\n<h4 style=\"text-align:center;\"><strong><span style=\"color:#ff0000;\">Sortie pr\u00e9vue le 17 juin 2020 au prix de 7,60\u20ac<\/span><\/strong><\/h4>\n<p>\u00a0<\/p>\n<h1>Shadows House &#8211; Tome 1<\/h1>\n<p><img loading=\"lazy\" decoding=\"async\" class=\"\" src=\"https:\/\/www.glenat.com\/sites\/default\/files\/styles\/large\/public\/images\/livres\/couv\/9782344041703-001-T.jpeg?itok=gBzX_0eC\" alt=\"Shadows House - Tome 01\" width=\"300\" height=\"415\" \/><\/p>\n<p><b>Jeu d&rsquo;ombres<\/b><\/p>\n<p>Emilico est une poup\u00e9e vivante au service de Kate, une jeune fille appartenant aux Shadows, famille d\u2019ombres sans visage. Dans le vaste manoir familial, le travail d\u2019Emilico se limite pour le moment \u00e0 nettoyer la suie projet\u00e9e par sa ma\u00eetresse\u2026 Mais au fil des rencontres, elle d\u00e9couvrira le monde dans lequel elle vit, commencera \u00e0 s\u2019interroger sur le sens de son existence et se liera d\u2019amiti\u00e9 avec son entourage\u2026 Cependant, une poup\u00e9e doit-elle avoir une conscience\u00a0?<\/p>\n<p>Nous avons tous entendu la fameuse th\u00e9orie sur les \u201cgrands yeux\u201d du manga cens\u00e9s \u00eatre le miroir de l&rsquo;\u00e2me, et permettant d&rsquo;exacerber les \u00e9motions des personnages.\u00a0<i>Shadows House<\/i>\u00a0r\u00e9ussit ici le pari os\u00e9 de donner de l&rsquo;humanit\u00e9 \u00e0 des ombres sans visage ! Une exp\u00e9rience curieuse et unique que le duo d&rsquo;auteurs So-ma-to explore dans le premier volume de la s\u00e9rie, avant de d\u00e9velopper un sc\u00e9nario passionnant autour des myst\u00e8res de la famille Shadows dans le tome 2 publi\u00e9 simultan\u00e9ment. Une belle fable gothique pour les amateurs d\u2019\u00e9nigme.<\/p>\n<h4 style=\"text-align:center;\"><strong><span style=\"color:#ff0000;\">Sortie pr\u00e9vue le 17 juin 2020 au prix de 7,60\u20ac<\/span><\/strong><\/h4>\n<p>\u00a0<\/p>\n<h1>Le Paradis des chiens &#8211; Tome 11<\/h1>\n<p><img loading=\"lazy\" decoding=\"async\" class=\"\" src=\"https:\/\/www.glenat.com\/sites\/default\/files\/styles\/large\/public\/images\/livres\/couv\/9782344041819-001-T.jpeg?itok=eoYrj7c_\" alt=\"Le Paradis des chiens - Tome 11\" width=\"300\" height=\"469\" \/><\/p>\n<p>Un chien abandonn\u00e9 recueilli par une jeune fille fragile. Une petite chienne n\u00e9e avec les pattes arri\u00e8re malform\u00e9es. Une autre qui r\u00e9alise qu\u2019elle n\u2019est pas le \u00ab\u00a0chien id\u00e9al\u00a0\u00bb\u2026<\/p>\n<p>Quel message voudront-ils transmettre \u00e0 leurs ma\u00eetres\u00a0?<\/p>\n<p>Cinq histoires \u00e9mouvantes qui d\u00e9crivent les liens profonds qui unissent les chiens et les \u00eatres humains.<\/p>\n<h4 style=\"text-align:center;\"><strong><span style=\"color:#ff0000;\">Sortie pr\u00e9vue le 17 juin 2020 au prix de 6,90\u20ac<\/span><\/strong><\/h4>\n<p>\u00a0<\/p>\n\n\n<p><\/p>\n","protected":false},"excerpt":{"rendered":"<p>Voici les sorties manga de Gl\u00e9nat de la seconde moiti\u00e9 du mois de juin 2020. \u00a0 Le chat aux sept vies &#8211; Tome 2 Nanao est un chat dont le ma\u00eetre a disparu. Yoshino Narita est une femme dont l\u2019\u00e9poux est mort. Pour cet animal et cet humain ayant tous deux perdu un \u00eatre cher, [&hellip;]<\/p>\n","protected":false},"author":5,"featured_media":3242,"comment_status":"open","ping_status":"open","sticky":false,"template":"","format":"standard","meta":{"saved_in_kubio":false,"footnotes":""},"categories":[9,33,36,45],"tags":[11077,16258,16441,16582,18171,26077,28916,29765,31765],"class_list":["post-3378","post","type-post","status-publish","format-standard","has-post-thumbnail","hentry","category-bla-bla","category-litterature","category-mangas","category-sorties","tag-glenat","tag-le-chat-aux-7-vies","tag-le-paradis-des-chiens","tag-lecture","tag-manga","tag-shadow-house","tag-the-devil-of-the-gods","tag-tokyo-revengers","tag-wind-fighters"],"_links":{"self":[{"href":"https:\/\/geek-o-polis.com\/index.php\/wp-json\/wp\/v2\/posts\/3378","targetHints":{"allow":["GET"]}}],"collection":[{"href":"https:\/\/geek-o-polis.com\/index.php\/wp-json\/wp\/v2\/posts"}],"about":[{"href":"https:\/\/geek-o-polis.com\/index.php\/wp-json\/wp\/v2\/types\/post"}],"author":[{"embeddable":true,"href":"https:\/\/geek-o-polis.com\/index.php\/wp-json\/wp\/v2\/users\/5"}],"replies":[{"embeddable":true,"href":"https:\/\/geek-o-polis.com\/index.php\/wp-json\/wp\/v2\/comments?post=3378"}],"version-history":[{"count":0,"href":"https:\/\/geek-o-polis.com\/index.php\/wp-json\/wp\/v2\/posts\/3378\/revisions"}],"wp:featuredmedia":[{"embeddable":true,"href":"https:\/\/geek-o-polis.com\/index.php\/wp-json\/"}],"wp:attachment":[{"href":"https:\/\/geek-o-polis.com\/index.php\/wp-json\/wp\/v2\/media?parent=3378"}],"wp:term":[{"taxonomy":"category","embeddable":true,"href":"https:\/\/geek-o-polis.com\/index.php\/wp-json\/wp\/v2\/categories?post=3378"},{"taxonomy":"post_tag","embeddable":true,"href":"https:\/\/geek-o-polis.com\/index.php\/wp-json\/wp\/v2\/tags?post=3378"}],"curies":[{"name":"wp","href":"https:\/\/api.w.org\/{rel}","templated":true}]}}