{"id":32167,"date":"2021-03-18T09:00:00","date_gmt":"2021-03-18T08:00:00","guid":{"rendered":"https:\/\/geek-o-polis.com\/?p=32167"},"modified":"2021-03-18T09:00:00","modified_gmt":"2021-03-18T08:00:00","slug":"avis-aurora-squad-episode-2-de-amie-kaufman-et-jay-kristoff","status":"publish","type":"post","link":"https:\/\/geek-o-polis.com\/index.php\/2021\/03\/18\/avis-aurora-squad-episode-2-de-amie-kaufman-et-jay-kristoff\/","title":{"rendered":"Avis : Aurora Squad Episode 2 de Amie Kaufman et Jay Kristoff."},"content":{"rendered":"<p style=\"text-align:center;\"><strong><span style=\"color:#ff6600;\">Ils ne mourront pas sans combattre. Enfin, on esp\u00e8re !<\/span><\/strong><br \/><span style=\"color:#ff6600;\">La moiti\u00e9 de la galaxie est aux trousses du d\u00e9sormais c\u00e9l\u00e8bre escadron 312 accus\u00e9 de terrorisme galactique aggrav\u00e9. Tous ne veulent qu&rsquo;une chose &#8211; ou plut\u00f4t qu&rsquo;une personne : Aurora, qui attire la convoitise des escouades gouvernementales autant que des groupuscules les plus extr\u00e9mistes de l&rsquo;espace parmi lesquels le pire d&rsquo;entre eux, le Tueur d&rsquo;Etoiles&#8230;<\/span><br \/><span style=\"color:#ff6600;\">Sans oublier la propre soeur de Kal et son arm\u00e9e sanguinaire.<\/span><br \/><span style=\"color:#ff6600;\">Si le jeune Syldrathi et Aurora se sont enfin avou\u00e9s leur Attirance, la jeune fille doit consacrer toute son \u00e9nergie \u00e0 ma\u00eetriser son pouvoir au plus vite au prix d&rsquo;un sacrifice auquel elle est loin d&rsquo;\u00eatre pr\u00eate.<\/span><\/p>\n<p><img loading=\"lazy\" decoding=\"async\" class=\"alignnone size-full wp-image-32191\" src=\"https:\/\/geek-o-polis.com\/wp-content\/uploads\/2021\/03\/161398246_442800066836350_3682431642101371924_n.jpg\" alt=\"161398246_442800066836350_3682431642101371924_n\" width=\"3641\" height=\"2048\" \/><\/p>\n<h3 style=\"text-align:center;\"><strong>&#8211;\u00a0 Mon avis &#8211;<\/strong><\/h3>\n<p style=\"text-align:center;\">Haaa quel plaisir de revoir l&rsquo;escadron 312, pile poile \u00e0 la fin de l&rsquo;\u00e9pisode 1, on nous avait laiss\u00e9s sur notre faim. Ici, on est repartis de plus belle&#8230;<\/p>\n<p style=\"text-align:center;\">De l&rsquo;amour, encore plus attachant arrive dans l&rsquo;histoire, et cela n&rsquo;est pas d\u00e9plaisant, m\u00eame quelques autres histoires bien croustillantes, mais cela je vous laisse d\u00e9couvrir.<\/p>\n<p style=\"text-align:center;\">On a toujours droit \u00e0 de l&rsquo;action, de l&rsquo;humour, et des moments cruciaux, l&rsquo;histoire nous emporte de plus en plus haut \u00e0 force qu&rsquo;on tourne les pages&#8230; On a toujours envie de savoir quelle action ou quel personnage sera le suivant dans le prochain chapitre, car comme dans le premier, chaque chapitre est vu par un personnage.<\/p>\n<p style=\"text-align:center;\">J&rsquo;ai bien aim\u00e9 l&rsquo;arriv\u00e9e de la soeur de Kal, elle\u00a0 est vraiment comme on peut imaginer ceux de son peuple, et le d\u00e9nouement avec elle, peut donner quelques choses de vraiment sympa \u00e0 suivre dans le prochain \u00e9pisode.<\/p>\n<p style=\"text-align:center;\"><span style=\"color:#ff6600;\"><strong>Comme dans l&rsquo;\u00e9pisode 1, l&rsquo;histoire de ce tome, fini dans une grande action qu&rsquo;on retrouvera&#8230; DANS L&rsquo;EPISODE 3.<\/strong><\/span><\/p>\n\n\n<figure class=\"wp-block-embed is-type-rich is-provider-youtube wp-block-embed-youtube wp-embed-aspect-16-9 wp-has-aspect-ratio\"><div class=\"wp-block-embed__wrapper\">\n<iframe loading=\"lazy\" title=\"AURORA SQUAD : Bande annonce\" width=\"500\" height=\"281\" src=\"https:\/\/www.youtube.com\/embed\/1Q04BOJRIQA?feature=oembed\" frameborder=\"0\" allow=\"accelerometer; autoplay; clipboard-write; encrypted-media; gyroscope; picture-in-picture; web-share\" referrerpolicy=\"strict-origin-when-cross-origin\" allowfullscreen><\/iframe>\n<\/div><\/figure>\n","protected":false},"excerpt":{"rendered":"<p>Ils ne mourront pas sans combattre. Enfin, on esp\u00e8re !La moiti\u00e9 de la galaxie est aux trousses du d\u00e9sormais c\u00e9l\u00e8bre escadron 312 accus\u00e9 de terrorisme galactique aggrav\u00e9. Tous ne veulent qu&rsquo;une chose &#8211; ou plut\u00f4t qu&rsquo;une personne : Aurora, qui attire la convoitise des escouades gouvernementales autant que des groupuscules les plus extr\u00e9mistes de l&rsquo;espace [&hellip;]<\/p>\n","protected":false},"author":2,"featured_media":32197,"comment_status":"open","ping_status":"open","sticky":false,"template":"","format":"standard","meta":{"saved_in_kubio":false,"footnotes":""},"categories":[33],"tags":[1327,2442,2445,8866,13551,14631,28172],"class_list":["post-32167","post","type-post","status-publish","format-standard","has-post-thumbnail","hentry","category-litterature","tag-amie-kaufman","tag-aurora","tag-aurora-squad-episode-2","tag-escadron-312","tag-jay-kristoff","tag-kal","tag-syldrathi"],"_links":{"self":[{"href":"https:\/\/geek-o-polis.com\/index.php\/wp-json\/wp\/v2\/posts\/32167","targetHints":{"allow":["GET"]}}],"collection":[{"href":"https:\/\/geek-o-polis.com\/index.php\/wp-json\/wp\/v2\/posts"}],"about":[{"href":"https:\/\/geek-o-polis.com\/index.php\/wp-json\/wp\/v2\/types\/post"}],"author":[{"embeddable":true,"href":"https:\/\/geek-o-polis.com\/index.php\/wp-json\/wp\/v2\/users\/2"}],"replies":[{"embeddable":true,"href":"https:\/\/geek-o-polis.com\/index.php\/wp-json\/wp\/v2\/comments?post=32167"}],"version-history":[{"count":0,"href":"https:\/\/geek-o-polis.com\/index.php\/wp-json\/wp\/v2\/posts\/32167\/revisions"}],"wp:featuredmedia":[{"embeddable":true,"href":"https:\/\/geek-o-polis.com\/index.php\/wp-json\/"}],"wp:attachment":[{"href":"https:\/\/geek-o-polis.com\/index.php\/wp-json\/wp\/v2\/media?parent=32167"}],"wp:term":[{"taxonomy":"category","embeddable":true,"href":"https:\/\/geek-o-polis.com\/index.php\/wp-json\/wp\/v2\/categories?post=32167"},{"taxonomy":"post_tag","embeddable":true,"href":"https:\/\/geek-o-polis.com\/index.php\/wp-json\/wp\/v2\/tags?post=32167"}],"curies":[{"name":"wp","href":"https:\/\/api.w.org\/{rel}","templated":true}]}}