{"id":152896,"date":"2026-03-14T09:00:00","date_gmt":"2026-03-14T08:00:00","guid":{"rendered":"https:\/\/geek-o-polis.com\/?p=152896"},"modified":"2026-03-13T17:46:01","modified_gmt":"2026-03-13T16:46:01","slug":"avis-le-gardien-de-phare-et-lenfant-mouette-de-kaya-azuma-aux-editions-taifu-comics-yaoi","status":"publish","type":"post","link":"https:\/\/geek-o-polis.com\/index.php\/2026\/03\/14\/avis-le-gardien-de-phare-et-lenfant-mouette-de-kaya-azuma-aux-editions-taifu-comics-yaoi\/","title":{"rendered":"Avis : Le gardien de phare et l&rsquo;enfant mouette de Kaya Azuma aux \u00c9ditions Taifu Comics &#8211; Yaoi"},"content":{"rendered":"<p style=\"text-align: center;\" data-path-to-node=\"2\"><span style=\"color: #ff00ff;\"><strong>C\u2019est sous la plume d\u00e9licate de Kaya Azuma que na\u00eet ce r\u00e9cit envo\u00fbtant, publi\u00e9 par les \u00e9ditions Taifu comics &#8211; Yaoi. L\u2019histoire nous emm\u00e8ne sur un \u00eelot recul\u00e9, l\u00e0 o\u00f9 se dresse un phare majestueux veillant sur l\u2019immensit\u00e9 de l\u2019oc\u00e9an. On y suit le quotidien d\u2019un gardien solitaire, un homme dont la vie est rythm\u00e9e par le balayage de la lanterne et le fracas des vagues contre les falaises, jusqu&rsquo;au jour o\u00f9 tout bascule. <\/strong><\/span>Le destin place sur sa route une cr\u00e9ature singuli\u00e8re : un petit \u00eatre hybride, un enfant dot\u00e9 d&rsquo;ailes de mouette. Ce point de d\u00e9part fantastique sert de catalyseur \u00e0 une rencontre bouleversante entre la solitude aust\u00e8re de l&rsquo;adulte et l&rsquo;innocence sauvage de cet enfant du ciel. C&rsquo;est le d\u00e9but d&rsquo;une cohabitation forc\u00e9e qui va peu \u00e0 peu transformer la rigidit\u00e9 du gardien en une tendresse inattendue.<\/p>\n<p style=\"text-align: center;\" data-path-to-node=\"4\">Le travail graphique de l&rsquo;auteur est tout simplement magistral, parvenant \u00e0 retranscrire la puissance des \u00e9l\u00e9ments avec une grande finesse. Chaque planche semble impr\u00e9gn\u00e9e d&#8217;embruns et de lumi\u00e8re, offrant une immersion totale dans ce d\u00e9cor maritime \u00e0 la fois apaisant et sauvage. On se surprend \u00e0 contempler les paysages autant que l&rsquo;\u00e9volution psychologique des personnages, tant le trait est expressif.<\/p>\n<p style=\"text-align: center;\" data-path-to-node=\"5\">Au-del\u00e0 de l&rsquo;aspect visuel, le r\u00e9cit explore avec beaucoup de pudeur les th\u00e8mes de la communication et de l&rsquo;apprivoisement. Le gardien, peu habitu\u00e9 aux interactions sociales, doit r\u00e9apprendre les gestes simples de la bienveillance pour s&rsquo;occuper de ce petit prot\u00e9g\u00e9 ail\u00e9. Cette relation muette, bas\u00e9e sur l&rsquo;observation et le soin, apporte une dimension universelle et profond\u00e9ment touchante \u00e0 l&rsquo;\u0153uvre.<\/p>\n<p style=\"text-align: center;\" data-path-to-node=\"6\">La narration prend son temps, refusant les artifices de l&rsquo;action pure pour se concentrer sur l&rsquo;instant pr\u00e9sent et les petits d\u00e9tails du quotidien. C&rsquo;est une lecture contemplative qui invite \u00e0 la r\u00e9flexion sur notre rapport \u00e0 la nature et \u00e0 la diff\u00e9rence. On ressort de ce tome avec un sentiment de s\u00e9r\u00e9nit\u00e9, comme si l&rsquo;on avait nous-m\u00eames pass\u00e9 quelques heures sur ce rocher isol\u00e9 du reste du monde.<\/p>\n<p style=\"text-align: center;\" data-path-to-node=\"7\"><span style=\"color: #ff00ff;\"><strong>Cette \u0153uvre s&rsquo;impose comme une v\u00e9ritable p\u00e9pite pour ceux qui cherchent de l&rsquo;originalit\u00e9 dans le paysage du manga actuel. Kaya Azuma signe ici une fable moderne d&rsquo;une grande beaut\u00e9, prouvant qu&rsquo;il n&rsquo;y a pas besoin de grands discours pour transmettre des \u00e9motions intenses. C&rsquo;est un voyage sensoriel et \u00e9motionnel que je ne peux que te conseiller de d\u00e9couvrir pour t&rsquo;\u00e9vader un instant.<\/strong><\/span><\/p>\n<p data-path-to-node=\"7\">\u00a0<\/p>\n\n\n<p><\/p>\n","protected":false},"excerpt":{"rendered":"<p>C\u2019est sous la plume d\u00e9licate de Kaya Azuma que na\u00eet ce r\u00e9cit envo\u00fbtant, publi\u00e9 par les \u00e9ditions Taifu comics &#8211; Yaoi. L\u2019histoire nous emm\u00e8ne sur un \u00eelot recul\u00e9, l\u00e0 o\u00f9 se dresse un phare majestueux veillant sur l\u2019immensit\u00e9 de l\u2019oc\u00e9an. On y suit le quotidien d\u2019un gardien solitaire, un homme dont la vie est rythm\u00e9e [&hellip;]<\/p>\n","protected":false},"author":2,"featured_media":0,"comment_status":"open","ping_status":"open","sticky":false,"template":"","format":"standard","meta":{"saved_in_kubio":false,"footnotes":""},"categories":[36],"tags":[36365,36364,28250,32179],"class_list":["post-152896","post","type-post","status-publish","format-standard","hentry","category-mangas","tag-kaya-azuma","tag-le-gardien-de-phare-et-lenfant-mouette","tag-taifu-comics","tag-yaoi"],"_links":{"self":[{"href":"https:\/\/geek-o-polis.com\/index.php\/wp-json\/wp\/v2\/posts\/152896","targetHints":{"allow":["GET"]}}],"collection":[{"href":"https:\/\/geek-o-polis.com\/index.php\/wp-json\/wp\/v2\/posts"}],"about":[{"href":"https:\/\/geek-o-polis.com\/index.php\/wp-json\/wp\/v2\/types\/post"}],"author":[{"embeddable":true,"href":"https:\/\/geek-o-polis.com\/index.php\/wp-json\/wp\/v2\/users\/2"}],"replies":[{"embeddable":true,"href":"https:\/\/geek-o-polis.com\/index.php\/wp-json\/wp\/v2\/comments?post=152896"}],"version-history":[{"count":3,"href":"https:\/\/geek-o-polis.com\/index.php\/wp-json\/wp\/v2\/posts\/152896\/revisions"}],"predecessor-version":[{"id":152908,"href":"https:\/\/geek-o-polis.com\/index.php\/wp-json\/wp\/v2\/posts\/152896\/revisions\/152908"}],"wp:attachment":[{"href":"https:\/\/geek-o-polis.com\/index.php\/wp-json\/wp\/v2\/media?parent=152896"}],"wp:term":[{"taxonomy":"category","embeddable":true,"href":"https:\/\/geek-o-polis.com\/index.php\/wp-json\/wp\/v2\/categories?post=152896"},{"taxonomy":"post_tag","embeddable":true,"href":"https:\/\/geek-o-polis.com\/index.php\/wp-json\/wp\/v2\/tags?post=152896"}],"curies":[{"name":"wp","href":"https:\/\/api.w.org\/{rel}","templated":true}]}}