{"id":148950,"date":"2026-01-12T15:00:00","date_gmt":"2026-01-12T14:00:00","guid":{"rendered":"https:\/\/geek-o-polis.com\/?p=148950"},"modified":"2026-01-12T14:06:33","modified_gmt":"2026-01-12T13:06:33","slug":"les-myceliades-2026-le-festival-science-fiction-revient-pour-une-4e-edition-dediee-aux-resiliences","status":"publish","type":"post","link":"https:\/\/geek-o-polis.com\/index.php\/2026\/01\/12\/les-myceliades-2026-le-festival-science-fiction-revient-pour-une-4e-edition-dediee-aux-resiliences\/","title":{"rendered":"Les Myc\u00e9liades 2026 : Le festival Science &amp; Fiction revient pour une 4e \u00e9dition d\u00e9di\u00e9e aux \u00ab R\u00e9siliences \u00bb"},"content":{"rendered":"<p style=\"text-align: center;\" data-path-to-node=\"3\"><b data-path-to-node=\"3\" data-index-in-node=\"0\">L\u2019ADRC (Agence nationale pour le d\u00e9veloppement du cin\u00e9ma en r\u00e9gions) et Images en Biblioth\u00e8ques l\u00e8vent le voile sur la programmation tr\u00e8s attendue de la 4e \u00e9dition du festival Science &amp; Fiction Les Myc\u00e9liades. Du 31 janvier au 15 f\u00e9vrier 2026, l&rsquo;\u00e9v\u00e9nement investira plus de 80 villes en France m\u00e9tropolitaine et en Nouvelle-Cal\u00e9donie.<\/b><\/p>\n<p data-path-to-node=\"3\"><img loading=\"lazy\" decoding=\"async\" class=\"aligncenter  wp-image-148952\" src=\"https:\/\/geek-o-polis.com\/wp-content\/uploads\/2026\/01\/MYCELIADES-2026-BD-scaled-1-771x1024.jpg\" alt=\"\" width=\"404\" height=\"537\" srcset=\"https:\/\/geek-o-polis.com\/wp-content\/uploads\/2026\/01\/MYCELIADES-2026-BD-scaled-1-771x1024.jpg 771w, https:\/\/geek-o-polis.com\/wp-content\/uploads\/2026\/01\/MYCELIADES-2026-BD-scaled-1-226x300.jpg 226w, https:\/\/geek-o-polis.com\/wp-content\/uploads\/2026\/01\/MYCELIADES-2026-BD-scaled-1-768x1020.jpg 768w, https:\/\/geek-o-polis.com\/wp-content\/uploads\/2026\/01\/MYCELIADES-2026-BD-scaled-1-1157x1536.jpg 1157w, https:\/\/geek-o-polis.com\/wp-content\/uploads\/2026\/01\/MYCELIADES-2026-BD-scaled-1-1542x2048.jpg 1542w, https:\/\/geek-o-polis.com\/wp-content\/uploads\/2026\/01\/MYCELIADES-2026-BD-scaled-1-813x1080.jpg 813w, https:\/\/geek-o-polis.com\/wp-content\/uploads\/2026\/01\/MYCELIADES-2026-BD-scaled-1.jpg 1928w\" sizes=\"(max-width: 404px) 100vw, 404px\" \/><\/p>\n<h3 style=\"text-align: center;\" data-path-to-node=\"5\">Une exploration culturelle au carrefour des savoirs<\/h3>\n<p style=\"text-align: center;\" data-path-to-node=\"6\">Pour cette nouvelle \u00e9dition, le festival affiche une ambition renouvel\u00e9e de d\u00e9cloisonner les disciplines. Depuis 2023, <b data-path-to-node=\"6\" data-index-in-node=\"119\">Les Myc\u00e9liades<\/b> s&rsquo;imposent comme un rendez-vous incontournable cr\u00e9ant des passerelles entre la recherche scientifique, le cin\u00e9ma, la litt\u00e9rature, la cr\u00e9ation num\u00e9rique et le jeu vid\u00e9o.<\/p>\n<p style=\"text-align: center;\" data-path-to-node=\"7\">Cette ann\u00e9e, le festival place sa programmation sous le signe des <b data-path-to-node=\"7\" data-index-in-node=\"66\">\u00ab R\u00e9siliences \u00bb<\/b>. Une th\u00e9matique forte et actuelle qui invite \u00e0 interroger notre avenir commun face aux bouleversements contemporains.<\/p>\n<blockquote data-path-to-node=\"8\">\n<p data-path-to-node=\"8,0\"><b data-path-to-node=\"8,0\" data-index-in-node=\"0\">Le mot d&rsquo;ordre de l&rsquo;\u00e9dition 2026 :<\/b> \u00ab Convoquer cin\u00e9ma, litt\u00e9rature, bandes dessin\u00e9es, science et jeux vid\u00e9o pour fa\u00e7onner demain. \u00bb<\/p>\n<\/blockquote>\n<h3 style=\"text-align: center;\" data-path-to-node=\"9\">Au programme : Cin\u00e9ma, rencontres et plus de 600 animations<\/h3>\n<p style=\"text-align: center;\" data-path-to-node=\"10\">Le c\u0153ur du festival battra au rythme d&rsquo;une offre culturelle foisonnante destin\u00e9e aux curieux et passionn\u00e9s de tous \u00e2ges :<\/p>\n<ul style=\"text-align: center;\" data-path-to-node=\"11\">\n<li>\n<p data-path-to-node=\"11,0,0\"><b data-path-to-node=\"11,0,0\" data-index-in-node=\"0\">Projections Art &amp; Essai :<\/b> Une s\u00e9lection pointue incluant des classiques de l&rsquo;animation japonaise et des \u0153uvres cultes de la science-fiction.<\/p>\n<\/li>\n<li>\n<p data-path-to-node=\"11,1,0\"><b data-path-to-node=\"11,1,0\" data-index-in-node=\"0\">Rencontres transdisciplinaires :<\/b> Des \u00e9changes avec des vid\u00e9astes, \u00e9crivain\u00b7es, b\u00e9d\u00e9astes, sp\u00e9cialistes du climat et ing\u00e9nieur\u00b7es.<\/p>\n<\/li>\n<li>\n<p data-path-to-node=\"11,2,0\"><b data-path-to-node=\"11,2,0\" data-index-in-node=\"0\">Animations vari\u00e9es :<\/b> Plus de <b data-path-to-node=\"11,2,0\" data-index-in-node=\"29\">600 \u00e9v\u00e9nements<\/b> (ateliers, d\u00e9bats, jeux) pour vulgariser la science par le prisme de la pop culture.<\/p>\n<\/li>\n<\/ul>\n<h3 style=\"text-align: center;\" data-path-to-node=\"12\">Un maillage territorial renforc\u00e9<\/h3>\n<p style=\"text-align: center;\" data-path-to-node=\"13\">La force des Myc\u00e9liades r\u00e9side dans son ancrage local unique, reposant sur des bin\u00f4mes <b data-path-to-node=\"13\" data-index-in-node=\"87\">M\u00e9diath\u00e8ques \/ Cin\u00e9mas<\/b>. Pour 2026, l&rsquo;\u00e9v\u00e9nement s&rsquo;\u00e9tend \u00e0 <b data-path-to-node=\"13\" data-index-in-node=\"144\">plus de 175 lieux<\/b> r\u00e9partis dans 80 villes.<\/p>\n<ul style=\"text-align: center;\" data-path-to-node=\"14\">\n<li>\n<p data-path-to-node=\"14,0,0\"><b data-path-to-node=\"14,0,0\" data-index-in-node=\"0\">Les villes historiques<\/b> comme Paris, Strasbourg, Tours, Armenti\u00e8res ou Gujan-Mestras renouvellent leur engagement.<\/p>\n<\/li>\n<li>\n<p data-path-to-node=\"14,1,0\"><b data-path-to-node=\"14,1,0\" data-index-in-node=\"0\">De nouvelles villes rejoignent l&rsquo;aventure<\/b>, parmi lesquelles Valence, Mont\u00e9limar, Millau, Fontainebleau, Blois, Tarbes et Cannes, t\u00e9moignant de la vitalit\u00e9 croissante du festival sur tout le territoire.<\/p>\n<\/li>\n<\/ul>\n<h3 style=\"text-align: center;\" data-path-to-node=\"15\">Ressources et Partenaires<\/h3>\n<p style=\"text-align: center;\" data-path-to-node=\"16\">Cet \u00e9v\u00e9nement d&rsquo;envergure est rendu possible gr\u00e2ce au soutien institutionnel et m\u00e9diatique de partenaires majeurs tels que le CNC, le Minist\u00e8re de la Culture, le Minist\u00e8re de l\u2019Enseignement sup\u00e9rieur et de la Recherche, le CNES, le CNRS, ainsi que Le Monde, Radio Nova et Usbek &amp; Rica.<\/p>\n<p data-path-to-node=\"16\"><img loading=\"lazy\" decoding=\"async\" class=\"aligncenter size-full wp-image-148951\" src=\"https:\/\/geek-o-polis.com\/wp-content\/uploads\/2026\/01\/LES-MYCELIADES26-carte-1024x1024-300-dpi-v6-1024x1024-1.jpg\" alt=\"\" width=\"1024\" height=\"1024\" srcset=\"https:\/\/geek-o-polis.com\/wp-content\/uploads\/2026\/01\/LES-MYCELIADES26-carte-1024x1024-300-dpi-v6-1024x1024-1.jpg 1024w, https:\/\/geek-o-polis.com\/wp-content\/uploads\/2026\/01\/LES-MYCELIADES26-carte-1024x1024-300-dpi-v6-1024x1024-1-300x300.jpg 300w, https:\/\/geek-o-polis.com\/wp-content\/uploads\/2026\/01\/LES-MYCELIADES26-carte-1024x1024-300-dpi-v6-1024x1024-1-150x150.jpg 150w, https:\/\/geek-o-polis.com\/wp-content\/uploads\/2026\/01\/LES-MYCELIADES26-carte-1024x1024-300-dpi-v6-1024x1024-1-768x768.jpg 768w\" sizes=\"(max-width: 1024px) 100vw, 1024px\" \/><\/p>\n","protected":false},"excerpt":{"rendered":"<p>L\u2019ADRC (Agence nationale pour le d\u00e9veloppement du cin\u00e9ma en r\u00e9gions) et Images en Biblioth\u00e8ques l\u00e8vent le voile sur la programmation tr\u00e8s attendue de la 4e \u00e9dition du festival Science &amp; Fiction Les Myc\u00e9liades. Du 31 janvier au 15 f\u00e9vrier 2026, l&rsquo;\u00e9v\u00e9nement investira plus de 80 villes en France m\u00e9tropolitaine et en Nouvelle-Cal\u00e9donie. Une exploration culturelle [&hellip;]<\/p>\n","protected":false},"author":2,"featured_media":148953,"comment_status":"open","ping_status":"open","sticky":false,"template":"","format":"standard","meta":{"saved_in_kubio":false,"footnotes":""},"categories":[7],"tags":[650,36572,36571,12790,16974],"class_list":["post-148950","post","type-post","status-publish","format-standard","has-post-thumbnail","hentry","category-evenement","tag-adrc","tag-agence-nationale-pour-le-developpement-du-cinema-en-regions","tag-festival-sf","tag-images-en-bibliotheques","tag-les-myceliades"],"_links":{"self":[{"href":"https:\/\/geek-o-polis.com\/index.php\/wp-json\/wp\/v2\/posts\/148950","targetHints":{"allow":["GET"]}}],"collection":[{"href":"https:\/\/geek-o-polis.com\/index.php\/wp-json\/wp\/v2\/posts"}],"about":[{"href":"https:\/\/geek-o-polis.com\/index.php\/wp-json\/wp\/v2\/types\/post"}],"author":[{"embeddable":true,"href":"https:\/\/geek-o-polis.com\/index.php\/wp-json\/wp\/v2\/users\/2"}],"replies":[{"embeddable":true,"href":"https:\/\/geek-o-polis.com\/index.php\/wp-json\/wp\/v2\/comments?post=148950"}],"version-history":[{"count":1,"href":"https:\/\/geek-o-polis.com\/index.php\/wp-json\/wp\/v2\/posts\/148950\/revisions"}],"predecessor-version":[{"id":148954,"href":"https:\/\/geek-o-polis.com\/index.php\/wp-json\/wp\/v2\/posts\/148950\/revisions\/148954"}],"wp:featuredmedia":[{"embeddable":true,"href":"https:\/\/geek-o-polis.com\/index.php\/wp-json\/wp\/v2\/media\/148953"}],"wp:attachment":[{"href":"https:\/\/geek-o-polis.com\/index.php\/wp-json\/wp\/v2\/media?parent=148950"}],"wp:term":[{"taxonomy":"category","embeddable":true,"href":"https:\/\/geek-o-polis.com\/index.php\/wp-json\/wp\/v2\/categories?post=148950"},{"taxonomy":"post_tag","embeddable":true,"href":"https:\/\/geek-o-polis.com\/index.php\/wp-json\/wp\/v2\/tags?post=148950"}],"curies":[{"name":"wp","href":"https:\/\/api.w.org\/{rel}","templated":true}]}}