{"id":14672,"date":"2020-10-05T09:00:00","date_gmt":"2020-10-05T07:00:00","guid":{"rendered":"http:\/\/geek-o-polis.com\/?p=14672"},"modified":"2020-10-05T09:00:00","modified_gmt":"2020-10-05T07:00:00","slug":"kaamelott-premier-volet-la-bande-originale-est-revelee","status":"publish","type":"post","link":"https:\/\/geek-o-polis.com\/index.php\/2020\/10\/05\/kaamelott-premier-volet-la-bande-originale-est-revelee\/","title":{"rendered":"Kaamelott &#8211; Premier volet : La bande originale est r\u00e9v\u00e9l\u00e9e"},"content":{"rendered":"\n<div class=\"wp-block-image\"><figure class=\"aligncenter size-large\"><img decoding=\"async\" src=\"https:\/\/geek-o-polis.com\/wp-content\/uploads\/2020\/10\/kaamelott-1.jpg?w=300\" alt=\"\" class=\"wp-image-14675\" \/><\/figure><\/div>\n\n\n\n<p><\/p>\n\n\n\n<p class=\"has-text-align-center\">Alors que le film <em><strong><span class=\"has-inline-color has-vivid-red-color\">Kaamelott &#8211; Premier Volet<\/span><\/strong><\/em> sort le <em><span class=\"has-inline-color has-luminous-vivid-orange-color\">25 novembre<\/span><\/em> prochain, la bande originale est enfin r\u00e9v\u00e9l\u00e9e par son auteur <em><strong><span class=\"has-inline-color has-vivid-purple-color\">Alexandre Astier<\/span><\/strong><\/em> qui n&rsquo;est autre que le compositeur de ces <em><span class=\"has-inline-color has-luminous-vivid-orange-color\">34 chansons<\/span><\/em> en compagnie de l&rsquo;<em><strong><span class=\"has-inline-color has-vivid-purple-color\">Orchestre National de Lyon<\/span><\/strong><\/em>.<\/p>\n\n\n\n<p class=\"has-text-align-center\"><br>D\u00e8s le <em><span class=\"has-inline-color has-luminous-vivid-orange-color\">27 novembre<\/span><\/em>, vous pourrez vous procurer le <em><span class=\"has-inline-color has-vivid-cyan-blue-color\">coffret collector de la bande originale<\/span><\/em> de ce film tant attendu par beaucoup de personnes. Et disponible en pr\u00e9-commande en cliquant <a href=\"https:\/\/kaamelott-bo.store\/\"><span class=\"has-inline-color has-luminous-vivid-orange-color\"><strong>ICI<\/strong><\/span><\/a>.<\/p>\n\n\n\n<p class=\"has-text-align-center\">Les titres des morceaux nous intriguent beaucoup quant au contenu de ce film. Il nous tarde de le visionner !<\/p>\n\n\n\n<div class=\"wp-block-image\"><figure class=\"aligncenter size-large\"><img decoding=\"async\" src=\"https:\/\/geek-o-polis.com\/wp-content\/uploads\/2020\/10\/kaamelott2.jpg?w=300\" alt=\"\" class=\"wp-image-14677\" \/><\/figure><\/div>\n\n\n\n<p><\/p>\n\n\n\n<p class=\"has-text-align-center\">Apr\u00e8s que <em><span class=\"has-inline-color has-vivid-purple-color\">les acteurs<\/span><\/em> venant s&rsquo;ajouter au long casting de <em><strong><span class=\"has-inline-color has-vivid-red-color\">Kaamelott<\/span><\/strong><\/em> aient \u00e9t\u00e9 r\u00e9v\u00e9l\u00e9s dans un teaser, c&rsquo;est au tour de la bande originale d&rsquo;\u00eatre d\u00e9voil\u00e9e. Voici d&rsquo;ailleurs,  <em><span class=\"has-inline-color has-vivid-cyan-blue-color\">le tout premier extrait de la bande originale<\/span><\/em>.<\/p>\n\n\n\n<figure class=\"wp-block-embed is-type-rich is-provider-youtube wp-block-embed-youtube wp-embed-aspect-16-9 wp-has-aspect-ratio\"><div class=\"wp-block-embed__wrapper\">\n<iframe loading=\"lazy\" title=\"KAAMELOTT - PREMIER VOLET \/ teaser de la Bande Originale\" width=\"500\" height=\"281\" src=\"https:\/\/www.youtube.com\/embed\/lVoLqas1T_o?feature=oembed\" frameborder=\"0\" allow=\"accelerometer; autoplay; clipboard-write; encrypted-media; gyroscope; picture-in-picture; web-share\" referrerpolicy=\"strict-origin-when-cross-origin\" allowfullscreen><\/iframe>\n<\/div><\/figure>\n\n\n\n<p class=\"has-text-align-center\">Encore une fois, <em><strong><span class=\"has-inline-color has-vivid-purple-color\">Alexandre Astier<\/span><\/strong><\/em> sait faire <em><span class=\"has-inline-color has-vivid-cyan-blue-color\">tourner la t\u00eate \u00e0 ses fans et spectateurs. <\/span><span class=\"has-inline-color has-vivid-purple-color\">Il sait les faire languir <\/span><\/em>encore et toujours plus tout en distillant quelques infos par parcimonie jusqu&rsquo;\u00e0 la r\u00e9v\u00e9lation de ce film tant attendu.<\/p>\n\n\n\n<div class=\"wp-block-image\"><figure class=\"aligncenter size-large\"><img decoding=\"async\" src=\"https:\/\/geek-o-polis.com\/wp-content\/uploads\/2020\/10\/kaamelott1.jpg?w=318\" alt=\"\" class=\"wp-image-14681\" \/><\/figure><\/div>\n\n\n\n<p><\/p>\n\n\n\n<p class=\"has-text-align-center\">Voici donc la liste des morceaux de cette bande originale : <\/p>\n\n\n\n<ol class=\"wp-block-list\"><li><em><span class=\"has-inline-color has-vivid-red-color\">Abordage en Mer rouge<\/span><\/em><\/li><li><em><span class=\"has-inline-color has-vivid-red-color\">Le p\u00e9ch\u00e9 de Lancelot<\/span><\/em><\/li><li><em><span class=\"has-inline-color has-vivid-red-color\">Sept jours de marche<\/span><\/em><\/li><li><em><span class=\"has-inline-color has-vivid-red-color\">Le Wadi<\/span><\/em><\/li><li><em><span class=\"has-inline-color has-vivid-red-color\">L&rsquo;Augure de Franagan<\/span><\/em><\/li><li><em><span class=\"has-inline-color has-vivid-red-color\">Hydromancie<\/span><\/em><\/li><li><em><span class=\"has-inline-color has-vivid-red-color\">Sous la Bretagne<\/span><\/em><\/li><li><em><span class=\"has-inline-color has-vivid-red-color\">Les H\u00e9ros de la R\u00e9sistance<\/span><\/em><\/li><li><em><span class=\"has-inline-color has-vivid-red-color\">Merlin le cartographe<\/span><\/em><\/li><li><em><span class=\"has-inline-color has-vivid-red-color\">Marche Aquitaine<\/span><\/em><\/li><li><em><span class=\"has-inline-color has-vivid-red-color\">Furadja !<\/span><\/em><\/li><li><em><span class=\"has-inline-color has-vivid-red-color\">Une clairi\u00e8re pr\u00e8s de Gaunes<\/span><\/em><\/li><li><em><span class=\"has-inline-color has-vivid-red-color\">Une attaque burgonde<\/span><\/em><\/li><li><em><span class=\"has-inline-color has-vivid-red-color\">L\u2019Intrigante \u00e0 Bouclettes<\/span><\/em><\/li><li><em><span class=\"has-inline-color has-vivid-red-color\">La nouvelle Table Ronde<\/span><\/em><\/li><li><em><span class=\"has-inline-color has-vivid-red-color\">Les jeunes aventuriers<\/span><\/em><\/li><li><em><span class=\"has-inline-color has-vivid-red-color\">L\u00e9odagan et l\u2019Arsenal<\/span><\/em><\/li><li><em><span class=\"has-inline-color has-vivid-red-color\">Les Ravins de la Mort<\/span><\/em><\/li><li><em><span class=\"has-inline-color has-vivid-red-color\">Mevanwi aux Ge\u00f4les<\/span><\/em><\/li><li><em><span class=\"has-inline-color has-vivid-red-color\">Le Talent de Iagu<\/span><\/em><\/li><li><em><span class=\"has-inline-color has-vivid-red-color\">Kolaig l\u2019\u00c9trangleur<\/span><\/em><\/li><li><em><span class=\"has-inline-color has-vivid-red-color\">L\u2019\u00c9paule de Shedda<\/span><\/em><\/li><li><em><span class=\"has-inline-color has-vivid-red-color\">Robobrole !<\/span><\/em><\/li><li><em><span class=\"has-inline-color has-vivid-red-color\">Excalibur Morte<\/span><\/em><\/li><li><em><span class=\"has-inline-color has-vivid-red-color\">Arthur et les Musiciens<\/span><\/em><\/li><li><em><span class=\"has-inline-color has-vivid-red-color\">La Martyre<\/span><\/em><\/li><li><em><span class=\"has-inline-color has-vivid-red-color\">Arthur \u00e0 la Tour<\/span><\/em><\/li><li><em><span class=\"has-inline-color has-vivid-red-color\">Une Autre Attaque Burgonde<\/span><\/em><\/li><li><em><span class=\"has-inline-color has-vivid-red-color\">D\u00e9senchev\u00eatrement<\/span><\/em><\/li><li><em><span class=\"has-inline-color has-vivid-red-color\">Excalibur Noire<\/span><\/em><\/li><li><em><span class=\"has-inline-color has-vivid-red-color\">Juste Judex<\/span><\/em><\/li><li><em><span class=\"has-inline-color has-vivid-red-color\">La Mor le Roy Artu<\/span><\/em><\/li><li><em><span class=\"has-inline-color has-vivid-red-color\">Horsa !<\/span><\/em><\/li><li><em><span class=\"has-inline-color has-vivid-red-color\">Pr\u00eats pour l\u2019Aventure<\/span><\/em><\/li><\/ol>\n\n\n\n<div class=\"wp-block-image\"><figure class=\"aligncenter size-large\"><img decoding=\"async\" src=\"https:\/\/geek-o-polis.com\/wp-content\/uploads\/2020\/10\/kaamelott3.jpg?w=300\" alt=\"\" class=\"wp-image-14685\" \/><\/figure><\/div>\n","protected":false},"excerpt":{"rendered":"<p>Alors que le film Kaamelott &#8211; Premier Volet sort le 25 novembre prochain, la bande originale est enfin r\u00e9v\u00e9l\u00e9e par son auteur Alexandre Astier qui n&rsquo;est autre que le compositeur de ces 34 chansons en compagnie de l&rsquo;Orchestre National de Lyon. D\u00e8s le 27 novembre, vous pourrez vous procurer le coffret collector de la bande [&hellip;]<\/p>\n","protected":false},"author":7,"featured_media":0,"comment_status":"open","ping_status":"open","sticky":false,"template":"","format":"standard","meta":{"saved_in_kubio":false,"footnotes":""},"categories":[9,18,39,42,45],"tags":[1042,2817,14566,14567,21676],"class_list":["post-14672","post","type-post","status-publish","format-standard","hentry","category-bla-bla","category-film","category-musique","category-precommande","category-sorties","tag-alexandre-astier","tag-bande-originale","tag-kaamelott","tag-kaamelott-premier-volet","tag-orchestre-nationale-de-lyon"],"_links":{"self":[{"href":"https:\/\/geek-o-polis.com\/index.php\/wp-json\/wp\/v2\/posts\/14672","targetHints":{"allow":["GET"]}}],"collection":[{"href":"https:\/\/geek-o-polis.com\/index.php\/wp-json\/wp\/v2\/posts"}],"about":[{"href":"https:\/\/geek-o-polis.com\/index.php\/wp-json\/wp\/v2\/types\/post"}],"author":[{"embeddable":true,"href":"https:\/\/geek-o-polis.com\/index.php\/wp-json\/wp\/v2\/users\/7"}],"replies":[{"embeddable":true,"href":"https:\/\/geek-o-polis.com\/index.php\/wp-json\/wp\/v2\/comments?post=14672"}],"version-history":[{"count":0,"href":"https:\/\/geek-o-polis.com\/index.php\/wp-json\/wp\/v2\/posts\/14672\/revisions"}],"wp:attachment":[{"href":"https:\/\/geek-o-polis.com\/index.php\/wp-json\/wp\/v2\/media?parent=14672"}],"wp:term":[{"taxonomy":"category","embeddable":true,"href":"https:\/\/geek-o-polis.com\/index.php\/wp-json\/wp\/v2\/categories?post=14672"},{"taxonomy":"post_tag","embeddable":true,"href":"https:\/\/geek-o-polis.com\/index.php\/wp-json\/wp\/v2\/tags?post=14672"}],"curies":[{"name":"wp","href":"https:\/\/api.w.org\/{rel}","templated":true}]}}