{"id":144368,"date":"2025-10-15T13:30:00","date_gmt":"2025-10-15T11:30:00","guid":{"rendered":"https:\/\/geek-o-polis.com\/?p=144368"},"modified":"2025-10-15T12:06:28","modified_gmt":"2025-10-15T10:06:28","slug":"une-qualite-studio-pour-les-debutants-ambitieux-beyerdynamic-presente-le-dt-270-pro","status":"publish","type":"post","link":"https:\/\/geek-o-polis.com\/index.php\/2025\/10\/15\/une-qualite-studio-pour-les-debutants-ambitieux-beyerdynamic-presente-le-dt-270-pro\/","title":{"rendered":"Une qualit\u00e9 studio pour les d\u00e9butants ambitieux : beyerdynamic pr\u00e9sente le DT 270 PRO"},"content":{"rendered":"<p style=\"text-align: center;\"><span style=\"color: #000000;\"><strong>\u00a0<a style=\"color: #000000;\" href=\"https:\/\/prezlymail.com\/c\/af60aa67-79bc-45e5-9ab4-8efa3e2fa0f0\/eddb85a3\/https%3A%2F%2Fwww.beyerdynamic.de%2F\" target=\"_blank\" rel=\"noopener\" data-saferedirecturl=\"https:\/\/www.google.com\/url?q=https:\/\/prezlymail.com\/c\/af60aa67-79bc-45e5-9ab4-8efa3e2fa0f0\/eddb85a3\/https%253A%252F%252Fwww.beyerdynamic.de%252F&amp;source=gmail&amp;ust=1760608425133000&amp;usg=AOvVaw03NCIcmeVPPUXOJpa7FUVJ\">beyerdynamic<\/a>\u00a0enrichit sa c\u00e9l\u00e8bre s\u00e9rie PRO avec un nouveau casque circum-auriculaire con\u00e7u pour offrir un son de studio professionnel \u00e0 un large public. Le DT 270 PRO associe un for<\/strong><\/span><span style=\"color: #000000;\"><strong>mat compact et polyvalent \u00e0 un prix attractif, en faisant un choix id\u00e9al tant pour les d\u00e9butants ambitieux que pour les producteurs exp\u00e9riment\u00e9s qui aiment cr\u00e9er en o\u00f9 qu\u2019ils soient.<\/strong><\/span><\/p>\n<p><img loading=\"lazy\" decoding=\"async\" class=\"aligncenter size-full wp-image-144369\" src=\"https:\/\/geek-o-polis.com\/wp-content\/uploads\/2025\/10\/unnamed-2025-10-15T120451.987.jpg\" alt=\"\" width=\"900\" height=\"700\" srcset=\"https:\/\/geek-o-polis.com\/wp-content\/uploads\/2025\/10\/unnamed-2025-10-15T120451.987.jpg 900w, https:\/\/geek-o-polis.com\/wp-content\/uploads\/2025\/10\/unnamed-2025-10-15T120451.987-300x233.jpg 300w, https:\/\/geek-o-polis.com\/wp-content\/uploads\/2025\/10\/unnamed-2025-10-15T120451.987-768x597.jpg 768w\" sizes=\"(max-width: 900px) 100vw, 900px\" \/><\/p>\n<p style=\"text-align: center;\"><span style=\"color: #ff6600;\"><u><strong>Un v\u00e9ritable beyerdynamic \u2013 \u00e0 prix d\u2019entr\u00e9e de gamme<\/strong><\/u>\u00a0<\/span><\/p>\n<p style=\"text-align: center;\">Le DT 270 PRO ouvre les portes du monde des casques de studio professionnels. Bien qu\u2019affich\u00e9 \u00e0 moins de 100\u202f\u20ac, il conserve les caract\u00e9ristiques embl\u00e9matiques de la populaire s\u00e9rie PRO : son de studio authentique, confort de port exceptionnel, et un contenu de livraison rarement \u00e9gal\u00e9 \u00e0 ce niveau de prix. Les coussinets en velours rempla\u00e7ables en sont un bon exemple : confortables et repr\u00e9sentatifs de la gamme PRO de beyerdynamic.<\/p>\n<p style=\"text-align: center;\">Par rapport aux autres mod\u00e8les de la s\u00e9rie PRO, le DT 270 PRO se distingue par un design plus compact et adaptable, id\u00e9al pour des conditions de production flexibles et des environnements en constante \u00e9volution. Le c\u00e2ble peut \u00eatre connect\u00e9 de chaque c\u00f4t\u00e9, et gr\u00e2ce \u00e0 l\u2019adaptateur USB-C vers mini-jack 3,5 mm inclus, le casque est \u00e9galement compatible avec les appareils mobiles (comme les smartphones ou les tablettes). Gr\u00e2ce \u00e0 son imp\u00e9dance de 45 ohms et un poids plume de 194 grammes, il devient le compagnon id\u00e9al pour les d\u00e9placements. Un \u00e9tui de transport de qualit\u00e9 est \u00e9galement fourni.<\/p>\n<p style=\"text-align: center;\"><span style=\"color: #ff6600;\"><u><strong>Son de niveau PRO et mat\u00e9riaux de qualit\u00e9<\/strong><\/u>\u00a0<\/span><\/p>\n<p style=\"text-align: center;\">Que ce soit pour la production musicale, l\u2019enregistrement de podcasts ou la pratique instrumentale, le DT 270 PRO offre un profil sonore \u00e9quilibr\u00e9 et d\u00e9taill\u00e9 de niveau studio. D\u00e9velopp\u00e9 selon les derni\u00e8res normes acoustiques et affin\u00e9 gr\u00e2ce aux retours des utilisateurs, il combine des graves clairs mais discrets, des m\u00e9diums naturels et des aigus d\u00e9taill\u00e9s mais agr\u00e9ablement doux.\u00a0<\/p>\n<p style=\"text-align: center;\">Fid\u00e8le aux standards \u00e9lev\u00e9s de beyerdynamic, le DT 270 PRO est \u00e9galement con\u00e7u pour durer. La structure en acier \u00e0 ressorts int\u00e9gr\u00e9e \u00e0 l\u2019arceau rembourr\u00e9 assure un maintien s\u00fbr, tout en garantissant un confort optimal. Le casque \u00e9tant flexible et l\u00e9ger, il offre le confort n\u00e9cessaire aux longues sessions de concentration. Le bo\u00eetier robuste est con\u00e7u pour r\u00e9sister \u00e0 une utilisation fr\u00e9quente et intensive.<\/p>\n<p style=\"text-align: center;\"><span style=\"color: #ff6600;\"><u><strong>Une nouvelle r\u00e9f\u00e9rence polyvalente au caract\u00e8re studio affirm\u00e9<\/strong><\/u><\/span><\/p>\n<div style=\"text-align: center;\">\u00a0<\/div>\n<table class=\" aligncenter\" role=\"presentation\" border=\"0\" cellspacing=\"0\" cellpadding=\"0\" align=\"center\">\n<tbody>\n<tr>\n<td align=\"left\">\n<div>\n<table role=\"presentation\" border=\"0\" cellspacing=\"0\" cellpadding=\"0\" align=\"left\">\n<tbody>\n<tr>\n<td>\n<div class=\"m_8533321548711838721mj-column-per-100-000\">\n<table role=\"presentation\" border=\"0\" width=\"100%\" cellspacing=\"0\" cellpadding=\"0\">\n<tbody>\n<tr>\n<td align=\"left\">\n<div>\n<table role=\"presentation\" border=\"0\" cellspacing=\"0\" cellpadding=\"0\" align=\"left\">\n<tbody>\n<tr>\n<td>\n<table role=\"presentation\" border=\"0\" cellspacing=\"0\" cellpadding=\"0\" align=\"left\">\n<tbody>\n<tr>\n<td valign=\"middle\">\n<blockquote><em>\u00ab Avec le DT 270 PRO, nous rendons l\u2019ADN de notre c\u00e9l\u00e8bre s\u00e9rie PRO accessible \u00e0 un plus grand nombre de personnes. Nous voulions cr\u00e9er un casque qui offre le son PRO original aussi bien aux d\u00e9butants qu\u2019aux professionnels de la musique \u2014 et c\u2019est exactement ce que nous avons accompli avec le DT 270 PRO. Nous sommes ravis d\u2019\u00e9largir notre gamme avec ce mod\u00e8le polyvalent qui incarne pleinement le caract\u00e8re studio. \u00bb\u00a0<\/em><strong>&#8211; Ante Mihalj, chef de produit chez beyerdynamic.<\/strong><\/blockquote>\n<\/td>\n<\/tr>\n<\/tbody>\n<\/table>\n<\/td>\n<\/tr>\n<\/tbody>\n<\/table>\n<\/div>\n<\/td>\n<\/tr>\n<\/tbody>\n<\/table>\n<\/div>\n<\/td>\n<\/tr>\n<\/tbody>\n<\/table>\n<\/div>\n<\/td>\n<\/tr>\n<\/tbody>\n<\/table>\n<div style=\"text-align: center;\">\u00a0<\/div>\n<p style=\"text-align: center;\"><span style=\"color: #ff6600;\"><u><strong>Disponibilit\u00e9 et prix<\/strong><\/u>\u00a0<\/span><\/p>\n<p style=\"text-align: center;\">Le DT 270 PRO sera disponible \u00e0 partir du 14 octobre 2025 au prix de vente conseill\u00e9 de 99,00 \u20ac TTC, via la boutique en ligne\u00a0<a href=\"https:\/\/prezlymail.com\/c\/af60aa67-79bc-45e5-9ab4-8efa3e2fa0f0\/c813299c\/https%3A%2F%2Feurope.beyerdynamic.com%2F\" target=\"_blank\" rel=\"noopener\" data-saferedirecturl=\"https:\/\/www.google.com\/url?q=https:\/\/prezlymail.com\/c\/af60aa67-79bc-45e5-9ab4-8efa3e2fa0f0\/c813299c\/https%253A%252F%252Feurope.beyerdynamic.com%252F&amp;source=gmail&amp;ust=1760608425133000&amp;usg=AOvVaw3gJHNF-2mlUAfJjYsL_acJ\">www.beyerdynamic.com<\/a><\/p>\n<p><iframe loading=\"lazy\" title=\"beyerdynamic | DT 270 PRO Product Introduction\" width=\"500\" height=\"281\" src=\"https:\/\/www.youtube.com\/embed\/Yq4dy4id2JI?feature=oembed\" frameborder=\"0\" allow=\"accelerometer; autoplay; clipboard-write; encrypted-media; gyroscope; picture-in-picture; web-share\" referrerpolicy=\"strict-origin-when-cross-origin\" allowfullscreen><\/iframe><\/p>\n\n\n<figure class=\"wp-block-embed is-type-video is-provider-youtube wp-block-embed-youtube wp-embed-aspect-16-9 wp-has-aspect-ratio\"><div class=\"wp-block-embed__wrapper\">\n<iframe loading=\"lazy\" title=\"beyerdynamic | DT 270 PRO - Features\" width=\"500\" height=\"281\" src=\"https:\/\/www.youtube.com\/embed\/P6w8MC95Z0k?feature=oembed\" frameborder=\"0\" allow=\"accelerometer; autoplay; clipboard-write; encrypted-media; gyroscope; picture-in-picture; web-share\" referrerpolicy=\"strict-origin-when-cross-origin\" allowfullscreen><\/iframe>\n<\/div><\/figure>\n","protected":false},"excerpt":{"rendered":"<p>\u00a0beyerdynamic\u00a0enrichit sa c\u00e9l\u00e8bre s\u00e9rie PRO avec un nouveau casque circum-auriculaire con\u00e7u pour offrir un son de studio professionnel \u00e0 un large public. Le DT 270 PRO associe un format compact et polyvalent \u00e0 un prix attractif, en faisant un choix id\u00e9al tant pour les d\u00e9butants ambitieux que pour les producteurs exp\u00e9riment\u00e9s qui aiment cr\u00e9er en [&hellip;]<\/p>\n","protected":false},"author":2,"featured_media":144369,"comment_status":"open","ping_status":"open","sticky":false,"template":"","format":"standard","meta":{"saved_in_kubio":false,"footnotes":""},"categories":[1,47],"tags":[33584,4521,35141,23289],"class_list":["post-144368","post","type-post","status-publish","format-standard","has-post-thumbnail","hentry","category-non-classe","category-technologies","tag-beyerdynamic","tag-casque","tag-dt-270-pro","tag-pro"],"_links":{"self":[{"href":"https:\/\/geek-o-polis.com\/index.php\/wp-json\/wp\/v2\/posts\/144368","targetHints":{"allow":["GET"]}}],"collection":[{"href":"https:\/\/geek-o-polis.com\/index.php\/wp-json\/wp\/v2\/posts"}],"about":[{"href":"https:\/\/geek-o-polis.com\/index.php\/wp-json\/wp\/v2\/types\/post"}],"author":[{"embeddable":true,"href":"https:\/\/geek-o-polis.com\/index.php\/wp-json\/wp\/v2\/users\/2"}],"replies":[{"embeddable":true,"href":"https:\/\/geek-o-polis.com\/index.php\/wp-json\/wp\/v2\/comments?post=144368"}],"version-history":[{"count":1,"href":"https:\/\/geek-o-polis.com\/index.php\/wp-json\/wp\/v2\/posts\/144368\/revisions"}],"predecessor-version":[{"id":144370,"href":"https:\/\/geek-o-polis.com\/index.php\/wp-json\/wp\/v2\/posts\/144368\/revisions\/144370"}],"wp:featuredmedia":[{"embeddable":true,"href":"https:\/\/geek-o-polis.com\/index.php\/wp-json\/wp\/v2\/media\/144369"}],"wp:attachment":[{"href":"https:\/\/geek-o-polis.com\/index.php\/wp-json\/wp\/v2\/media?parent=144368"}],"wp:term":[{"taxonomy":"category","embeddable":true,"href":"https:\/\/geek-o-polis.com\/index.php\/wp-json\/wp\/v2\/categories?post=144368"},{"taxonomy":"post_tag","embeddable":true,"href":"https:\/\/geek-o-polis.com\/index.php\/wp-json\/wp\/v2\/tags?post=144368"}],"curies":[{"name":"wp","href":"https:\/\/api.w.org\/{rel}","templated":true}]}}