{"id":1435,"date":"2020-05-20T10:00:00","date_gmt":"2020-05-20T08:00:00","guid":{"rendered":"http:\/\/geek-o-polis.com\/?p=1435"},"modified":"2020-05-20T10:00:00","modified_gmt":"2020-05-20T08:00:00","slug":"consolament-de-celine-rosenheim-bientot-dans-vos-liseuses","status":"publish","type":"post","link":"https:\/\/geek-o-polis.com\/index.php\/2020\/05\/20\/consolament-de-celine-rosenheim-bientot-dans-vos-liseuses\/","title":{"rendered":"Consolament de C\u00e9line Rosenheim  bient\u00f4t dans vos liseuses"},"content":{"rendered":"\n<p class=\"has-text-align-center\"><strong>Apr\u00e8s avoir fait une pause dans leurs publications comme beaucoup d&rsquo;\u00e9diteurs, Sema reviennent bient\u00f4t avec un nouveau roman<\/strong>.<\/p>\n\n\n\n<!--more-->\n\n\n\n<p class=\"has-text-align-center\">Aujourd&rsquo;hui, je vous annonce donc <strong><span class=\"has-inline-color has-luminous-vivid-orange-color\">la sortie  num\u00e9rique de Consolament de C\u00e9line Rosenhein le 8 juin prochain chez Sema Editions<\/span><\/strong>. Ce roman va ravir ceux qui aiment les m\u00e9langes de fantasy et d&rsquo;histoire comme moi.  <strong><span class=\"has-inline-color has-luminous-vivid-orange-color\">Pour sa sortie papier, il faudra encore attendre un peu, mais on sait d\u00e9j\u00e0 qu&rsquo;on se trouvera face \u00e0 un roman de 188 pages.<\/span><\/strong> La maison d&rsquo;\u00e9dition nous annonce un livre <strong><span class=\"has-inline-color has-luminous-vivid-orange-color\">orignal et complexe avec une intrigue politique, des conflits arm\u00e9s et des croyance.<\/span><\/strong><\/p>\n\n\n\n<h2 class=\"has-text-align-center wp-block-heading\"><span class=\"has-inline-color has-vivid-red-color\">Je vous laisse d\u00e9couvrir le synopsis<\/span><\/h2>\n\n\n<blockquote>\n<p>Le duch\u00e9 de Nebleim conna\u00eet des heures sombres. Tandis qu\u2019\u00e9pid\u00e9mies et catastrophes naturelles se succ\u00e8dent, les pr\u00e9mices d\u2019une guerre avec la principaut\u00e9 d\u2019Histrionie se dessinent. Malgr\u00e9 cette situation difficile, la duchesse Ermessende esp\u00e8re la lumi\u00e8re. Les Parfaits affirment que la Terre, cette cr\u00e9ation du Diable, vacille sous les assauts de la foi v\u00e9ritable et que l\u2019apocalypse viendra bient\u00f4t d\u00e9livrer les \u00e2mes de leurs tourments. Dans ce monde au bord du pr\u00e9cipice, Ermessende de Nebleim et ses vassaux se pr\u00e9parent \u00e0 livrer bataille, tandis que dans les villes et les campagnes, chacun tente de surmonter les \u00e9preuves&#8230; jusqu\u2019au jugement dernier.<\/p>\n<\/blockquote>\n\n\n<h2 class=\"has-text-align-center wp-block-heading\"><span class=\"has-inline-color has-vivid-red-color\">Et si vous voulez en savoir plus, Sema Editions nous offre en avant-premi\u00e8re deux petit extraits tr\u00e8s all\u00e9chants.<\/span><\/h2>\n\n\n\n<div class=\"wp-block-jetpack-slideshow aligncenter\" data-effect=\"slide\"><div class=\"wp-block-jetpack-slideshow_container swiper-container\"><ul class=\"wp-block-jetpack-slideshow_swiper-wrapper swiper-wrapper\"><li class=\"wp-block-jetpack-slideshow_slide swiper-slide\"><figure><img decoding=\"async\" alt=\"\" class=\"wp-block-jetpack-slideshow_image wp-image-1438\" data-id=\"1438\" src=\"https:\/\/geek-o-polis.com\/wp-content\/uploads\/2020\/05\/96508594_1890282887772032_556059133661413376_n.png\" \/><\/figure><\/li><li class=\"wp-block-jetpack-slideshow_slide swiper-slide\"><figure><img decoding=\"async\" class=\"wp-block-jetpack-slideshow_image wp-image-1557\" data-id=\"1557\" src=\"https:\/\/geek-o-polis.com\/wp-content\/uploads\/2020\/05\/97308644_1893581130775541_2858637937665376256_n.png\" \/><\/figure><\/li><\/ul><a class=\"wp-block-jetpack-slideshow_button-prev swiper-button-prev swiper-button-white\" role=\"button\"><\/a><a class=\"wp-block-jetpack-slideshow_button-next swiper-button-next swiper-button-white\" role=\"button\"><\/a><a aria-label=\"Pause Slideshow\" class=\"wp-block-jetpack-slideshow_button-pause\" role=\"button\"><\/a><div class=\"wp-block-jetpack-slideshow_pagination swiper-pagination swiper-pagination-white\"><\/div><\/div><\/div>\n\n\n\n<p class=\"has-text-align-center\"><strong>Si vous aussi, vous \u00eates tent\u00e9s par la couverture, le synopsis ou encore l&rsquo;extrait, il vous suffit de <span class=\"has-inline-color has-luminous-vivid-orange-color\">cliquer <a href=\"https:\/\/amzn.to\/366vmwC\" target=\"_blank\" rel=\"noreferrer noopener\">ici pour le pr\u00e9commander <\/a>et le recevoir d\u00e8s le 8 juin.<\/span><\/strong><\/p>\n","protected":false},"excerpt":{"rendered":"<p>Apr\u00e8s avoir fait une pause dans leurs publications comme beaucoup d&rsquo;\u00e9diteurs, Sema reviennent bient\u00f4t avec un nouveau roman.<\/p>\n","protected":false},"author":4,"featured_media":0,"comment_status":"open","ping_status":"open","sticky":false,"template":"","format":"standard","meta":{"saved_in_kubio":false,"footnotes":""},"categories":[33,42],"tags":[4637,5699,9173,9357,12279,16582,25939],"class_list":["post-1435","post","type-post","status-publish","format-standard","hentry","category-litterature","category-precommande","tag-celine-rosenheim","tag-consolament","tag-extrait","tag-fantasy","tag-historique","tag-lecture","tag-sema-editions"],"_links":{"self":[{"href":"https:\/\/geek-o-polis.com\/index.php\/wp-json\/wp\/v2\/posts\/1435","targetHints":{"allow":["GET"]}}],"collection":[{"href":"https:\/\/geek-o-polis.com\/index.php\/wp-json\/wp\/v2\/posts"}],"about":[{"href":"https:\/\/geek-o-polis.com\/index.php\/wp-json\/wp\/v2\/types\/post"}],"author":[{"embeddable":true,"href":"https:\/\/geek-o-polis.com\/index.php\/wp-json\/wp\/v2\/users\/4"}],"replies":[{"embeddable":true,"href":"https:\/\/geek-o-polis.com\/index.php\/wp-json\/wp\/v2\/comments?post=1435"}],"version-history":[{"count":0,"href":"https:\/\/geek-o-polis.com\/index.php\/wp-json\/wp\/v2\/posts\/1435\/revisions"}],"wp:attachment":[{"href":"https:\/\/geek-o-polis.com\/index.php\/wp-json\/wp\/v2\/media?parent=1435"}],"wp:term":[{"taxonomy":"category","embeddable":true,"href":"https:\/\/geek-o-polis.com\/index.php\/wp-json\/wp\/v2\/categories?post=1435"},{"taxonomy":"post_tag","embeddable":true,"href":"https:\/\/geek-o-polis.com\/index.php\/wp-json\/wp\/v2\/tags?post=1435"}],"curies":[{"name":"wp","href":"https:\/\/api.w.org\/{rel}","templated":true}]}}