{"id":142042,"date":"2025-09-05T09:00:00","date_gmt":"2025-09-05T07:00:00","guid":{"rendered":"https:\/\/geek-o-polis.com\/?p=142042"},"modified":"2025-09-04T17:57:25","modified_gmt":"2025-09-04T15:57:25","slug":"avis-la-belle-et-la-racaille-tome-2-de-fujichika-aux-editions-akata","status":"publish","type":"post","link":"https:\/\/geek-o-polis.com\/index.php\/2025\/09\/05\/avis-la-belle-et-la-racaille-tome-2-de-fujichika-aux-editions-akata\/","title":{"rendered":"Avis : La belle et la racaille tome 2 de Fujichika aux \u00c9ditions Akata."},"content":{"rendered":"<p style=\"text-align: center;\">\u00c7a y est, Atsuko, la terreur du lyc\u00e9e, et Kanzaki, la nouvelle \u00e9l\u00e8ve excentrique et t\u00eate en l\u2019air, sont officiellement\u2026 amies ! Et si cette derni\u00e8re se r\u00e9jouit de pouvoir passer plus de temps avec l\u2019\u00e9lue de son c\u0153ur, leur relation n\u2019est pas \u00e0 l\u2019abri de maladresses qui pourraient la fragiliser\u2026<\/p>\n<p style=\"text-align: center;\">Ancr\u00e9 dans le Japon des ann\u00e9es 1980, <em>La Belle et la Racaille<\/em> est une com\u00e9die lumineuse port\u00e9e par des personnages hauts en couleur et un dessin r\u00e9tro bourr\u00e9 de charme !<\/p>\n<p style=\"text-align: center;\"><span style=\"color: #ff00ff;\"><strong>\u00a0-Mon avis-<\/strong><\/span><\/p>\n<p style=\"text-align: center;\" data-start=\"100\" data-end=\"498\">Je viens de finir le tome 2 de <em data-start=\"131\" data-end=\"156\">La Belle et la Racaille<\/em> et je dois dire que j\u2019ai ador\u00e9. D\u00e8s les premi\u00e8res pages, on est plong\u00e9 dans une ambiance r\u00e9tro des ann\u00e9es 80 qui rend le manga vraiment unique. Le style graphique est super agr\u00e9able, avec des personnages tr\u00e8s expressifs et des d\u00e9cors soign\u00e9s qui donnent vie \u00e0 chaque sc\u00e8ne. On a presque l\u2019impression de regarder un petit film dans sa t\u00eate.<\/p>\n<p style=\"text-align: center;\" data-start=\"500\" data-end=\"826\">Ce que j\u2019aime particuli\u00e8rement, c\u2019est le m\u00e9lange entre humour et \u00e9motion. Certaines situations sont vraiment dr\u00f4les, mais il y a aussi des moments doux qui touchent sans \u00eatre lourds. La lecture est tr\u00e8s fluide, et on se prend rapidement d\u2019affection pour les personnages, qu\u2019on a presque envie de conna\u00eetre dans la vraie vie.<\/p>\n<p style=\"text-align: center;\" data-start=\"828\" data-end=\"1207\">Les personnages eux-m\u00eames sont tr\u00e8s attachants. Chacun a sa personnalit\u00e9 et ses petites particularit\u00e9s qui les rendent cr\u00e9dibles et naturels. Les interactions entre eux sont souvent amusantes mais parfois touchantes, et \u00e7a rend le manga tr\u00e8s agr\u00e9able \u00e0 lire. On sent que l\u2019auteur prend le temps de d\u00e9velopper les relations de mani\u00e8re subtile, sans jamais tomber dans le clich\u00e9.<\/p>\n<p style=\"text-align: center;\" data-start=\"1209\" data-end=\"1561\">J\u2019ai aussi beaucoup appr\u00e9ci\u00e9 l\u2019ambiance globale du manga. Il d\u00e9gage quelque chose de rassurant et feel-good. C\u2019est le genre de lecture qui met de bonne humeur et qui donne le sourire m\u00eame apr\u00e8s avoir referm\u00e9 le livre. L\u2019univers est travaill\u00e9 avec soin, et chaque planche donne envie de continuer la lecture pour d\u00e9couvrir ce qui va se passer ensuite.<\/p>\n<p style=\"text-align: center;\" data-start=\"1563\" data-end=\"1927\"><span style=\"color: #ff00ff;\"><strong>Ce tome 2 de <em data-start=\"1587\" data-end=\"1612\">La Belle et la Racaille<\/em> est une lecture parfaite pour ceux qui aiment les mangas l\u00e9gers, dr\u00f4les et touchants. C\u2019est doux, immersif et agr\u00e9able \u00e0 lire, avec des personnages qu\u2019on aime et une ambiance r\u00e9tro qui fait toute la diff\u00e9rence. Franchement, si vous cherchez un manga qui met du baume au c\u0153ur, celui-ci est \u00e0 d\u00e9couvrir absolument.<\/strong><\/span><\/p>\n<div class=\"panel-pane pane-entity-field pane-node-field-serie text-uppercase\">\n<div class=\"pane-content\">\n<div class=\"field field-name-field-serie field-type-node-reference field-label-inline clearfix\" style=\"text-align: center;\"><span class=\"field-span\">S\u00e9rie: <\/span><a href=\"https:\/\/www.akata.fr\/series\/la-belle-et-la-racaille\">La Belle et la Racaille<\/a><\/div>\n<\/div>\n<\/div>\n<div class=\"panel-pane pane-entity-field pane-node-field-oneshot\" style=\"text-align: center;\">\n<div class=\"pane-content\">\n<div class=\"field field-name-field-oneshot field-type-list-boolean field-label-hidden clearfix\"><\/div>\n<\/div>\n<\/div>\n<div class=\"panel-pane pane-entity-field pane-node-field-type\">\n<div class=\"pane-content\">\n<div class=\"field field-name-field-type field-type-taxonomy-term-reference field-label-inline clearfix\" style=\"text-align: center;\"><span class=\"field-span\">Type de publication: <\/span>Manga<\/div>\n<\/div>\n<\/div>\n<div class=\"panel-pane pane-entity-field pane-node-field-prix\">\n<div class=\"pane-content\">\n<div class=\"field field-name-field-prix field-type-taxonomy-term-reference field-label-inline clearfix\" style=\"text-align: center;\"><span class=\"field-span\">Prix: <\/span>8.05 \u20ac<\/div>\n<div><img loading=\"lazy\" decoding=\"async\" class=\"aligncenter size-full wp-image-142044\" src=\"https:\/\/geek-o-polis.com\/wp-content\/uploads\/2025\/09\/la-belle-et-la-racaille-2-jak.jpg\" alt=\"\" width=\"353\" height=\"500\" srcset=\"https:\/\/geek-o-polis.com\/wp-content\/uploads\/2025\/09\/la-belle-et-la-racaille-2-jak.jpg 353w, https:\/\/geek-o-polis.com\/wp-content\/uploads\/2025\/09\/la-belle-et-la-racaille-2-jak-212x300.jpg 212w\" sizes=\"(max-width: 353px) 100vw, 353px\" \/><\/div>\n<\/div>\n<\/div>\n","protected":false},"excerpt":{"rendered":"<p>\u00c7a y est, Atsuko, la terreur du lyc\u00e9e, et Kanzaki, la nouvelle \u00e9l\u00e8ve excentrique et t\u00eate en l\u2019air, sont officiellement\u2026 amies ! Et si cette derni\u00e8re se r\u00e9jouit de pouvoir passer plus de temps avec l\u2019\u00e9lue de son c\u0153ur, leur relation n\u2019est pas \u00e0 l\u2019abri de maladresses qui pourraient la fragiliser\u2026 Ancr\u00e9 dans le Japon [&hellip;]<\/p>\n","protected":false},"author":2,"featured_media":142044,"comment_status":"open","ping_status":"open","sticky":false,"template":"","format":"standard","meta":{"saved_in_kubio":false,"footnotes":""},"categories":[36],"tags":[853,34365,8193,33089,34366,33085],"class_list":["post-142042","post","type-post","status-publish","format-standard","has-post-thumbnail","hentry","category-mangas","tag-akata","tag-atsuko","tag-editions-akata","tag-fujichika","tag-kanzaki","tag-la-belle-et-la-racaille"],"_links":{"self":[{"href":"https:\/\/geek-o-polis.com\/index.php\/wp-json\/wp\/v2\/posts\/142042","targetHints":{"allow":["GET"]}}],"collection":[{"href":"https:\/\/geek-o-polis.com\/index.php\/wp-json\/wp\/v2\/posts"}],"about":[{"href":"https:\/\/geek-o-polis.com\/index.php\/wp-json\/wp\/v2\/types\/post"}],"author":[{"embeddable":true,"href":"https:\/\/geek-o-polis.com\/index.php\/wp-json\/wp\/v2\/users\/2"}],"replies":[{"embeddable":true,"href":"https:\/\/geek-o-polis.com\/index.php\/wp-json\/wp\/v2\/comments?post=142042"}],"version-history":[{"count":3,"href":"https:\/\/geek-o-polis.com\/index.php\/wp-json\/wp\/v2\/posts\/142042\/revisions"}],"predecessor-version":[{"id":142052,"href":"https:\/\/geek-o-polis.com\/index.php\/wp-json\/wp\/v2\/posts\/142042\/revisions\/142052"}],"wp:featuredmedia":[{"embeddable":true,"href":"https:\/\/geek-o-polis.com\/index.php\/wp-json\/wp\/v2\/media\/142044"}],"wp:attachment":[{"href":"https:\/\/geek-o-polis.com\/index.php\/wp-json\/wp\/v2\/media?parent=142042"}],"wp:term":[{"taxonomy":"category","embeddable":true,"href":"https:\/\/geek-o-polis.com\/index.php\/wp-json\/wp\/v2\/categories?post=142042"},{"taxonomy":"post_tag","embeddable":true,"href":"https:\/\/geek-o-polis.com\/index.php\/wp-json\/wp\/v2\/tags?post=142042"}],"curies":[{"name":"wp","href":"https:\/\/api.w.org\/{rel}","templated":true}]}}