{"id":138142,"date":"2025-06-10T17:00:00","date_gmt":"2025-06-10T15:00:00","guid":{"rendered":"https:\/\/geek-o-polis.com\/?p=138142"},"modified":"2025-06-09T22:08:48","modified_gmt":"2025-06-09T20:08:48","slug":"sorties-bd-de-glenat-du-11-juin-2025","status":"publish","type":"post","link":"https:\/\/geek-o-polis.com\/index.php\/2025\/06\/10\/sorties-bd-de-glenat-du-11-juin-2025\/","title":{"rendered":"Sorties BD de Gl\u00e9nat du 11 juin 2025"},"content":{"rendered":"<h3 style=\"text-align: center;\"><span style=\"color: #ff0000;\">Voici les sorties BD de Gl\u00e9nat Editions pour le 11 juin 2025.<\/span><\/h3>\n<h1 style=\"text-align: center;\">Patrick Dewaere &#8211; poche<\/h1>\n<p><img loading=\"lazy\" decoding=\"async\" class=\"wp-image-138144 aligncenter\" src=\"https:\/\/geek-o-polis.com\/wp-content\/uploads\/2025\/06\/Patrick-Dewaere-poche.jpeg\" alt=\"\" width=\"302\" height=\"402\" srcset=\"https:\/\/geek-o-polis.com\/wp-content\/uploads\/2025\/06\/Patrick-Dewaere-poche.jpeg 361w, https:\/\/geek-o-polis.com\/wp-content\/uploads\/2025\/06\/Patrick-Dewaere-poche-226x300.jpeg 226w\" sizes=\"(max-width: 302px) 100vw, 302px\" \/><\/p>\n<p>Le drame et la po\u00e9sie s\u2019invitent naturellement quand est \u00e9voqu\u00e9e la figure de cet acteur culte du cin\u00e9ma fran\u00e7ais d\u00e9c\u00e9d\u00e9 \u00e0 35 ans apr\u00e8s avoir jou\u00e9 dans 37 films et 27 pi\u00e8ces de th\u00e9\u00e2tre. Un apr\u00e8s-midi d&rsquo;\u00e9t\u00e9 de l\u2019ann\u00e9e 1982, chez lui face \u00e0 un miroir, il se saisit de son fusil .22 Long Rifle, l\u2019enfonce dans sa bouche et tire. Patrick Dewaere incarne l\u2019id\u00e9e de l\u2019artiste \u00e9corch\u00e9 vif, d\u00e9vor\u00e9 par une existence intense et instable.<\/p>\n<h3 style=\"text-align: center;\"><span style=\"color: #ff0000;\">BD vendue au prix de 10\u20ac.<\/span><\/h3>\n<h1 style=\"text-align: center;\">Fukushima &#8211; Poche<\/h1>\n<p><img loading=\"lazy\" decoding=\"async\" class=\"wp-image-138146 aligncenter\" src=\"https:\/\/geek-o-polis.com\/wp-content\/uploads\/2025\/06\/Fukushima-Poche.jpeg\" alt=\"\" width=\"300\" height=\"399\" srcset=\"https:\/\/geek-o-polis.com\/wp-content\/uploads\/2025\/06\/Fukushima-Poche.jpeg 361w, https:\/\/geek-o-polis.com\/wp-content\/uploads\/2025\/06\/Fukushima-Poche-226x300.jpeg 226w\" sizes=\"(max-width: 300px) 100vw, 300px\" \/><\/p>\n<p>Japon, 11 mars 2011. Un s\u00e9isme effroyable accouche d\u2019une vague immense, qui vient frapper de plein fouet le nord-est du pays. C\u2019est l\u00e0 que se trouve, entre autres, la centrale de Fukushima-Daiichi&#8230; D\u2019une violence inou\u00efe, le cataclysme provoque alors le pire accident nucl\u00e9aire du XXI<sup>e<\/sup>\u00a0si\u00e8cle. Comment r\u00e9agir face au chaos engendr\u00e9 ?<\/p>\n<h3 style=\"text-align: center;\"><span style=\"color: #ff0000;\">BD vendue au prix de 10\u20ac.<\/span><\/h3>\n<h1 style=\"text-align: center;\">Ancolie<\/h1>\n<p><img loading=\"lazy\" decoding=\"async\" class=\"wp-image-138148 aligncenter\" src=\"https:\/\/geek-o-polis.com\/wp-content\/uploads\/2025\/06\/Ancolie.jpeg\" alt=\"\" width=\"300\" height=\"408\" srcset=\"https:\/\/geek-o-polis.com\/wp-content\/uploads\/2025\/06\/Ancolie.jpeg 353w, https:\/\/geek-o-polis.com\/wp-content\/uploads\/2025\/06\/Ancolie-221x300.jpeg 221w\" sizes=\"(max-width: 300px) 100vw, 300px\" \/><\/p>\n<p>Ancolie est une sorci\u00e8re de 27 ans. Le temps passe 13 fois plus lentement pour elle que pour les humains, alors voil\u00e0 des si\u00e8cles qu\u2019elle se tra\u00eene de beuveries en aventures sans lendemain \u00e0 des f\u00eates peupl\u00e9es de vampires et de monstres, des rave partys chez les elfes et des afters dans des tavernes. Cette existence alcoolis\u00e9e, trash et vide de sens est pourtant sur le point de s\u2019arr\u00eater car un \u00e9v\u00e9nement d\u00e9cisif se pr\u00e9pare : le Congr\u00e8s annuel du Conseil des sorci\u00e8res !<\/p>\n<h3 style=\"text-align: center;\"><span style=\"color: #ff0000;\">BD vendue au prix de 23\u20ac.<\/span><\/h3>\n<h1 style=\"text-align: center;\">Albertine a disparu<\/h1>\n<p><img loading=\"lazy\" decoding=\"async\" class=\"wp-image-138150 aligncenter\" src=\"https:\/\/geek-o-polis.com\/wp-content\/uploads\/2025\/06\/Albertine-a-disparu.jpeg\" alt=\"\" width=\"300\" height=\"408\" srcset=\"https:\/\/geek-o-polis.com\/wp-content\/uploads\/2025\/06\/Albertine-a-disparu.jpeg 353w, https:\/\/geek-o-polis.com\/wp-content\/uploads\/2025\/06\/Albertine-a-disparu-221x300.jpeg 221w\" sizes=\"(max-width: 300px) 100vw, 300px\" \/><\/p>\n<p>Dans son bureau o\u00f9 il sue \u00e0 grosses gouttes, Gilles Poulain est suspendu \u00e0 son t\u00e9l\u00e9phone. Maire du petit village de Courteville, il s\u2019enquiert de la sant\u00e9 des plus fragiles durant la canicule. Sans parler qu\u2019\u00e0 la chaleur suffocante s\u2019ajoute le Covid. Un nom lui revient en m\u00e9moire, celui de la doyenne du village Albertine Buisson, 99 ans. Comment se porte la vieille dame\u00a0? Cela fait longtemps qu\u2019il ne l\u2019a pas vue et, de toute \u00e9vidence, il n\u2019est pas le seul\u2026<\/p>\n<h3 style=\"text-align: center;\"><span style=\"color: #ff0000;\">BD vendue au prix de 23\u20ac.<\/span><\/h3>\n<h1 style=\"text-align: center;\">Le Patient &#8211; Poche<\/h1>\n<p><img loading=\"lazy\" decoding=\"async\" class=\"wp-image-138152 aligncenter\" src=\"https:\/\/geek-o-polis.com\/wp-content\/uploads\/2025\/06\/Le-Patient-Poche.jpeg\" alt=\"\" width=\"300\" height=\"399\" srcset=\"https:\/\/geek-o-polis.com\/wp-content\/uploads\/2025\/06\/Le-Patient-Poche.jpeg 361w, https:\/\/geek-o-polis.com\/wp-content\/uploads\/2025\/06\/Le-Patient-Poche-226x300.jpeg 226w\" sizes=\"(max-width: 300px) 100vw, 300px\" \/><\/p>\n<p>La police arr\u00eate une jeune fille errant dans la rue, couverte de sang, un couteau \u00e0 la main. En se rendant chez elle, les agents d\u00e9couvrent avec effroi une sc\u00e8ne de massacre\u00a0: toute sa famille a \u00e9t\u00e9 assassin\u00e9e&#8230; 6 ans plus tard, Pierre Grimaud, l\u2019unique survivant du \u00ab\u00a0massacre de la rue des Corneilles\u00a0\u00bb, se r\u00e9veille d\u2019un profond coma. L\u2019adolescent de 15 ans qu\u2019il \u00e9tait au moment des faits est aujourd\u2019hui un jeune homme de 21 ans.<\/p>\n<h3 style=\"text-align: center;\"><span style=\"color: #ff0000;\">BD vendue au prix de 10\u20ac.<\/span><\/h3>\n<h1 style=\"text-align: center;\">Meto &#8211; poche<\/h1>\n<p><img loading=\"lazy\" decoding=\"async\" class=\"wp-image-138154 aligncenter\" src=\"https:\/\/geek-o-polis.com\/wp-content\/uploads\/2025\/06\/Meto-poche.jpeg\" alt=\"\" width=\"300\" height=\"399\" srcset=\"https:\/\/geek-o-polis.com\/wp-content\/uploads\/2025\/06\/Meto-poche.jpeg 361w, https:\/\/geek-o-polis.com\/wp-content\/uploads\/2025\/06\/Meto-poche-226x300.jpeg 226w\" sizes=\"(max-width: 300px) 100vw, 300px\" \/><\/p>\n<p>Ils sont 64 enfants, coup\u00e9s du monde et surveill\u00e9s de main de fer par les C\u00e9sars. Le quotidien de M\u00e9to, Quintus et leurs camarades est r\u00e9gul\u00e9 par des r\u00e8gles \u00e9tranges et rigides. Aucun \u00e9cart de conduite n\u2019est tol\u00e9r\u00e9. Seule mani\u00e8re de survivre \u00e0 ce quotidien\u00a0: respecter le code de conduite, encore et encore. Lorsque M\u00e9to se voit confier la responsabilit\u00e9 de former le nouvel arrivant Crassus, il sait qu\u2019il va devoir mettre les bouch\u00e9es doubles pour ne pas \u00eatre sanctionn\u00e9.<\/p>\n<h3 style=\"text-align: center;\"><span style=\"color: #ff0000;\">BD vendue au prix de 10\u20ac.<\/span><\/h3>\n<h1 style=\"text-align: center;\">Raghnarok &#8211; Livre 3<\/h1>\n<p><img loading=\"lazy\" decoding=\"async\" class=\"wp-image-138156 aligncenter\" src=\"https:\/\/geek-o-polis.com\/wp-content\/uploads\/2025\/06\/Raghnarok-Livre-3.jpeg\" alt=\"\" width=\"300\" height=\"403\" srcset=\"https:\/\/geek-o-polis.com\/wp-content\/uploads\/2025\/06\/Raghnarok-Livre-3.jpeg 357w, https:\/\/geek-o-polis.com\/wp-content\/uploads\/2025\/06\/Raghnarok-Livre-3-223x300.jpeg 223w\" sizes=\"(max-width: 300px) 100vw, 300px\" \/><\/p>\n<p>Le monde a chang\u00e9 depuis le cataclysme qui a recouvert la ville de for\u00eats sombres. Un nouveau danger r\u00f4de : un monstre myst\u00e9rieux qui enl\u00e8ve les enfants de toutes les cr\u00e9atures, humaines ou non. Dans la for\u00eat, Raghnarok est bien d\u00e9cid\u00e9 \u00e0 montrer \u00e0 sa m\u00e8re et \u00e0 sa f\u00e9e que, maintenant qu&rsquo;il sait voler, il est tout \u00e0 fait capable de trouver et vaincre seul cette menace, comme un bon dragon qui se respecte.<\/p>\n<h3 style=\"text-align: center;\"><span style=\"color: #ff0000;\">BD vendue au prix de 19,50\u20ac.<\/span><\/h3>\n<h1 style=\"text-align: center;\">Raghnarok &#8211; Livre 1<\/h1>\n<p><img loading=\"lazy\" decoding=\"async\" class=\"wp-image-138158 aligncenter\" src=\"https:\/\/geek-o-polis.com\/wp-content\/uploads\/2025\/06\/Raghnarok-Livre-1.jpeg\" alt=\"\" width=\"300\" height=\"403\" srcset=\"https:\/\/geek-o-polis.com\/wp-content\/uploads\/2025\/06\/Raghnarok-Livre-1.jpeg 357w, https:\/\/geek-o-polis.com\/wp-content\/uploads\/2025\/06\/Raghnarok-Livre-1-223x300.jpeg 223w\" sizes=\"(max-width: 300px) 100vw, 300px\" \/><\/p>\n<p>Raghnarok, sa m\u00e8re et sa grand-m\u00e8re sont les seuls dragons de la r\u00e9gion. Leur territoire s&rsquo;\u00e9tend jusqu&rsquo;aux montagnes du Nord et toute la for\u00eat leur appartient, ils en sont les gardiens. Ils sont les protecteurs des elfes, les esprits de la for\u00eat&#8230; Jusque l\u00e0 tout va bien, on se croirait dans une bonne BD d&rsquo;heroic fantasy bien classique avec ce qu&rsquo;il faut de monstres et d&rsquo;aventures&#8230;<\/p>\n<h3 style=\"text-align: center;\"><span style=\"color: #ff0000;\">BD vendue au prix de 19,50\u20ac.<\/span><\/h3>\n<h1 style=\"text-align: center;\">Raghnarok &#8211; Livre 2<\/h1>\n<p><img loading=\"lazy\" decoding=\"async\" class=\"wp-image-138160 aligncenter\" src=\"https:\/\/geek-o-polis.com\/wp-content\/uploads\/2025\/06\/Raghnarok-Livre-2.jpeg\" alt=\"\" width=\"300\" height=\"403\" srcset=\"https:\/\/geek-o-polis.com\/wp-content\/uploads\/2025\/06\/Raghnarok-Livre-2.jpeg 357w, https:\/\/geek-o-polis.com\/wp-content\/uploads\/2025\/06\/Raghnarok-Livre-2-223x300.jpeg 223w\" sizes=\"(max-width: 300px) 100vw, 300px\" \/><\/p>\n<p>Raghnarok, sa m\u00e8re et sa grand-m\u00e8re sont les seuls dragons de la r\u00e9gion. Leur territoire s&rsquo;\u00e9tend jusqu&rsquo;aux montagnes du Nord et toute la for\u00eat leur appartient, ils en sont les gardiens. Ils sont les protecteurs des elfes, les esprits de la for\u00eat&#8230; Jusque-l\u00e0 tout va bien, on se croirait dans une bonne BD d&rsquo;heroic fantasy bien classique avec ce qu&rsquo;il faut de monstres et d&rsquo;aventures&#8230;<\/p>\n<h3 style=\"text-align: center;\"><span style=\"color: #ff0000;\">BD vendue au prix de 19,50\u20ac.<\/span><\/h3>\n<h1 style=\"text-align: center;\">Une histoire corse &#8211; Poche<\/h1>\n<p><img loading=\"lazy\" decoding=\"async\" class=\"wp-image-138162 aligncenter\" src=\"https:\/\/geek-o-polis.com\/wp-content\/uploads\/2025\/06\/Une-histoire-corse-Poche.jpeg\" alt=\"\" width=\"299\" height=\"398\" srcset=\"https:\/\/geek-o-polis.com\/wp-content\/uploads\/2025\/06\/Une-histoire-corse-Poche.jpeg 361w, https:\/\/geek-o-polis.com\/wp-content\/uploads\/2025\/06\/Une-histoire-corse-Poche-226x300.jpeg 226w\" sizes=\"(max-width: 299px) 100vw, 299px\" \/><\/p>\n<p>Comme tous les \u00e9t\u00e9s, Catherine passe ses vacances dans la maison familiale en Corse. Surprise un soir par l\u2019un de ces orages dont seule l\u2019\u00eele de Beaut\u00e9 a le secret, elle trouve refuge dans la voiture d\u2019Antoine. Apr\u00e8s une rapide discussion, elle d\u00e9couvre que ce charmant inconnu n\u2019est autre que son demi-fr\u00e8re cach\u00e9\u00a0! Dans la grande tradition de l\u2019omerta corse, l&rsquo;existence de ce fr\u00e8re lui a \u00e9t\u00e9 dissimul\u00e9e\u00a0depuis plus de 20 ans.<\/p>\n<h3 style=\"text-align: center;\"><span style=\"color: #ff0000;\">BD vendue au prix de 10\u20ac.<\/span><\/h3>\n","protected":false},"excerpt":{"rendered":"<p>Voici les sorties BD de Gl\u00e9nat Editions pour le 11 juin 2025. Patrick Dewaere &#8211; poche Le drame et la po\u00e9sie s\u2019invitent naturellement quand est \u00e9voqu\u00e9e la figure de cet acteur culte du cin\u00e9ma fran\u00e7ais d\u00e9c\u00e9d\u00e9 \u00e0 35 ans apr\u00e8s avoir jou\u00e9 dans 37 films et 27 pi\u00e8ces de th\u00e9\u00e2tre. Un apr\u00e8s-midi d&rsquo;\u00e9t\u00e9 de l\u2019ann\u00e9e [&hellip;]<\/p>\n","protected":false},"author":5,"featured_media":136429,"comment_status":"open","ping_status":"open","sticky":false,"template":"","format":"standard","meta":{"saved_in_kubio":false,"footnotes":""},"categories":[8],"tags":[33240,33239,3022,10375,32737,33097,33241,33242,33238,33243,27001,33244],"class_list":["post-138142","post","type-post","status-publish","format-standard","has-post-thumbnail","hentry","category-bd","tag-albertine-a-disparu","tag-ancolie","tag-bd","tag-fukushima","tag-glenat-2","tag-juin-2025","tag-le-patient","tag-meto-2","tag-patrick-dewaere","tag-raghnarok","tag-sorties","tag-une-histoire-corse"],"_links":{"self":[{"href":"https:\/\/geek-o-polis.com\/index.php\/wp-json\/wp\/v2\/posts\/138142","targetHints":{"allow":["GET"]}}],"collection":[{"href":"https:\/\/geek-o-polis.com\/index.php\/wp-json\/wp\/v2\/posts"}],"about":[{"href":"https:\/\/geek-o-polis.com\/index.php\/wp-json\/wp\/v2\/types\/post"}],"author":[{"embeddable":true,"href":"https:\/\/geek-o-polis.com\/index.php\/wp-json\/wp\/v2\/users\/5"}],"replies":[{"embeddable":true,"href":"https:\/\/geek-o-polis.com\/index.php\/wp-json\/wp\/v2\/comments?post=138142"}],"version-history":[{"count":12,"href":"https:\/\/geek-o-polis.com\/index.php\/wp-json\/wp\/v2\/posts\/138142\/revisions"}],"predecessor-version":[{"id":138273,"href":"https:\/\/geek-o-polis.com\/index.php\/wp-json\/wp\/v2\/posts\/138142\/revisions\/138273"}],"wp:featuredmedia":[{"embeddable":true,"href":"https:\/\/geek-o-polis.com\/index.php\/wp-json\/wp\/v2\/media\/136429"}],"wp:attachment":[{"href":"https:\/\/geek-o-polis.com\/index.php\/wp-json\/wp\/v2\/media?parent=138142"}],"wp:term":[{"taxonomy":"category","embeddable":true,"href":"https:\/\/geek-o-polis.com\/index.php\/wp-json\/wp\/v2\/categories?post=138142"},{"taxonomy":"post_tag","embeddable":true,"href":"https:\/\/geek-o-polis.com\/index.php\/wp-json\/wp\/v2\/tags?post=138142"}],"curies":[{"name":"wp","href":"https:\/\/api.w.org\/{rel}","templated":true}]}}