{"id":137675,"date":"2025-06-03T17:15:00","date_gmt":"2025-06-03T15:15:00","guid":{"rendered":"https:\/\/geek-o-polis.com\/?p=137675"},"modified":"2025-06-02T09:24:31","modified_gmt":"2025-06-02T07:24:31","slug":"sorties-bd-et-mangas-de-delcourt-du-4-juin-2025","status":"publish","type":"post","link":"https:\/\/geek-o-polis.com\/index.php\/2025\/06\/03\/sorties-bd-et-mangas-de-delcourt-du-4-juin-2025\/","title":{"rendered":"Sorties BD et mangas de Delcourt du 4 juin 2025"},"content":{"rendered":"<h3 style=\"text-align: center;\"><span style=\"color: #ff0000;\">Voici les sorties BD et mangas de Delcourt \u00c9ditions pour le 4 juin 2025.<\/span><\/h3>\n<h1 style=\"text-align: center;\">BD<\/h1>\n<h2 style=\"text-align: center;\">Les Sanctuaires<\/h2>\n<p><img loading=\"lazy\" decoding=\"async\" class=\"wp-image-137676 aligncenter\" src=\"https:\/\/geek-o-polis.com\/wp-content\/uploads\/2025\/06\/Les-Sanctuaires.jpeg\" alt=\"\" width=\"300\" height=\"420\" srcset=\"https:\/\/geek-o-polis.com\/wp-content\/uploads\/2025\/06\/Les-Sanctuaires.jpeg 265w, https:\/\/geek-o-polis.com\/wp-content\/uploads\/2025\/06\/Les-Sanctuaires-214x300.jpeg 214w\" sizes=\"(max-width: 300px) 100vw, 300px\" \/><\/p>\n<p>Un matin, S\u00e9bastien se retrouve myst\u00e9rieusement paralys\u00e9 d&rsquo;une jambe. Face \u00e0 l&rsquo;impuissance de la m\u00e9decine et apr\u00e8s d&rsquo;\u00e9tranges apparitions, d\u00e9marre alors un \u00e9tonnant voyage int\u00e9rieur, fait de m\u00e9ditations et de visualisations, qui transformera sa vision de la vie. R\u00e9cit initiatique autobiographique hors du commun, cet ouvrage est un t\u00e9moignage saisissant sur la spiritualit\u00e9, l&rsquo;amour et la mort.<\/p>\n<h3 style=\"text-align: center;\"><span style=\"color: #ff0000;\">BD vendue au prix de 34,95\u20ac.<\/span><\/h3>\n<h2 style=\"text-align: center;\">Cargo<\/h2>\n<p><img loading=\"lazy\" decoding=\"async\" class=\"wp-image-137678 aligncenter\" src=\"https:\/\/geek-o-polis.com\/wp-content\/uploads\/2025\/06\/Cargo.jpeg\" alt=\"\" width=\"300\" height=\"398\" srcset=\"https:\/\/geek-o-polis.com\/wp-content\/uploads\/2025\/06\/Cargo.jpeg 265w, https:\/\/geek-o-polis.com\/wp-content\/uploads\/2025\/06\/Cargo-226x300.jpeg 226w\" sizes=\"(max-width: 300px) 100vw, 300px\" \/><\/p>\n<p>Stanislas, pilote fringant, est h\u00e9litreuill\u00e9 sur le M\/S Pandora pour le guider en Manche. Le temps pour lui de comprendre la situation \u00e0 bord : folie, abandon et mutinerie, il est trop tard, sa chute a commenc\u00e9. Elle l&rsquo;entra\u00eenera jusqu&rsquo;en fond de cale, parmi les clandestins et la marchandise de pacotille. Au terme de son p\u00e9riple, le retour \u00e0 la terre sera brutal.<\/p>\n<h3 style=\"text-align: center;\"><span style=\"color: #ff0000;\">BD vendue au prix de 21,50\u20ac.<\/span><\/h3>\n<h2 style=\"text-align: center;\">Jour J Los Alamos &#8211; \u00c9dition sp\u00e9ciale<\/h2>\n<p><img loading=\"lazy\" decoding=\"async\" class=\"wp-image-137680 aligncenter\" src=\"https:\/\/geek-o-polis.com\/wp-content\/uploads\/2025\/06\/Jour-J-Los-Alamos-Edition-speciale.jpeg\" alt=\"\" width=\"299\" height=\"398\" srcset=\"https:\/\/geek-o-polis.com\/wp-content\/uploads\/2025\/06\/Jour-J-Los-Alamos-Edition-speciale.jpeg 265w, https:\/\/geek-o-polis.com\/wp-content\/uploads\/2025\/06\/Jour-J-Los-Alamos-Edition-speciale-225x300.jpeg 225w\" sizes=\"(max-width: 299px) 100vw, 299px\" \/><\/p>\n<p>1945. Robert Oppenheimer, d\u00e9sabus\u00e9 par la nature de ses recherches sur la bombe atomique, fuit le centre de Los Alamos et rencontre par hasard Jack Kerouac dans un bar. Ce dernier l&rsquo;invite \u00e0 le suivre sur la route. Le FBI se lance \u00e0 la poursuite des deux hommes pour remettre \u00a0\u00bb Oppie \u00a0\u00bb au travail&#8230; Car sans lui, le projet Manhattan risque de ne jamais aboutir et la guerre contre le Japon de s&rsquo;\u00e9terniser.<\/p>\n<h3 style=\"text-align: center;\"><span style=\"color: #ff0000;\">BD vendue au prix de 23,75\u20ac.<\/span><\/h3>\n<h2 style=\"text-align: center;\">\u00c0 la recherche du temps perdu T01 &#8211; Combray<\/h2>\n<p><img loading=\"lazy\" decoding=\"async\" class=\"wp-image-137682 aligncenter\" src=\"https:\/\/geek-o-polis.com\/wp-content\/uploads\/2025\/06\/A-la-recherche-du-temps-perdu-T01-Combray.jpeg\" alt=\"\" width=\"300\" height=\"418\" srcset=\"https:\/\/geek-o-polis.com\/wp-content\/uploads\/2025\/06\/A-la-recherche-du-temps-perdu-T01-Combray.jpeg 265w, https:\/\/geek-o-polis.com\/wp-content\/uploads\/2025\/06\/A-la-recherche-du-temps-perdu-T01-Combray-215x300.jpeg 215w\" sizes=\"(max-width: 300px) 100vw, 300px\" \/><\/p>\n<p>Transport\u00e9 dans le pass\u00e9 par la fameuse madeleine, le narrateur se rem\u00e9more son enfance dans la maison familiale de Combray. Il \u00e9voque ses relations familiales et observe cette soci\u00e9t\u00e9 bourgeoise, avec ses codes \u00e9tranges et ses personnages hauts en couleur. Ce r\u00e9cit sensible et introspectif explore la m\u00e9moire et l&rsquo;identit\u00e9, o\u00f9 les plaisirs de la table font \u00e9cho aux moments marquants de sa vie.<\/p>\n<h3 style=\"text-align: center;\"><span style=\"color: #ff0000;\">BD vendue au prix de 16,50\u20ac.<\/span><\/h3>\n<h2 style=\"text-align: center;\">Les 5 terres T15<\/h2>\n<p><img loading=\"lazy\" decoding=\"async\" class=\"wp-image-137684 aligncenter\" src=\"https:\/\/geek-o-polis.com\/wp-content\/uploads\/2025\/06\/Les-5-terres-T15.jpeg\" alt=\"\" width=\"300\" height=\"418\" srcset=\"https:\/\/geek-o-polis.com\/wp-content\/uploads\/2025\/06\/Les-5-terres-T15.jpeg 265w, https:\/\/geek-o-polis.com\/wp-content\/uploads\/2025\/06\/Les-5-terres-T15-215x300.jpeg 215w\" sizes=\"(max-width: 300px) 100vw, 300px\" \/><\/p>\n<p>Le prince Genkin a disparu. Comment, pourquoi, personne ne peut le dire, mais pour le Yern Holdan et ses deux capitaines, revenir \u00e0 Angleon sans lui n&rsquo;est pas une option. Pas plus que revenir des \u00eeles sans avoir mis la main sur la reine des f\u00e9lins n&rsquo;en est une pour le prince Khalden. Dans cette guerre sans merci, chacun a d\u00e9sormais son destin entre les mains&#8230;<\/p>\n<h3 style=\"text-align: center;\"><span style=\"color: #ff0000;\">BD vendue au prix de 15,95\u20ac.<\/span><\/h3>\n<h2 style=\"text-align: center;\">Sex Drugs and RER T02<\/h2>\n<p><img loading=\"lazy\" decoding=\"async\" class=\"wp-image-137686 aligncenter\" src=\"https:\/\/geek-o-polis.com\/wp-content\/uploads\/2025\/06\/Sex-Drugs-and-RER-T02.jpeg\" alt=\"\" width=\"300\" height=\"398\" srcset=\"https:\/\/geek-o-polis.com\/wp-content\/uploads\/2025\/06\/Sex-Drugs-and-RER-T02.jpeg 265w, https:\/\/geek-o-polis.com\/wp-content\/uploads\/2025\/06\/Sex-Drugs-and-RER-T02-226x300.jpeg 226w\" sizes=\"(max-width: 300px) 100vw, 300px\" \/><\/p>\n<p>L\u00e9on, interrompt son quotidien de RER, cours \u00e0 la fac, et f\u00eates entre ami.e.s pour retourner dans son Aquitaine natale lors de la coupure estivale. Il y fait la d\u00e9couverte d&rsquo;une terrible trahison qui le blesse (litt\u00e9ralement), et d\u00e9cide de partir rejoindre F\u00e9lix et ses potes \u00e0 la mer. Peut-\u00eatre que l&rsquo;air marin lui fera du bien, et qu&rsquo;il y trouvera le courage pour d\u00e9clarer sa flamme \u00e0 Clara ?<\/p>\n<h3 style=\"text-align: center;\"><span style=\"color: #ff0000;\">BD vendue au prix de 17,95\u20ac.<\/span><\/h3>\n<h2 style=\"text-align: center;\">Les Incroyables aventures de Gribouillis<\/h2>\n<p><img loading=\"lazy\" decoding=\"async\" class=\"wp-image-137688 aligncenter\" src=\"https:\/\/geek-o-polis.com\/wp-content\/uploads\/2025\/06\/Les-Incroyables-aventures-de-Gribouillis.jpeg\" alt=\"\" width=\"300\" height=\"446\" srcset=\"https:\/\/geek-o-polis.com\/wp-content\/uploads\/2025\/06\/Les-Incroyables-aventures-de-Gribouillis.jpeg 250w, https:\/\/geek-o-polis.com\/wp-content\/uploads\/2025\/06\/Les-Incroyables-aventures-de-Gribouillis-202x300.jpeg 202w\" sizes=\"(max-width: 300px) 100vw, 300px\" \/><\/p>\n<p>Il \u00e9tait une fois un bien vilain gribouillis tout noir. On l&rsquo;avait gribouill\u00e9 sur une page du catalogue de vente par correspondance de Merveilleuses Usines M\u00e9caniques Modernes ( MUMM) et on l&rsquo;avait oubli\u00e9 l\u00e0, mal gribouill\u00e9&#8230;<\/p>\n<h3 style=\"text-align: center;\"><span style=\"color: #ff0000;\">BD vendue au prix de 17,50\u20ac.<\/span><\/h3>\n<h1 style=\"text-align: center;\">Manga<\/h1>\n<h2 style=\"text-align: center;\">Dragon Quest &#8211; The Adventure of Da\u00ef &#8211; The Hero Avan and the Dark Lord of Hellfire T04<\/h2>\n<p><img loading=\"lazy\" decoding=\"async\" class=\"wp-image-137690 aligncenter\" src=\"https:\/\/geek-o-polis.com\/wp-content\/uploads\/2025\/06\/Dragon-Quest-The-Adventure-of-Dai-The-Hero-Avan-and-the-Dark-Lord-of-Hellfire-T04.jpeg\" alt=\"\" width=\"300\" height=\"471\" srcset=\"https:\/\/geek-o-polis.com\/wp-content\/uploads\/2025\/06\/Dragon-Quest-The-Adventure-of-Dai-The-Hero-Avan-and-the-Dark-Lord-of-Hellfire-T04.jpeg 265w, https:\/\/geek-o-polis.com\/wp-content\/uploads\/2025\/06\/Dragon-Quest-The-Adventure-of-Dai-The-Hero-Avan-and-the-Dark-Lord-of-Hellfire-T04-191x300.jpeg 191w\" sizes=\"(max-width: 300px) 100vw, 300px\" \/><\/p>\n<p>Tandis que les dragons et les forces du mal ravageaient le continent dans les flammes, l&rsquo;humanit\u00e9 esp\u00e9rait l&rsquo;arriv\u00e9e prochaine d&rsquo;un h\u00e9ros ! L&rsquo;arm\u00e9e du mal, command\u00e9e par Hadlar, envahit peu \u00e0 peu le monde. Afin de les contrer, le royaume de Carl et la princesse Flora luttent sans r\u00e9pit. C&rsquo;est alors qu&rsquo;appara\u00eet le jeune Avan ! Le rideau se l\u00e8ve sur la l\u00e9gende d&rsquo;un autre grand h\u00e9ros !<\/p>\n<h3 style=\"text-align: center;\"><span style=\"color: #ff0000;\">Manga vendu au prix de 7,29\u20ac.<\/span><\/h3>\n<h2 style=\"text-align: center;\">Dragon Quest &#8211; The Adventure of Da\u00ef T12<\/h2>\n<p><img loading=\"lazy\" decoding=\"async\" class=\"wp-image-137692 aligncenter\" src=\"https:\/\/geek-o-polis.com\/wp-content\/uploads\/2025\/06\/Dragon-Quest-The-Adventure-of-Dai-T12.jpeg\" alt=\"\" width=\"300\" height=\"471\" srcset=\"https:\/\/geek-o-polis.com\/wp-content\/uploads\/2025\/06\/Dragon-Quest-The-Adventure-of-Dai-T12.jpeg 265w, https:\/\/geek-o-polis.com\/wp-content\/uploads\/2025\/06\/Dragon-Quest-The-Adventure-of-Dai-T12-191x300.jpeg 191w\" sizes=\"(max-width: 300px) 100vw, 300px\" \/><\/p>\n<p>Le Seigneur du Mal est ressuscit\u00e9 ! Encore plus puissant qu&rsquo;avant, Hadlar arrive sur l&rsquo;\u00eele Dermline pour se venger de celui qui l&rsquo;avait tu\u00e9 autrefois : Avan. Celui-ci n&rsquo;a d&rsquo;autre choix que d&rsquo;affronter son ennemi de toujours pour prot\u00e9ger ses disciples. Mais sera-t-il \u00e0 la hauteur pour terrasser Hadlar, alors qu&rsquo;il vient de consommer presque toute son \u00e9nergie pour l&rsquo;entra\u00eenement de Da\u00ef ?<\/p>\n<h3 style=\"text-align: center;\"><span style=\"color: #ff0000;\">Manga vendu au prix de 12,99\u20ac.<\/span><\/h3>\n","protected":false},"excerpt":{"rendered":"<p>Voici les sorties BD et mangas de Delcourt \u00c9ditions pour le 4 juin 2025. BD Les Sanctuaires Un matin, S\u00e9bastien se retrouve myst\u00e9rieusement paralys\u00e9 d&rsquo;une jambe. Face \u00e0 l&rsquo;impuissance de la m\u00e9decine et apr\u00e8s d&rsquo;\u00e9tranges apparitions, d\u00e9marre alors un \u00e9tonnant voyage int\u00e9rieur, fait de m\u00e9ditations et de visualisations, qui transformera sa vision de la vie. [&hellip;]<\/p>\n","protected":false},"author":5,"featured_media":136412,"comment_status":"open","ping_status":"open","sticky":false,"template":"","format":"standard","meta":{"saved_in_kubio":false,"footnotes":""},"categories":[8,36],"tags":[2619,3022,33098,6907,7722,33097,16740,33102,33099,18171,26050,27001,29028],"class_list":["post-137675","post","type-post","status-publish","format-standard","has-post-thumbnail","hentry","category-bd","category-mangas","tag-a-la-recherche-du-temps-perdu","tag-bd","tag-cargo","tag-delcourt","tag-dragon-quest-the-adventure-of-dai","tag-juin-2025","tag-les-5-terres","tag-les-incroyables-aventures-de-gribouillis","tag-les-sanctuaires","tag-manga","tag-sex-drugs-and-rer","tag-sorties","tag-the-hero-avan-and-the-dark-lord-of-hellfire"],"_links":{"self":[{"href":"https:\/\/geek-o-polis.com\/index.php\/wp-json\/wp\/v2\/posts\/137675","targetHints":{"allow":["GET"]}}],"collection":[{"href":"https:\/\/geek-o-polis.com\/index.php\/wp-json\/wp\/v2\/posts"}],"about":[{"href":"https:\/\/geek-o-polis.com\/index.php\/wp-json\/wp\/v2\/types\/post"}],"author":[{"embeddable":true,"href":"https:\/\/geek-o-polis.com\/index.php\/wp-json\/wp\/v2\/users\/5"}],"replies":[{"embeddable":true,"href":"https:\/\/geek-o-polis.com\/index.php\/wp-json\/wp\/v2\/comments?post=137675"}],"version-history":[{"count":11,"href":"https:\/\/geek-o-polis.com\/index.php\/wp-json\/wp\/v2\/posts\/137675\/revisions"}],"predecessor-version":[{"id":137720,"href":"https:\/\/geek-o-polis.com\/index.php\/wp-json\/wp\/v2\/posts\/137675\/revisions\/137720"}],"wp:featuredmedia":[{"embeddable":true,"href":"https:\/\/geek-o-polis.com\/index.php\/wp-json\/wp\/v2\/media\/136412"}],"wp:attachment":[{"href":"https:\/\/geek-o-polis.com\/index.php\/wp-json\/wp\/v2\/media?parent=137675"}],"wp:term":[{"taxonomy":"category","embeddable":true,"href":"https:\/\/geek-o-polis.com\/index.php\/wp-json\/wp\/v2\/categories?post=137675"},{"taxonomy":"post_tag","embeddable":true,"href":"https:\/\/geek-o-polis.com\/index.php\/wp-json\/wp\/v2\/tags?post=137675"}],"curies":[{"name":"wp","href":"https:\/\/api.w.org\/{rel}","templated":true}]}}