{"id":135205,"date":"2025-04-15T17:00:00","date_gmt":"2025-04-15T15:00:00","guid":{"rendered":"https:\/\/geek-o-polis.com\/?p=135205"},"modified":"2025-04-15T17:00:00","modified_gmt":"2025-04-15T15:00:00","slug":"sorties-bd-et-mangas-de-glenat-du-16-avril-2025","status":"publish","type":"post","link":"https:\/\/geek-o-polis.com\/index.php\/2025\/04\/15\/sorties-bd-et-mangas-de-glenat-du-16-avril-2025\/","title":{"rendered":"Sorties BD et mangas de Gl\u00e9nat du 16 avril 2025"},"content":{"rendered":"<h3 style=\"text-align: center\"><span style=\"color: #ff0000\">Voici les sorties BD et mangas de Gl\u00e9nat Editions pour le 16 avril 2025.<\/span><\/h3>\n<h1 style=\"text-align: center\">BD<\/h1>\n<h1 style=\"text-align: center\">SINOPE<\/h1>\n<p><img loading=\"lazy\" decoding=\"async\" class=\"wp-image-135207 aligncenter\" src=\"https:\/\/geekopolis472579515.wordpress.com\/wp-content\/uploads\/2025\/04\/sinope.jpeg?w=225\" alt=\"\" width=\"300\" height=\"400\" \/><\/p>\n<p>Avec la fin du XVIII<sup>e<\/sup>\u00a0si\u00e8cle, les fondations de l\u2019Empire Ottoman avaient trembl\u00e9, annon\u00e7ant son lent d\u00e9clin. Au si\u00e8cle suivant, la Sublime Porte n\u2019est plus que l\u2019ombre d\u2019elle-m\u00eame, un empire sous influence, pris en \u00e9tau entre une Russie, artisan d\u2019une politique expansionniste sans concession, un Royaume-Uni qui craint pour la stabilit\u00e9 dans son empire colonial et une France qui est devenue une r\u00e9publique.<\/p>\n<h3 style=\"text-align: center\"><span style=\"color: #ff0000\">BD vendue au prix de 15,50\u20ac.<\/span><\/h3>\n<h1 style=\"text-align: center\">Mafalda et l&rsquo;enfance<\/h1>\n<p><img loading=\"lazy\" decoding=\"async\" class=\"wp-image-135210 aligncenter\" src=\"https:\/\/geekopolis472579515.wordpress.com\/wp-content\/uploads\/2025\/04\/mafalda-et-lenfance.jpeg?w=300\" alt=\"\" width=\"300\" height=\"253\" \/><\/p>\n<p>Si Mafalda souligne depuis soixante ans les paradoxes et les faiblesses de nos Soci\u00e9t\u00e9s, elle n\u2019en reste pas moins une enfant dans un monde d\u2019adultes. Dans ce nouveau recueil o\u00f9 elle retrouve tous ses amis, la jeune h\u00e9ro\u00efne nourrit une r\u00e9flexion sur une p\u00e9riode charni\u00e8re\u00a0de notre existence\u00a0: l\u2019enfance\u00a0! Avec humour, elle pose un regard \u00e0 la fois candide et impertinent sur une \u00e9poque pas si insouciante que l\u2019on pourrait le croire.<\/p>\n<h3 style=\"text-align: center\"><span style=\"color: #ff0000\">BD vendue au prix de 17,50\u20ac.<\/span><\/h3>\n<h1 style=\"text-align: center\">Avc<\/h1>\n<p><img loading=\"lazy\" decoding=\"async\" class=\"wp-image-135212 aligncenter\" src=\"https:\/\/geekopolis472579515.wordpress.com\/wp-content\/uploads\/2025\/04\/avc.jpeg?w=223\" alt=\"\" width=\"298\" height=\"400\" \/><\/p>\n<p>Elise m\u00e8ne une vie saine. Elle pr\u00e9pare le marathon tout en se consacrant \u00e0 ses \u00e9tudes de m\u00e9decine. Mais un beau matin, elle s\u2019\u00e9croule en plein milieu de la rue. Le diagnostic est sans appel. \u00c0 27 ans, Elise vient de faire un AVC !\u00a0 Apr\u00e8s un r\u00e9veil difficile \u00e0 l\u2019h\u00f4pital, elle entame un long combat, celui de la r\u00e9\u00e9ducation. Car Elise est maintenant h\u00e9mipl\u00e9gique du c\u00f4t\u00e9 gauche.<\/p>\n<h3 style=\"text-align: center\"><span style=\"color: #ff0000\">BD vendue au prix de 23\u20ac.<\/span><\/h3>\n<h1 style=\"text-align: center\">Tumpie &#8211; La Jeunesse tumultueuse de Josephine Baker<\/h1>\n<p><img loading=\"lazy\" decoding=\"async\" class=\"wp-image-135214 aligncenter\" src=\"https:\/\/geekopolis472579515.wordpress.com\/wp-content\/uploads\/2025\/04\/tumpie-la-jeunesse-tumultueuse-de-josephine-baker.jpeg?w=221\" alt=\"\" width=\"300\" height=\"407\" \/><\/p>\n<p>N\u00e9e dans le Missouri en 1906, celle que l\u2019on surnommait Tumpie grandit dans la mis\u00e8re. \u00c9lev\u00e9e par une m\u00e8re chanteuse dans une Am\u00e9rique o\u00f9 la violence \u00e0 l\u2019encontre des Afro-Am\u00e9ricains\u00a0est omnipr\u00e9sente, rien ne pr\u00e9destinait Freda Josephine McDonald, de son vrai nom, \u00e0 conqu\u00e9rir le music-hall parisien dans les ann\u00e9es 1920.\u00a0Enfant, elle quitte l\u2019\u00e9cole et travaille comme domestique dans des familles ais\u00e9es pour subvenir aux besoins de la fratrie.<\/p>\n<h3 style=\"text-align: center\"><span style=\"color: #ff0000\">BD vendue au prix de 22,50\u20ac.<\/span><\/h3>\n<h1 style=\"text-align: center\">Prima Spatia &#8211; Tome 3<\/h1>\n<p><img loading=\"lazy\" decoding=\"async\" class=\"wp-image-135217 aligncenter\" src=\"https:\/\/geekopolis472579515.wordpress.com\/wp-content\/uploads\/2025\/04\/prima-spatia-tome-3.jpeg?w=224\" alt=\"\" width=\"299\" height=\"400\" \/><\/p>\n<p>Dans la cit\u00e9 du Prima Spatia, Alba et Isandre se pr\u00e9parent \u00e0 rencontrer les membres du Haut Conseil. Gr\u00e2ce \u00e0 l\u2019ADN d\u2019Alba, Isandre compte prouver qu\u2019elle est bien la fille de Daladyn l\u2019impie et qu\u2019elle a atout sa l\u00e9gitimit\u00e9 pour si\u00e9ger parmi eux. Mais ce ne sera pas chose facile, certains membres veulent l\u2019\u00e9vincer car leurs int\u00e9r\u00eats politiques divergent.<\/p>\n<h3 style=\"text-align: center\"><span style=\"color: #ff0000\">BD vendue au prix de 14,95\u20ac.<\/span><\/h3>\n<h1 style=\"text-align: center\">Le Masque du renard<\/h1>\n<p><img loading=\"lazy\" decoding=\"async\" class=\"wp-image-135219 aligncenter\" src=\"https:\/\/geekopolis472579515.wordpress.com\/wp-content\/uploads\/2025\/04\/le-masque-du-renard.jpeg?w=214\" alt=\"\" width=\"300\" height=\"421\" \/><\/p>\n<p>Adolescent rural, Romain m\u00e8ne une vie de lyc\u00e9en ordinaire, partag\u00e9e entre les cours et les sorties entre potes, en compagnie de ses ins\u00e9parables Paule et Gabriel. Mais depuis peu, son quotidien est troubl\u00e9 par l\u2019apparition furtive d\u2019un myst\u00e9rieux renard roux qui, chaque fois qu\u2019il l\u2019aper\u00e7oit, s\u2019enfuit aussit\u00f4t.<\/p>\n<h3 style=\"text-align: center\"><span style=\"color: #ff0000\">BD vendue au prix de 19,50\u20ac.<\/span><\/h3>\n<h1 style=\"text-align: center\">Possessions<\/h1>\n<p><img loading=\"lazy\" decoding=\"async\" class=\"wp-image-135222 aligncenter\" src=\"https:\/\/geekopolis472579515.wordpress.com\/wp-content\/uploads\/2025\/04\/possessions.jpeg?w=226\" alt=\"\" width=\"300\" height=\"398\" \/><\/p>\n<p>Antonio Ventimila est perdu dans une existence parisienne vide de sens. Un soir, il plaque tout, sans pr\u00e9venir personne, direction l\u2019Italie. Un accident de la route le fait \u00e9chouer dans un h\u00f4pital turinois o\u00f9 il croise le chemin d\u2019un\u00a0romancier fantasque qui lui propose de l\u2019assister pour son prochain livre\u00a0: l\u2019ouvrage de r\u00e9f\u00e9rence sur la ville.<\/p>\n<h3 style=\"text-align: center\"><span style=\"color: #ff0000\">BD vendue au prix de 29\u20ac.<\/span><\/h3>\n<h1 style=\"text-align: center\">Mangas<\/h1>\n<h1 style=\"text-align: center\">Boichi SF short stories &#8211; Tome 1<\/h1>\n<p><img loading=\"lazy\" decoding=\"async\" class=\"wp-image-135224 aligncenter\" src=\"https:\/\/geekopolis472579515.wordpress.com\/wp-content\/uploads\/2025\/04\/boichi-sf-short-stories-tome-1.jpeg?w=217\" alt=\"\" width=\"299\" height=\"413\" \/><\/p>\n<p>Bienvenue dans ce premier volet du diptyque des\u00a0<i>SF Short Stories<\/i>\u00a0de Boichi ! Avec\u00a0<i>Les Voyageurs de l&rsquo;espace-temps<\/i>, le mangaka revient pour un recueil de huit nouvelles de science-fiction, traitant de sujets aussi vari\u00e9s que la dystopie, le voyage stellaire ou encore la rencontre avec d&rsquo;autres cr\u00e9atures.<\/p>\n<h3 style=\"text-align: center\"><span style=\"color: #ff0000\">Manga vendu au prix de 9,50\u20ac.<\/span><\/h3>\n<h1 style=\"text-align: center\">Sakamoto Days &#8211; Tome 17<\/h1>\n<p><img loading=\"lazy\" decoding=\"async\" class=\"wp-image-135227 aligncenter\" src=\"https:\/\/geekopolis472579515.wordpress.com\/wp-content\/uploads\/2025\/04\/sakamoto-days-tome-17.jpeg?w=192\" alt=\"\" width=\"299\" height=\"467\" \/><\/p>\n<p>Mafuyu, conscient que Slur l\u2019utilise comme un pion, cherche malgr\u00e9 tout \u00e0 accomplir sa mission. Alors que Shin fait de son mieux pour le ramener \u00e0 la raison, Osaragi d\u00e9barque devant eux\u00a0! Le combat s\u2019engage alors, transformant le mus\u00e9e en champ de bataille o\u00f9 s\u2019invitent d\u2019autres membres de la bande de Slur, au milieu des visiteurs pi\u00e9g\u00e9s sur place.<\/p>\n<h3 style=\"text-align: center\"><span style=\"color: #ff0000\">Manga vendu au prix de 7,20\u20ac.<\/span><\/h3>\n<h1 style=\"text-align: center\">Promise Cinderella &#8211; Tome 3<\/h1>\n<p><img loading=\"lazy\" decoding=\"async\" class=\"wp-image-135229 aligncenter\" src=\"https:\/\/geekopolis472579515.wordpress.com\/wp-content\/uploads\/2025\/04\/promise-cinderella-tome-3.jpeg?w=217\" alt=\"\" width=\"301\" height=\"416\" \/><\/p>\n<p>Hayame, ancienne femme au foyer divorc\u00e9e, n\u2019a plus nulle part o\u00f9 aller. Elle rencontre par hasard un gosse de riches acari\u00e2tre, Issei, qui l\u2019accueille chez lui \u00e0 condition qu\u2019elle participe \u00e0 un v\u00e9ritable jeu de la vie.<\/p>\n<h3 style=\"text-align: center\"><span style=\"color: #ff0000\">Manga vendu au prix de 7,90\u20ac.<\/span><\/h3>\n<h1 style=\"text-align: center\">Les Noces des lucioles &#8211; Tome 3<\/h1>\n<p><img loading=\"lazy\" decoding=\"async\" class=\"wp-image-135232 aligncenter\" src=\"https:\/\/geekopolis472579515.wordpress.com\/wp-content\/uploads\/2025\/04\/les-noces-des-lucioles-tome-3.jpeg?w=217\" alt=\"\" width=\"300\" height=\"415\" \/><\/p>\n<p>\u00c8re Meiji. Satoko, une fille de bonne famille qui n\u2019a plus beaucoup de temps \u00e0 vivre, se fait capturer et est retenue sur Tennyojima. Elle est sauv\u00e9e par Shinpei, un assassin qu\u2019elle a promis d\u2019\u00e9pouser en \u00e9change de son aide. Mais contre toute attente, ce dernier fait preuve d\u2019un amour \u00e0 la limite de l\u2019obsession envers elle.<\/p>\n<h3 style=\"text-align: center\"><span style=\"color: #ff0000\">Manga vendu au prix de 7,90\u20ac.<\/span><\/h3>\n<h1 style=\"text-align: center\">Dr Stone &#8211; Tome 27<\/h1>\n<p><img loading=\"lazy\" decoding=\"async\" class=\"wp-image-135234 aligncenter\" src=\"https:\/\/geekopolis472579515.wordpress.com\/wp-content\/uploads\/2025\/04\/dr-stone-tome-27.jpeg?w=192\" alt=\"\" width=\"300\" height=\"469\" \/><\/p>\n<p>Senku et ses amis tentent de franchir l\u2019ultime fronti\u00e8re de la science en b\u00e2tissant une machine \u00e0 voyager dans le temps\u00a0! Un personnage inattendu leur envoie un message du futur et booste leurs espoirs de r\u00e9ussite\u00a0! Mais qui se cache vraiment derri\u00e8re tout \u00e7a\u00a0?!<\/p>\n<h3 style=\"text-align: center\"><span style=\"color: #ff0000\">Manga vendu au prix de 7,20\u20ac.<\/span><\/h3>\n<h1 style=\"text-align: center\">Sahashi et les cr\u00e9atures fantastiques &#8211; Tome 1<\/h1>\n<p><img loading=\"lazy\" decoding=\"async\" class=\"wp-image-135237 aligncenter\" src=\"https:\/\/geekopolis472579515.wordpress.com\/wp-content\/uploads\/2025\/04\/sahashi-et-les-creatures-fantastiques-tome-1.jpeg?w=217\" alt=\"\" width=\"299\" height=\"413\" \/><\/p>\n<p>Il a un ph\u00e9nix pour animal de compagnie, son professeur est un tanuki capable de se m\u00e9tamorphoser, et son copain d\u2019\u00e9cole est un gar\u00e7on-serpent\u00a0! Sahashi\u00a0a beau \u00eatre parfaitement ordinaire, il n\u2019attire que les choses, ph\u00e9nom\u00e8nes\u00a0et individus \u00e9tranges.<\/p>\n<h3 style=\"text-align: center\"><span style=\"color: #ff0000\">Manga vendu au prix de 7,90\u20ac.<\/span><\/h3>\n","protected":false},"excerpt":{"rendered":"<p>Voici les sorties BD et mangas de Gl\u00e9nat Editions pour le 16 avril 2025. BD SINOPE Avec la fin du XVIIIe\u00a0si\u00e8cle, les fondations de l\u2019Empire Ottoman avaient trembl\u00e9, annon\u00e7ant son lent d\u00e9clin. Au si\u00e8cle suivant, la Sublime Porte n\u2019est plus que l\u2019ombre d\u2019elle-m\u00eame, un empire sous influence, pris en \u00e9tau entre une Russie, artisan d\u2019une [&hellip;]<\/p>\n","protected":false},"author":5,"featured_media":8896,"comment_status":"open","ping_status":"open","sticky":false,"template":"","format":"standard","meta":{"saved_in_kubio":false,"footnotes":""},"categories":[8,36],"tags":[2508,2543,3705,7665,11077,16400,16978,17962,18171,23138,23235,23365,25301,25359,26504,27001,30322],"class_list":["post-135205","post","type-post","status-publish","format-standard","has-post-thumbnail","hentry","category-bd","category-mangas","tag-avc","tag-avril-2025","tag-boichi-sf-short-stories","tag-dr-stone","tag-glenat","tag-le-masque-du-renard","tag-les-noces-des-lucioles","tag-mafalda-et-lenfance","tag-manga","tag-possessions","tag-prima-spatia","tag-promise-cinderella","tag-sahashi-et-les-creatures-fantastiques","tag-sakamoto-days","tag-sinope","tag-sorties","tag-tumpie-la-jeunesse-tumultueuse-de-josephine-baker"],"_links":{"self":[{"href":"https:\/\/geek-o-polis.com\/index.php\/wp-json\/wp\/v2\/posts\/135205","targetHints":{"allow":["GET"]}}],"collection":[{"href":"https:\/\/geek-o-polis.com\/index.php\/wp-json\/wp\/v2\/posts"}],"about":[{"href":"https:\/\/geek-o-polis.com\/index.php\/wp-json\/wp\/v2\/types\/post"}],"author":[{"embeddable":true,"href":"https:\/\/geek-o-polis.com\/index.php\/wp-json\/wp\/v2\/users\/5"}],"replies":[{"embeddable":true,"href":"https:\/\/geek-o-polis.com\/index.php\/wp-json\/wp\/v2\/comments?post=135205"}],"version-history":[{"count":0,"href":"https:\/\/geek-o-polis.com\/index.php\/wp-json\/wp\/v2\/posts\/135205\/revisions"}],"wp:featuredmedia":[{"embeddable":true,"href":"https:\/\/geek-o-polis.com\/index.php\/wp-json\/"}],"wp:attachment":[{"href":"https:\/\/geek-o-polis.com\/index.php\/wp-json\/wp\/v2\/media?parent=135205"}],"wp:term":[{"taxonomy":"category","embeddable":true,"href":"https:\/\/geek-o-polis.com\/index.php\/wp-json\/wp\/v2\/categories?post=135205"},{"taxonomy":"post_tag","embeddable":true,"href":"https:\/\/geek-o-polis.com\/index.php\/wp-json\/wp\/v2\/tags?post=135205"}],"curies":[{"name":"wp","href":"https:\/\/api.w.org\/{rel}","templated":true}]}}