{"id":1315,"date":"2020-05-16T14:00:00","date_gmt":"2020-05-16T12:00:00","guid":{"rendered":"http:\/\/geek-o-polis.com\/?p=1315"},"modified":"2020-05-16T14:00:00","modified_gmt":"2020-05-16T12:00:00","slug":"taylor-swift-son-concert-a-lolympia-de-paris-arrive-sur-disney","status":"publish","type":"post","link":"https:\/\/geek-o-polis.com\/index.php\/2020\/05\/16\/taylor-swift-son-concert-a-lolympia-de-paris-arrive-sur-disney\/","title":{"rendered":"Taylor Swift : son concert \u00e0 l&rsquo;Olympia de Paris arrive sur Disney+"},"content":{"rendered":"\n<p class=\"has-text-align-center\"><strong>Le concert priv\u00e9 donn\u00e9 par Taylor Swift \u00e0 l&rsquo;Olympia de Paris en septembre 2019 va \u00eatre diffus\u00e9. Ce show exclusif lanc\u00e9 pour c\u00e9l\u00e9brer l&rsquo;arriv\u00e9e de l&rsquo;album \u00ab\u00a0Lover\u00a0\u00bb sera disponible en France sur la plateforme Disney+ \u00e0 partir du 18 mai<\/strong><\/p>\n\n\n\n<!--more-->\n\n\n<p style=\"text-align:center;\">\u00ab\u00a0<i>La France est clairement une priorit\u00e9<\/i>\u00a0\u00bb. Voici ce qu&rsquo;affirmait Taylor Swift il y a tout juste un an \u00e0 l&rsquo;occasion de son retour avec le single\u00a0<span style=\"color:#ff00ff;\"><strong>\u00ab\u00a0ME!\u00a0\u00bb<\/strong><\/span>, le premier extrait de son\u00a0septi\u00e8me album \u00ab\u00a0<span style=\"color:#ff00ff;\"><strong>Lover\u00a0\u00bb<\/strong><\/span>.<\/p>\n<blockquote>\n<p>\u00a0\u00ab\u00a0<i>Je n&rsquo;ai pas fait de concert en France depuis huit ans, il faut que cela change. J&rsquo;avais pr\u00e9vu sur ma tourn\u00e9e \u00ab\u00a01989\u00a0\u00bb de chanter \u00e0 Bercy, mais la salle \u00e9tait en travaux (&#8230;) Maintenant, je me suis fix\u00e9 comme priorit\u00e9 d&rsquo;aller l\u00e0 o\u00f9 je ne suis pas ou pas assez all\u00e9e avant. Comme la France<\/i> \u00bb confiait la superstar am\u00e9ricaine.<\/p>\n<\/blockquote>\n<p>https:\/\/youtu.be\/VlyLr1KXN8Q<\/p>\n<p>Dans l&rsquo;\u00e9mission <span style=\"color:#ff0000;\">\u00ab\u00a0Good Morning America\u00a0\u00bb<\/span>, Taylor Swift vient d&rsquo;annoncer la diffusion prochaine de ce live in\u00e9dit qui marquait alors la premi\u00e8re performance des chansons de son dernier album. Emmen\u00e9 par le single\u00a0<a class=\"spip_out\" href=\"http:\/\/www.chartsinfrance.net\/Taylor-Swift\/news-110490.html\" target=\"_blank\" rel=\"noopener\">\u00ab\u00a0You Need To Calm Down\u00a0\u00bb<\/a>, \u00ab\u00a0Lover\u00a0\u00bb a permis \u00e0 la chanteuse de devenir la\u00a0<a class=\"spip_out\" href=\"http:\/\/www.chartsinfrance.net\/Taylor-Swift\/news-113080.html\" target=\"_blank\" rel=\"noopener\">plus grosse vendeuse de disques au monde en 2019<\/a>.<\/p>\n<blockquote>\n<p>\u00ab\u00a0<i>J&rsquo;ai fait ce concert en septembre, c&rsquo;\u00e9tait \u00e0 Paris et je me suis tellement amus\u00e9e. C&rsquo;est un show que nous avons mont\u00e9 sp\u00e9cialement pour c\u00e9l\u00e9brer la sortie de mon album \u00ab\u00a0Lover\u00a0\u00bb et nous l&rsquo;avons film\u00e9 ! Je suis super excit\u00e9e et j&rsquo;envoie tout mon amour au public<\/i>\u00a0\u00bb confie l&rsquo;artiste de 30 ans depuis le domicile o\u00f9 elle est confin\u00e9e.<\/p>\n<\/blockquote>\n<p style=\"text-align:center;\"><span style=\"color:#ff00ff;\">Pour les fans fran\u00e7ais de la star, le \u00ab\u00a0City of Lover Concert\u00a0\u00bb sera propos\u00e9 d\u00e8s le 18 mai sur la plateforme de streaming Disney+.<\/span><\/p>\n\n\n<figure class=\"wp-block-embed-youtube wp-block-embed is-type-rich wp-embed-aspect-16-9 wp-has-aspect-ratio\"><div class=\"wp-block-embed__wrapper\">\n<iframe loading=\"lazy\" title=\"Taylor Swift - Welcome To New York - 1989 World Tour live\" width=\"500\" height=\"281\" src=\"https:\/\/www.youtube.com\/embed\/a39RX7zRZTU?feature=oembed\" frameborder=\"0\" allow=\"accelerometer; autoplay; clipboard-write; encrypted-media; gyroscope; picture-in-picture; web-share\" referrerpolicy=\"strict-origin-when-cross-origin\" allowfullscreen><\/iframe>\n<\/div><\/figure>\n","protected":false},"excerpt":{"rendered":"<p>Le concert priv\u00e9 donn\u00e9 par Taylor Swift \u00e0 l&rsquo;Olympia de Paris en septembre 2019 va \u00eatre diffus\u00e9. Ce show exclusif lanc\u00e9 pour c\u00e9l\u00e9brer l&rsquo;arriv\u00e9e de l&rsquo;album \u00ab\u00a0Lover\u00a0\u00bb sera disponible en France sur la plateforme Disney+ \u00e0 partir du 18 mai<\/p>\n","protected":false},"author":2,"featured_media":0,"comment_status":"open","ping_status":"open","sticky":false,"template":"","format":"standard","meta":{"saved_in_kubio":false,"footnotes":""},"categories":[39],"tags":[151,5240,7350,10802,10804,10807,11238,17642,18894,21495,28486,32303],"class_list":["post-1315","post","type-post","status-publish","format-standard","hentry","category-musique","tag-151","tag-city-of-lover-concert","tag-disney","tag-geek-o-polis","tag-geek-o-polis-com","tag-geekopolis","tag-good-morning-america","tag-lover","tag-me","tag-olympia-de-paris","tag-taylor-swift","tag-you-need-to-calm-down"],"_links":{"self":[{"href":"https:\/\/geek-o-polis.com\/index.php\/wp-json\/wp\/v2\/posts\/1315","targetHints":{"allow":["GET"]}}],"collection":[{"href":"https:\/\/geek-o-polis.com\/index.php\/wp-json\/wp\/v2\/posts"}],"about":[{"href":"https:\/\/geek-o-polis.com\/index.php\/wp-json\/wp\/v2\/types\/post"}],"author":[{"embeddable":true,"href":"https:\/\/geek-o-polis.com\/index.php\/wp-json\/wp\/v2\/users\/2"}],"replies":[{"embeddable":true,"href":"https:\/\/geek-o-polis.com\/index.php\/wp-json\/wp\/v2\/comments?post=1315"}],"version-history":[{"count":0,"href":"https:\/\/geek-o-polis.com\/index.php\/wp-json\/wp\/v2\/posts\/1315\/revisions"}],"wp:attachment":[{"href":"https:\/\/geek-o-polis.com\/index.php\/wp-json\/wp\/v2\/media?parent=1315"}],"wp:term":[{"taxonomy":"category","embeddable":true,"href":"https:\/\/geek-o-polis.com\/index.php\/wp-json\/wp\/v2\/categories?post=1315"},{"taxonomy":"post_tag","embeddable":true,"href":"https:\/\/geek-o-polis.com\/index.php\/wp-json\/wp\/v2\/tags?post=1315"}],"curies":[{"name":"wp","href":"https:\/\/api.w.org\/{rel}","templated":true}]}}