{"id":128145,"date":"2024-11-23T09:00:00","date_gmt":"2024-11-23T08:00:00","guid":{"rendered":"https:\/\/geek-o-polis.com\/?p=128145"},"modified":"2024-11-23T09:00:00","modified_gmt":"2024-11-23T08:00:00","slug":"retenez-la-date-la-langue-francaise-en-fete-celebre-ses-30-ans-dis-moi-dix-mots-pour-la-planete-du-15-au-23-mars-2025","status":"publish","type":"post","link":"https:\/\/geek-o-polis.com\/index.php\/2024\/11\/23\/retenez-la-date-la-langue-francaise-en-fete-celebre-ses-30-ans-dis-moi-dix-mots-pour-la-planete-du-15-au-23-mars-2025\/","title":{"rendered":"Retenez la date : LA LANGUE FRAN\u00c7AISE EN F\u00caTE C\u00c9L\u00c8BRE SES 30 ANS ! Dis-moi dix mots pour la plan\u00e8te, du 15 au 23 mars 2025 !"},"content":{"rendered":"<p style=\"text-align: center\"><span style=\"color: #ff6600\"><b>Chaque ann\u00e9e, depuis 30\u00a0ans, la F\u00e9d\u00e9ration Wallonie-Bruxelles organise une grande op\u00e9ration de sensibilisation \u00e0 la langue fran\u00e7aise\u00a0et \u00e0 la cr\u00e9ativit\u00e9 linguistique\u00a0:\u00a0<i>La langue fran\u00e7aise<\/i>\u00a0<i>en f\u00eate<\/i>. Durant une folle semaine articul\u00e9e autour de la Journ\u00e9e internationale de la francophonie, elle propose de multiples activit\u00e9s destin\u00e9es aux petits et aux grands, pour jouer avec les mots et se les approprier. Pour cette \u00e9dition anniversaire, Jo\u00eblle Scoriels, ambassadrice \u00e9loquente, mettra sur orbite la th\u00e9matique 2025 d\u00e9di\u00e9e \u00e0 l\u2019environnement\u2009!\u00a0<\/b><\/span><\/p>\n<p style=\"text-align: center\"><b>Une marraine de choc\u00a0<\/b><\/p>\n<p style=\"text-align: center\">La journaliste\u00a0Jo\u00eblle Scoriels\u00a0est la marraine et ambassadrice de cette \u00e9dition 2025. Philologue de formation, son amour de la langue fran\u00e7aise n\u2019est un secret pour personne. Elle anime la chronique \u00ab\u2009La la langue\u2009\u00bb sur la RTBF et est l\u2019autrice de l\u2019ouvrage \u00ab\u2009Les dessous de la langue fran\u00e7aise\u2009\u00bb (De Boeck, 2024).<\/p>\n<p style=\"text-align: center\"><b>Un th\u00e8me f\u00e9d\u00e9rateur<\/b><\/p>\n<p style=\"text-align: center\"><i>La langue fran\u00e7aise en<\/i>\u00a0<i>f\u00eate\u00a0<\/i>s\u2019inscrit dans la campagne internationale\u00a0<i>Dis-moi dix mots<\/i>\u00a0dont le th\u00e8me 2025 est l\u2019environnement, sous le slogan\u00a0<a><i>Dis-moi dix mots pour la plan\u00e8te<\/i><\/a><i>.\u00a0<\/i>Les dix mots \u00e0 l\u2019honneur sont choisis par les diff\u00e9rents pays participants. Il s\u2019agit de\u00a0:\u00a0<i>biome, butiner, canop\u00e9e, cons\u00e9conscient, d\u00e9brousser, empreinte, glaner, palmeraie, solaire\u00a0<\/i>et\u00a0<i>vivant.\u00a0<\/i><\/p>\n<p style=\"text-align: center\"><b>Inscrire son activit\u00e9 dans les\u00a0<i>Villes des mots<\/i>\u00a0et partout\u00a0ailleurs\u00a0en F\u00e9d\u00e9ration Wallonie-Bruxelles<\/b><\/p>\n<p style=\"text-align: center\">\u00c9coles, associations, biblioth\u00e8ques, centres d\u2019expression et de cr\u00e9ativit\u00e9, centres culturels, artistes\u2026\u00a0se mobilisent pour proposer\u00a0une foule\u00a0d\u2019animations, pour la plupart, gratuites.\u00a0 Ateliers d\u2019\u00e9criture, de th\u00e9\u00e2tre, d\u2019improvisation, de slam, de calligraphie, d\u2019arts plastiques, et bien plus encore sont notamment au programme.<\/p>\n<p style=\"text-align: center\">D\u00e8s aujourd\u2019hui, l\u2019inscription des activit\u00e9s au programme de l\u2019\u00e9dition 2025 est ouverte pour tous ceux et celles qui souhaitent f\u00eater la langue fran\u00e7aise\u2009!<\/p>\n<p style=\"text-align: center\">Pour ce faire, il suffit de se rendre sur le site\u00a0<a>www.lalanguefrancaiseenfete.be<\/a>\u00a0et de proc\u00e9der \u00e0 l\u2019encodage d\u2019une activit\u00e9. Celle-ci est soumise \u00e0 la validation de la Direction de la Langue fran\u00e7aise<\/p>\n<p style=\"text-align: center\"><span style=\"color: #ff6600\"><strong>Deux journ\u00e9es inaugurales \u00e0 la Foire du livre\u00a0: les 13 et 14\u00a0mars\u00a0<\/strong><\/span><\/p>\n<p style=\"text-align: center\">En collaboration avec\u00a0la Foire du Livre et l\u2019ADEB (Association des \u00e9diteurs belges), la Direction de la Langue fran\u00e7aise organise deux journ\u00e9es autour du th\u00e8me\u00a0<i>La langue pour habiter le monde<\/i>. Celles-ci s\u2019adressent prioritairement aux enseignants et enseignantes, en activit\u00e9 ou en cours de formation, aux biblioth\u00e9caires ainsi qu\u2019aux m\u00e9diatrices et m\u00e9diateurs culturels. La premi\u00e8re\u00a0journ\u00e9e est centr\u00e9e autour de la th\u00e9matique de \u00ab\u2009La langue et la citoyennet\u00e9\u2009\u00bb.\u00a0La seconde\u00a0journ\u00e9e, ayant pour sujet l\u2019\u00e9copo\u00e9tique, s\u2019int\u00e9resse au rapport entre lecture et nature.<\/p>\n<blockquote>\n<p style=\"text-align: center\">\u00ab\u00a0<i>Notre langue est belle, c\u00e9l\u00e9brons-l\u00e0\u00a0! Je suis heureuse de soutenir cette 30\u00e8me\u00a0\u00e9dition de \u00ab\u00a0La langue fran\u00e7aise en f\u00eate\u00a0\u00bb centr\u00e9e sur l\u2019environnement \u2013 un th\u00e8me qui m\u2019est cher. Un programme riche et vari\u00e9 sera propos\u00e9 de Charleroi \u00e0 Mouscron en passant par Bruxelles\u2026 Participez-y\u00a0! Vous pouvez d\u2019ailleurs encore proposer vos activit\u00e9s.<\/i>\u00a0\u00bb,\u00a0<b>Elisabeth Degryse \u2013 Ministre-Pr\u00e9sidente et Ministre de la Culture.<\/b><\/p>\n<\/blockquote>\n","protected":false},"excerpt":{"rendered":"<p>Chaque ann\u00e9e, depuis 30\u00a0ans, la F\u00e9d\u00e9ration Wallonie-Bruxelles organise une grande op\u00e9ration de sensibilisation \u00e0 la langue fran\u00e7aise\u00a0et \u00e0 la cr\u00e9ativit\u00e9 linguistique\u00a0:\u00a0La langue fran\u00e7aise\u00a0en f\u00eate. Durant une folle semaine articul\u00e9e autour de la Journ\u00e9e internationale de la francophonie, elle propose de multiples activit\u00e9s destin\u00e9es aux petits et aux grands, pour jouer avec les mots et se [&hellip;]<\/p>\n","protected":false},"author":2,"featured_media":128147,"comment_status":"open","ping_status":"open","sticky":false,"template":"","format":"standard","meta":{"saved_in_kubio":false,"footnotes":""},"categories":[33],"tags":[9481,13974,15794],"class_list":["post-128145","post","type-post","status-publish","format-standard","has-post-thumbnail","hentry","category-litterature","tag-federation-wallonie-bruxelles","tag-joelle-scoriels","tag-la-langue-francaise-en-fete"],"_links":{"self":[{"href":"https:\/\/geek-o-polis.com\/index.php\/wp-json\/wp\/v2\/posts\/128145","targetHints":{"allow":["GET"]}}],"collection":[{"href":"https:\/\/geek-o-polis.com\/index.php\/wp-json\/wp\/v2\/posts"}],"about":[{"href":"https:\/\/geek-o-polis.com\/index.php\/wp-json\/wp\/v2\/types\/post"}],"author":[{"embeddable":true,"href":"https:\/\/geek-o-polis.com\/index.php\/wp-json\/wp\/v2\/users\/2"}],"replies":[{"embeddable":true,"href":"https:\/\/geek-o-polis.com\/index.php\/wp-json\/wp\/v2\/comments?post=128145"}],"version-history":[{"count":0,"href":"https:\/\/geek-o-polis.com\/index.php\/wp-json\/wp\/v2\/posts\/128145\/revisions"}],"wp:featuredmedia":[{"embeddable":true,"href":"https:\/\/geek-o-polis.com\/index.php\/wp-json\/"}],"wp:attachment":[{"href":"https:\/\/geek-o-polis.com\/index.php\/wp-json\/wp\/v2\/media?parent=128145"}],"wp:term":[{"taxonomy":"category","embeddable":true,"href":"https:\/\/geek-o-polis.com\/index.php\/wp-json\/wp\/v2\/categories?post=128145"},{"taxonomy":"post_tag","embeddable":true,"href":"https:\/\/geek-o-polis.com\/index.php\/wp-json\/wp\/v2\/tags?post=128145"}],"curies":[{"name":"wp","href":"https:\/\/api.w.org\/{rel}","templated":true}]}}