{"id":127568,"date":"2024-11-16T09:00:00","date_gmt":"2024-11-16T08:00:00","guid":{"rendered":"https:\/\/geek-o-polis.com\/?p=127568"},"modified":"2024-11-16T09:00:00","modified_gmt":"2024-11-16T08:00:00","slug":"caraibes-force-15-de-patrick-verry","status":"publish","type":"post","link":"https:\/\/geek-o-polis.com\/index.php\/2024\/11\/16\/caraibes-force-15-de-patrick-verry\/","title":{"rendered":"Cara\u00efbes Force 15 de Patrick Verry"},"content":{"rendered":"<p style=\"text-align: center\">Hey hey les geekos, on se retrouve pour parler thriller fantastique avec <strong>\u00ab\u00a0Cara\u00efbes Force 15\u00a0\u00bb de Patrick Verry aux \u00c9ditions Voy&rsquo;el.<\/strong><\/p>\n<blockquote>\n<p style=\"text-align: center\"><span style=\"color: #666699\"><em>Victor et Ombeline se sont r\u00e9cemment exil\u00e9s sur une \u00eele peu peupl\u00e9e situ\u00e9e au large du Venezuela. Ancien lieutenant de police, Victor est devenu parapl\u00e9gique \u00e0 la suite d&rsquo;une enqu\u00eate qui a mal tourn\u00e9. De son c\u00f4t\u00e9, Ombeline est tourment\u00e9e par le remords d&rsquo;actes pass\u00e9s et fait des cauchemars r\u00e9currents. Tous deux combattent leurs d\u00e9mons int\u00e9rieurs pour tenter de retrouver un \u00e9quilibre conjugal. L&rsquo;\u00eele n&rsquo;est cependant pas aussi paisible qu&rsquo;il y para\u00eet, et la s\u00e9r\u00e9nit\u00e9 \u00e0 laquelle aspire le couple pourrait bien voler en \u00e9clats devant l&rsquo;agressivit\u00e9 d&rsquo;un groupe de mercenaires qui d\u00e9barque en plein milieu d&rsquo;une nature devenue folle. Mais quelle est donc cette \u00ab grand-m\u00e8re des temp\u00eates \u00bb que semblent redouter les insulaires ?<\/em><\/span><\/p>\n<\/blockquote>\n<p><img loading=\"lazy\" decoding=\"async\" class=\"alignnone  wp-image-127570 aligncenter\" src=\"https:\/\/geek-o-polis.com\/wp-content\/uploads\/2024\/11\/caraibes-force-15.jpg\" alt=\"Caraibes force 15\" width=\"345\" height=\"518\" \/><\/p>\n<p style=\"text-align: center\"><span style=\"color: #666699\"><strong>Quand la maison d&rsquo;\u00e9ditions m&rsquo;a propos\u00e9 de d\u00e9couvrir ce roman, je dois bien avouer que j&rsquo;\u00e9tais curieuse de d\u00e9couvrir le sens du titre et de la couverture<\/strong> <\/span>mais en lisant le r\u00e9sum\u00e9, j&rsquo;ai tr\u00e8s vite compris que tout \u00e9tait raccord et que ce roman allait me plaire. D&rsquo;ailleurs, je ne me suis pas tromp\u00e9e car j&rsquo;ai pass\u00e9 un excellent moment.<\/p>\n<p style=\"text-align: center\"><span style=\"color: #666699\"><strong>Je me suis \u00e9norm\u00e9ment attach\u00e9e \u00e0 nos deux personnages principaux<\/strong><\/span> qui sont Victor et Ombeline mais aussi \u00e0 Julien, qui est le p\u00e8re d&rsquo;Ombeline et \u00e9galement un scientifique. Victor et Ombeline sont tr\u00e8s touchants dans leur fa\u00e7on de vouloir se reconstruire, en sachant que rien n&rsquo;est facile car Victor est devenu t\u00e9trapl\u00e9gique et je ne sais pas si j&rsquo;aurais eu sa force et son courage.<\/p>\n<p style=\"text-align: center\"><span style=\"color: #666699\"><strong>Beaucoup de personnages vont intervenir tout au long de l&rsquo;histoire<\/strong><\/span> mais je dois bien avouer que je n&rsquo;ai pas retenu leur nom et leur fonction. Une chose est certaine, c&rsquo;est qu&rsquo;ils sont tous bien int\u00e9gr\u00e9s \u00e0 l&rsquo;histoire et qu&rsquo;ils sont tr\u00e8s bien construits.<\/p>\n<p style=\"text-align: center\"><span style=\"color: #666699\"><strong>Concernant les \u00e9v\u00e9nements qui vont survenir sur cette \u00eele, on va tr\u00e8s vite se sentir pris dans un huis-clos tr\u00e8s oppressant<\/strong><\/span> et on aura envie de tourner les pages tant on aura peur pour nos 3 personnages principaux. Qu&rsquo;est-ce que j&rsquo;ai trembl\u00e9 pour eux ! Si vous voulez savoir pourquoi j&rsquo;ai eu tant de craintes, il faudra le lire car je n&rsquo;en dirais pas plus.<\/p>\n<p style=\"text-align: center\"><span style=\"color: #666699\"><strong>Tout ce que je peux vous dire, c&rsquo;est qu&rsquo;on va se retrouver entra\u00een\u00e9 dans d&rsquo;\u00e9normes conflits<\/strong> <\/span>et l&rsquo;aventure prendra divers chemins et quand on croira pouvoir souffler un peu, l&rsquo;auteur va venir en rajouter.<\/p>\n<p style=\"text-align: center\"><span style=\"color: #666699\"><strong>Le suspense et les rebondissement seront au rendez-vous.<\/strong><\/span> Croyez-moi, vous n&rsquo;en manquerez pas mais tout restera cr\u00e9dible et ce ne sera jamais trop. Tout est bien dos\u00e9, tout est bien d\u00e9crit pour que le lecteur ne se perde jamais.\u00a0<\/p>\n<p style=\"text-align: center\"><span style=\"color: #666699\"><em>Bref, si vous aimez les personnages tortur\u00e9s, les romans o\u00f9 il y a de l&rsquo;action et qui ne vous laissent pas un instant pour souffler, foncez et<a style=\"color: #666699\" href=\"https:\/\/amzn.to\/4hNM4oL\" target=\"_blank\" rel=\"noopener\"> cliquez ici,<\/a> vous ne serez pas d\u00e9\u00e7us.<\/em><\/span><\/p>\n\n\n<figure class=\"wp-block-jetpack-rating-star\" style=\"text-align:center\"><span style=\"color:#804794\">\u2605<\/span><span style=\"color:#804794\">\u2605<\/span><span style=\"color:#804794\">\u2605<\/span><span style=\"color:#804794\">\u2605<\/span><span style=\"color:#804794\">\u2605<\/span><\/figure>\n","protected":false},"excerpt":{"rendered":"<p>Hey hey les geekos, on se retrouve pour parler thriller fantastique avec \u00ab\u00a0Cara\u00efbes Force 15\u00a0\u00bb de Patrick Verry aux \u00c9ditions Voy&rsquo;el. Victor et Ombeline se sont r\u00e9cemment exil\u00e9s sur une \u00eele peu peupl\u00e9e situ\u00e9e au large du Venezuela. Ancien lieutenant de police, Victor est devenu parapl\u00e9gique \u00e0 la suite d&rsquo;une enqu\u00eate qui a mal tourn\u00e9. [&hellip;]<\/p>\n","protected":false},"author":4,"featured_media":127570,"comment_status":"open","ping_status":"open","sticky":false,"template":"","format":"standard","meta":{"saved_in_kubio":false,"footnotes":""},"categories":[33],"tags":[547,4402,8307,9355,19465,22158,26464,29540,29545],"class_list":["post-127568","post","type-post","status-publish","format-standard","has-post-thumbnail","hentry","category-litterature","tag-action","tag-caraibes-force-15","tag-editions-voyel","tag-fantastique","tag-militaire","tag-patrice-verry","tag-simplement-pro","tag-thriller","tag-thriller-fantastique"],"_links":{"self":[{"href":"https:\/\/geek-o-polis.com\/index.php\/wp-json\/wp\/v2\/posts\/127568","targetHints":{"allow":["GET"]}}],"collection":[{"href":"https:\/\/geek-o-polis.com\/index.php\/wp-json\/wp\/v2\/posts"}],"about":[{"href":"https:\/\/geek-o-polis.com\/index.php\/wp-json\/wp\/v2\/types\/post"}],"author":[{"embeddable":true,"href":"https:\/\/geek-o-polis.com\/index.php\/wp-json\/wp\/v2\/users\/4"}],"replies":[{"embeddable":true,"href":"https:\/\/geek-o-polis.com\/index.php\/wp-json\/wp\/v2\/comments?post=127568"}],"version-history":[{"count":0,"href":"https:\/\/geek-o-polis.com\/index.php\/wp-json\/wp\/v2\/posts\/127568\/revisions"}],"wp:featuredmedia":[{"embeddable":true,"href":"https:\/\/geek-o-polis.com\/index.php\/wp-json\/"}],"wp:attachment":[{"href":"https:\/\/geek-o-polis.com\/index.php\/wp-json\/wp\/v2\/media?parent=127568"}],"wp:term":[{"taxonomy":"category","embeddable":true,"href":"https:\/\/geek-o-polis.com\/index.php\/wp-json\/wp\/v2\/categories?post=127568"},{"taxonomy":"post_tag","embeddable":true,"href":"https:\/\/geek-o-polis.com\/index.php\/wp-json\/wp\/v2\/tags?post=127568"}],"curies":[{"name":"wp","href":"https:\/\/api.w.org\/{rel}","templated":true}]}}