{"id":12621,"date":"2020-09-20T09:00:00","date_gmt":"2020-09-20T07:00:00","guid":{"rendered":"http:\/\/geek-o-polis.com\/?p=12621"},"modified":"2020-09-20T09:00:00","modified_gmt":"2020-09-20T07:00:00","slug":"lexposition-louis-de-funes-en-grande-pompe-a-la-cinematheque-francaise","status":"publish","type":"post","link":"https:\/\/geek-o-polis.com\/index.php\/2020\/09\/20\/lexposition-louis-de-funes-en-grande-pompe-a-la-cinematheque-francaise\/","title":{"rendered":"L&rsquo;exposition Louis de Fun\u00e8s en grande pompe \u00e0 la Cin\u00e9math\u00e8que Fran\u00e7aise"},"content":{"rendered":"\n<div class=\"wp-block-image\"><figure class=\"aligncenter size-large\"><img decoding=\"async\" src=\"https:\/\/geek-o-polis.com\/wp-content\/uploads\/2020\/09\/ldf-1.jpg?w=300\" alt=\"\" class=\"wp-image-12625\" \/><\/figure><\/div>\n\n\n\n<p class=\"has-text-align-center\">Une belle exposition sur <strong><em><span class=\"has-inline-color has-vivid-red-color\">Louis de Fun\u00e8s<\/span><\/em><\/strong>, grand homme aux multiples talents, se d\u00e9roule actuellement \u00e0 la <strong><em><span class=\"has-inline-color has-luminous-vivid-orange-color\">Cin\u00e9math\u00e8que de Paris<\/span><\/em><\/strong> et ce jusqu&rsquo;au <em><span class=\"has-inline-color has-vivid-purple-color\"><strong>31 mai 2021<\/strong><\/span><\/em>.<\/p>\n\n\n\n<div class=\"wp-block-image\"><figure class=\"aligncenter size-large\"><img decoding=\"async\" src=\"https:\/\/geek-o-polis.com\/wp-content\/uploads\/2020\/09\/ldf5.jpg?w=259\" alt=\"\" class=\"wp-image-12627\" \/><\/figure><\/div>\n\n\n\n<p class=\"has-text-align-center\">En <em><span class=\"has-inline-color has-vivid-cyan-blue-color\">septembre et octobre 2020<\/span><\/em>, venez d\u00e9couvrir et red\u00e9couvrir ses nombreux films dans les salles.<\/p>\n\n\n\n<p class=\"has-text-align-center\">Ce grand acteur disparu depuis quelques d\u00e9cennies maintenant et qui a jou\u00e9 dans plus de cent quarante films, fait toujours rire aussi bien les petits que les grands. Toujours avec beaucoup d&rsquo;humour, on le retrouve avec grand plaisir dans les films de <em><strong><span class=\"has-inline-color has-vivid-red-color\">G\u00e9rard Oury<\/span><\/strong><\/em> comme dans <em><span class=\"has-inline-color has-vivid-purple-color\">Les aventures de Rabbi Jacob<\/span><\/em>, <em><span class=\"has-inline-color has-vivid-cyan-blue-color\">La grande vadrouille<\/span><\/em> avec son acolyte <strong><em><span class=\"has-inline-color has-vivid-red-color\">Bourvil<\/span><\/em><\/strong>, <em><span class=\"has-inline-color has-vivid-purple-color\">La folie des grandeurs<\/span><\/em> entre autres. Il a foul\u00e9 de nombreuses fois <em><span class=\"has-inline-color has-luminous-vivid-orange-color\">le parquet des th\u00e9\u00e2tres depuis 1944<\/span><\/em> avec <em><span class=\"has-inline-color has-vivid-cyan-blue-color\">L&rsquo;amant de paille<\/span><\/em>, <em><span class=\"has-inline-color has-vivid-purple-color\">La puce \u00e0 l&rsquo;oreille<\/span><\/em> pour terminer avec <em><span class=\"has-inline-color has-vivid-cyan-blue-color\">La valse des tor\u00e9adors<\/span><\/em> en <em><span class=\"has-inline-color has-luminous-vivid-orange-color\">1973<\/span><\/em>.<\/p>\n\n\n\n<div class=\"wp-block-image\"><figure class=\"aligncenter size-large\"><img decoding=\"async\" src=\"https:\/\/geek-o-polis.com\/wp-content\/uploads\/2020\/09\/ldf3.jpg?w=183\" alt=\"\" class=\"wp-image-12631\" \/><\/figure><\/div>\n\n\n\n<p class=\"has-text-align-center\">On conna\u00eet \u00e9galement <em><span class=\"has-inline-color has-vivid-purple-color\">son amour pour le jardin<\/span><\/em> rempli de plantes et vergers en tous genres 100% biologique. Cet homme avait cette passion dans le sang.<\/p>\n\n\n\n<p class=\"has-text-align-center\">Son <em><span class=\"has-inline-color has-vivid-cyan-blue-color\">humour<\/span><\/em> n&rsquo;est jamais tomb\u00e9 dans les oubliettes, loin de l\u00e0. On se souvient de ses <em><span class=\"has-inline-color has-vivid-purple-color\">nombreuses mimiques<\/span><\/em> toutes plus risibles les unes que les autres qui ont berc\u00e9 notre enfance.<\/p>\n\n\n\n<div class=\"wp-block-image\"><figure class=\"aligncenter size-large\"><img decoding=\"async\" src=\"https:\/\/geek-o-polis.com\/wp-content\/uploads\/2020\/09\/ldf2.jpg?w=240\" alt=\"\" class=\"wp-image-12633\" \/><\/figure><\/div>\n\n\n\n<p class=\"has-text-align-center\">Venez donc d\u00e9couvrir cette exposition \u00e0 la<span class=\"has-inline-color has-luminous-vivid-orange-color\"> <em>Cin\u00e9math\u00e8que fran\u00e7aise de Paris<\/em><\/span>.<\/p>\n\n\n\n<p class=\"has-text-align-center\"><em><span class=\"has-inline-color has-vivid-purple-color\"><strong>Uniquement sur r\u00e9servation <\/strong><\/span><\/em>sur le site de la Cin\u00e9math\u00e8que Fran\u00e7aise. <\/p>\n\n\n\n<p class=\"has-text-align-center\"><a href=\"https:\/\/www.cinematheque.fr\/cycle\/louis-de-funes-560.html\"><span class=\"has-inline-color has-vivid-red-color\">https:\/\/www.cinematheque.fr\/cycle\/louis-de-funes-560.html<\/span><\/a><\/p>\n\n\n\n<div class=\"wp-block-image\"><figure class=\"aligncenter size-large\"><img decoding=\"async\" src=\"https:\/\/geek-o-polis.com\/wp-content\/uploads\/2020\/09\/ldf4.jpg?w=275\" alt=\"\" class=\"wp-image-12637\" \/><\/figure><\/div>\n","protected":false},"excerpt":{"rendered":"<p>Une belle exposition sur Louis de Fun\u00e8s, grand homme aux multiples talents, se d\u00e9roule actuellement \u00e0 la Cin\u00e9math\u00e8que de Paris et ce jusqu&rsquo;au 31 mai 2021. En septembre et octobre 2020, venez d\u00e9couvrir et red\u00e9couvrir ses nombreux films dans les salles. Ce grand acteur disparu depuis quelques d\u00e9cennies maintenant et qui a jou\u00e9 dans plus [&hellip;]<\/p>\n","protected":false},"author":7,"featured_media":0,"comment_status":"open","ping_status":"open","sticky":false,"template":"","format":"standard","meta":{"saved_in_kubio":false,"footnotes":""},"categories":[9,7,17],"tags":[15684,17605],"class_list":["post-12621","post","type-post","status-publish","format-standard","hentry","category-bla-bla","category-evenement","category-exposition","tag-la-cinematheque-francaise","tag-louis-de-funes"],"_links":{"self":[{"href":"https:\/\/geek-o-polis.com\/index.php\/wp-json\/wp\/v2\/posts\/12621","targetHints":{"allow":["GET"]}}],"collection":[{"href":"https:\/\/geek-o-polis.com\/index.php\/wp-json\/wp\/v2\/posts"}],"about":[{"href":"https:\/\/geek-o-polis.com\/index.php\/wp-json\/wp\/v2\/types\/post"}],"author":[{"embeddable":true,"href":"https:\/\/geek-o-polis.com\/index.php\/wp-json\/wp\/v2\/users\/7"}],"replies":[{"embeddable":true,"href":"https:\/\/geek-o-polis.com\/index.php\/wp-json\/wp\/v2\/comments?post=12621"}],"version-history":[{"count":0,"href":"https:\/\/geek-o-polis.com\/index.php\/wp-json\/wp\/v2\/posts\/12621\/revisions"}],"wp:attachment":[{"href":"https:\/\/geek-o-polis.com\/index.php\/wp-json\/wp\/v2\/media?parent=12621"}],"wp:term":[{"taxonomy":"category","embeddable":true,"href":"https:\/\/geek-o-polis.com\/index.php\/wp-json\/wp\/v2\/categories?post=12621"},{"taxonomy":"post_tag","embeddable":true,"href":"https:\/\/geek-o-polis.com\/index.php\/wp-json\/wp\/v2\/tags?post=12621"}],"curies":[{"name":"wp","href":"https:\/\/api.w.org\/{rel}","templated":true}]}}