{"id":123990,"date":"2024-09-19T09:00:00","date_gmt":"2024-09-19T07:00:00","guid":{"rendered":"https:\/\/geek-o-polis.com\/?p=123990"},"modified":"2024-09-19T09:00:00","modified_gmt":"2024-09-19T07:00:00","slug":"histoires-bestiales-saison-1","status":"publish","type":"post","link":"https:\/\/geek-o-polis.com\/index.php\/2024\/09\/19\/histoires-bestiales-saison-1\/","title":{"rendered":"Histoires bestiales, saison 1"},"content":{"rendered":"<p style=\"text-align: center\">Hey hey les geekos, on se retrouve aujourd&rsquo;hui pour parler d&rsquo;une anthologie que j&rsquo;ai eu l&rsquo;occasion de d\u00e9couvrir en avant-premi\u00e8re. Il s&rsquo;agit de <strong>\u00ab\u00a0Histoires bestiales, saison 1\u00a0\u00bb chez The Bookmark Publisher.<\/strong><\/p>\n<blockquote>\n<p style=\"text-align: center\"><span style=\"color: #666699\"><em>D\u00e9couvrez un univers o\u00f9 l&rsquo;imagination n&rsquo;a pas de limites, o\u00f9 les plumes, les \u00e9cailles et les crocs prennent vie sous la plume de quatorze auteurs et autrices talentueux venus de France, de Belgique et du Canada.<\/em><\/span><br \/><span style=\"color: #666699\"><em>\u00ab\u00a0Histoires Bestiales\u00a0\u00bb est une anthologie de nouvelles qui explore la relation profonde et myst\u00e9rieuse entre les humains et les animaux, qu&rsquo;ils soient r\u00e9els, domestiques, fantastiques ou totalement imaginaires. Chaque r\u00e9cit est une porte ouverte vers un monde o\u00f9 les cr\u00e9atures de nos r\u00eaves et de nos cauchemars prennent vie, nous faisant rire, pleurer, frissonner et r\u00eaver. Plongez dans des histoires captivantes o\u00f9 vous rencontrerez des compagnons familiers transform\u00e9s par la magie, des b\u00eates mythiques sorties des l\u00e9gendes et des cr\u00e9atures n\u00e9es de l&rsquo;imagination la plus d\u00e9bordante. Chaque nouvelle est une aventure unique, une exploration des profondeurs de l&rsquo;\u00e2me humaine \u00e0 travers les yeux de nos amis les b\u00eates. Que vous soyez amateur de fantastique, passionn\u00e9 de r\u00e9cits \u00e9mouvants ou simplement curieux de d\u00e9couvrir des perspectives in\u00e9dites, ce livre saura vous charmer et vous surprendre.<\/em><\/span><br \/><span style=\"color: #666699\"><em>Quatorze nouvelles, quatorze visions, quatorze voyages extraordinaires au c\u0153ur du r\u00e8gne animal, ouvrez ce livre et laissez-vous emporter par la diversit\u00e9 et la richesse d&rsquo;un bestiaire moderne et enchanteur.<\/em><\/span><br \/><span style=\"color: #666699\"><em>Avec A.L. Legrand, Southeast Jones, Jean-Pierre Favard, Automne, Marianne Fortier, Josianne Laplante, Rachel Hinterlang, Antoine Cornuel, Fr\u00e9d\u00e9ric Livyns, Albane Richet, Pierre Brulhet, Luc Verline, Lou Benedict, Ben Morris.<\/em><\/span><\/p>\n<\/blockquote>\n<p><img loading=\"lazy\" decoding=\"async\" class=\"wp-image-123993 aligncenter\" src=\"https:\/\/geek-o-polis.com\/wp-content\/uploads\/2024\/09\/histoires-bestiales-saison-1.jpg\" alt=\"histoires bestiales, saison 1\" width=\"350\" height=\"525\" \/><\/p>\n<p style=\"text-align: center\"><em><span style=\"color: #666699\"><strong>Quand Paul (aka Southeast Jones) est venu me proposer de d\u00e9couvrir cette anthologie en avant-premi\u00e8re num\u00e9rique, je n&rsquo;ai pas pu lui dire non.<\/strong><\/span><\/em> J&rsquo;avais d\u00e9j\u00e0 rep\u00e9r\u00e9 cette magnifique couverture sur les r\u00e9seaux et j&rsquo;\u00e9tais tr\u00e8s attir\u00e9e. D&rsquo;autant plus, que j&rsquo;avais d\u00e9j\u00e0 eu l&rsquo;occasion de lire certains auteurs qui ont particip\u00e9 et que j&rsquo;\u00e9tais tr\u00e8s intrigu\u00e9e par la plume des autres. Autant vous dire que j&rsquo;ai bien fait d&rsquo;accepter car je ressors compl\u00e8tement conquise de ma d\u00e9couverte de cette anthologie.<\/p>\n<p style=\"text-align: center\"><em><span style=\"color: #666699\"><strong>Quand j&rsquo;ai commenc\u00e9 ma lecture, je m&rsquo;\u00e9tais dit \u00ab\u00a0Une petite nouvelle tous les soirs, c&rsquo;est top\u00a0\u00bb.<\/strong><\/span><\/em> Eh bien, figurez-vous que certains soirs, je n&rsquo;arrivais pas \u00e0 me satisfaire d&rsquo;une seule nouvelle, il m&rsquo;en fallait plus. J&rsquo;avais envie de d\u00e9vorer cette anthologie. Je vous vois venir, vous allez penser \u00ab\u00a0Mais quelle nouvelle nous conseille-t-elle ? On veut savoir\u00a0\u00bb ! Eh bien, je vous r\u00e9pondrai : toutes ! Je n&rsquo;ai pas eu de pr\u00e9f\u00e9rence, j&rsquo;ai trouv\u00e9 que toutes ces histoires \u00e9taient d&rsquo;un grand talent et je n&rsquo;arrive pas \u00e0 en faire ressortir une du lot.\u00a0 Cette anthologie nous promet des\u00a0 visions tout \u00e0 fait diff\u00e9rentes l&rsquo;une de l&rsquo;autre et cette promesse est plus que tenue. D&rsquo;ailleurs, cette lecture m&rsquo;a fait ajouter des romans \u00e0 ma wishlist \ud83d\ude00<\/p>\n<p style=\"text-align: center\"><em><span style=\"color: #666699\"><strong>Cette anthologie d\u00e9marre par une petite pr\u00e9face de Marc Desenclos<\/strong><\/span><\/em> qui a d\u00e9cid\u00e9 d&rsquo;en prendre la direction et il nous explique le pourquoi du comment et on a juste envie de lui dire merci pour cette id\u00e9e et pour sa passion. C&rsquo;est parti pour un petit avis nouvelle par nouvelle. Soyez indulgent, c&rsquo;est toujours un exercice assez difficile pour moi de parler de chaque nouvelle d&rsquo;un roman.<\/p>\n<h4 style=\"text-align: center\"><span style=\"text-decoration: underline\"><span style=\"color: #666699\"><em><strong>Harmonie par A.L. Legrand\u00a0<\/strong><\/em><\/span><\/span><\/h4>\n<p style=\"text-align: center\">L&rsquo;autrice nous emm\u00e8ne dans la for\u00eat magique avec une plume tr\u00e8s po\u00e9tique. Nous allons rencontrer diverses cr\u00e9atures, imaginaires ou non, que je vous laisse d\u00e9couvrir et les messages qui sont v\u00e9hicul\u00e9s au cours de cette courte histoire le sont avec beaucoup de justesse. Cette nouvelle est une belle d\u00e9couverte de la plume de l&rsquo;autrice.<\/p>\n<h4 style=\"text-align: center\"><span style=\"text-decoration: underline\"><span style=\"color: #666699\"><em><strong>Mina par Southeast Jones<\/strong><\/em><\/span><\/span><\/h4>\n<p style=\"text-align: center\">Ce n&rsquo;est pas la premi\u00e8re nouvelle que je lis de l&rsquo;auteur et je sais qu&rsquo;il a beaucoup de talent quand il s&rsquo;agit de ma\u00eetriser ces courtes histoires et, encore une fois, il a r\u00e9ussi \u00e0 le prouver avec Mina. D&rsquo;ailleurs, j&rsquo;ai eu un coup de c\u0153ur pour le personnage de Mina mais je vais vous laisser la d\u00e9couvrir. Tout ce que je peux vous dire, c&rsquo;est que j&rsquo;ai ador\u00e9 la fa\u00e7on dont l&rsquo;auteur nous la d\u00e9crit dans son r\u00e9cit. J&rsquo;ai \u00e9t\u00e9 captiv\u00e9e par cette histoire et j&rsquo;ai m\u00eame failli verser ma larme.<\/p>\n<h4 style=\"text-align: center\"><span style=\"text-decoration: underline\"><span style=\"color: #666699\"><em><strong>Le soir nous nous racontions des histoires de Jean Pierre Favard<\/strong><\/em><\/span><\/span><\/h4>\n<p style=\"text-align: center\">Ah, cet auteur, il est vraiment temps que je le d\u00e9couvre avec un roman ! C&rsquo;est la deuxi\u00e8me nouvelle de sa plume que je lis, mais, encore une fois, celle-ci me donne envie d&rsquo;aller plus loin. Il a r\u00e9ussi \u00e0 me tenir en haleine avec sa bestia et l&rsquo;univers enneig\u00e9 qui apporte son c\u00f4t\u00e9 sombre \u00e0 l&rsquo;histoire. D&rsquo;ailleurs, on en arrive \u00e0 ne plus savoir si c&rsquo;est la neige ou la bestia qui nous fait frissonner. Certains sujets sont \u00e9galement tr\u00e8s bien abord\u00e9s dans cette nouvelle.<\/p>\n<h4 style=\"text-align: center\"><span style=\"text-decoration: underline\"><span style=\"color: #666699\"><em><strong>Poussi\u00e8re de vie de Lou B\u00e9n\u00e9dict<\/strong><\/em><\/span><\/span><\/h4>\n<p style=\"text-align: center\">Ici nous allons faire la connaissance de X\u00e9non qui va ouvrir un nouveau cahier pour y \u00e9crire ses p\u00e9r\u00e9grinations et nous allons le suivre jour apr\u00e8s jour.\u00a0 Je vous laisse d\u00e9couvrir qui il est et son histoire, j&rsquo;ai trouv\u00e9 l&rsquo;id\u00e9e tr\u00e8s originale. Cette nouvelle est assez courte mais elle se suffit \u00e0 elle-m\u00eame. Je ne peux, h\u00e9las, pas trop vous en dire, \u00e0 part de vous laisser guider de jour en jour par X\u00e9non. Cette nouvelle est \u00e9galement pour moi une d\u00e9couverte totale de la plume de l&rsquo;autrice et je ne vais pas m&rsquo;arr\u00eater l\u00e0.<\/p>\n<h4 style=\"text-align: center\"><span style=\"text-decoration: underline;color: #666699\"><em><strong>Le chant du h\u00e9risson de Automne<\/strong><\/em><\/span><\/h4>\n<p style=\"text-align: center\">Automne est une autrice dont je vois souvent passer le nom et qui m&rsquo;intrigue \u00e9norm\u00e9ment. Cette nouvelle a, enfin, \u00e9t\u00e9 l&rsquo;occasion de faire une petite incursion dans son univers mais je ne vais pas m&rsquo;arr\u00eater l\u00e0. Une tr\u00e8s belle d\u00e9couverte de la plume de l&rsquo;autrice \u00e0 travers diff\u00e9rents animaux. Le moins que l&rsquo;on puisse dire, c&rsquo;est que cette histoire ne manque pas de bestialit\u00e9 et nous emm\u00e8ne dans un univers assez sombre tout en nous faisant r\u00e9fl\u00e9chir.<\/p>\n<h4 style=\"text-align: center\"><span style=\"text-decoration: underline\"><span style=\"color: #666699\"><em><strong>Le chasseur de rats de Albane F. Richet<\/strong><\/em><\/span><\/span><\/h4>\n<p style=\"text-align: center\">Nous allons ici faire la connaissance de Jonas qui est accro \u00e0 sa fl\u00fbte traversi\u00e8re et je me suis reconnue dans son addiction en m&rsquo;imaginant le soir dans mon lit sans ma liseuse. Niveau bestial, tout est dans le titre et j&rsquo;ai eu peur quand je l&rsquo;ai vu car il faut savoir que les rats font partie de ma plus grande phobie. Je dois \u00eatre maso mais, bizarrement, j&rsquo;aime me faire peur et frissonner avec mes phobies dans les histoires. Je peux vous dire que, du rat, il va y en avoir et que l&rsquo;autrice ne va pas nous \u00e9pargner. Mais cette histoire, ce n&rsquo;est pas que rat et fl\u00fbte traversi\u00e8re&#8230; Je vous laisse d\u00e9couvrir \u00e7a. Tout ce que je peux vous dire, c&rsquo;est que l&rsquo;autrice ma\u00eetrise magnifiquement bien la nouvelle et que je suis tr\u00e8s curieuse de la d\u00e9couvrir dans un roman.<\/p>\n<h4 style=\"text-align: center\"><span style=\"text-decoration: underline\"><span style=\"color: #666699\"><em><strong>Le maitre sculpteur de Pierre Brulhet<\/strong><\/em><\/span><\/span><\/h4>\n<p style=\"text-align: center\">Pierre est un auteur dont je vous ai d\u00e9j\u00e0 parl\u00e9 avec sa saga \u00ab\u00a0L&rsquo;enfant du cimeti\u00e8re\u00a0\u00bb et que j&rsquo;ai m\u00eame interview\u00e9, vous pouvez retrouver tout ce qui le concerne en <a href=\"https:\/\/geek-o-polis.com\/tag\/pierre-brulhet\/\" target=\"_blank\" rel=\"noopener\">cliquant ici.<\/a> Nous allons, ici, \u00eatre emmen\u00e9s aux c\u00f4t\u00e9s de Stephen qui va \u00eatre poursuivi par une bande d&rsquo;amis. Son r\u00e9flexe va \u00eatre de vouloir s&rsquo;\u00e9chapper mais il est loin de s&rsquo;imaginer qu&rsquo;il va lui arriver bien d&rsquo;autres m\u00e9saventures.\u00a0 J&rsquo;ai ador\u00e9 les cr\u00e9atures que l&rsquo;auteur ins\u00e8re dans son r\u00e9cit et la fa\u00e7on dont il le fait. Encore une fois, je suis conquise par la plume de Pierre.<\/p>\n<h4 style=\"text-align: center\"><span style=\"text-decoration: underline\"><span style=\"color: #666699\"><em><strong>Le refuge de Marianne Fortier<\/strong><\/em><\/span><\/span><\/h4>\n<p style=\"text-align: center\">Nous allons ici faire la connaissance de Marc. L&rsquo;autrice va amener les choses en douceur et petit \u00e0 petit, notre protagoniste va basculer dans l&rsquo;horreur. Nous allons le retrouver dans sa petite cabane, son refuge, qu&rsquo;il est en train de r\u00e9nover. Un \u00e9v\u00e9nement \u00e9trange va se d\u00e9rouler et nous allons, comme Marc, h\u00e9siter entre r\u00eave ou r\u00e9alit\u00e9 jusqu&rsquo;\u00e0 un twist tr\u00e8s bien amen\u00e9 et qui m&rsquo;a beaucoup plu. Que va-t-il arriver \u00e0 Marc ?<\/p>\n<h4 style=\"text-align: center\"><span style=\"text-decoration: underline\"><span style=\"color: #666699\"><em><strong>Russ de Antoine Cornuel<\/strong><\/em><\/span><\/span><\/h4>\n<p style=\"text-align: center\">Comme le titre l&rsquo;indique, ici, nous allons \u00eatre dans le froid de la Russie, au c\u0153ur d&rsquo;une vieille mine de charbon. Les mineurs s&rsquo;y font de plus en plus rares pour plusieurs raisons et, entre autres, pour cause de superstitions. Nous allons suivre Serguei qui, lui, n&rsquo;a pas peur de tout \u00e7a et continue \u00e0 se rendre \u00e0 la mine. A-t-il raison ou tort ? Je vous laisse le d\u00e9couvrir. Toujours est il que l&rsquo;auteur nous plonge dans un univers assez sombre \u00e0 la mani\u00e8re d&rsquo;un court roman. Dans cette nouvelle, nous avons plusieurs chapitres et chaque titre nous donne envie d&rsquo;avancer et d&rsquo;en savoir plus jusqu&rsquo;\u00e0 arriver au d\u00e9nouement final. Je reviendrai bient\u00f4t vous parler de l&rsquo;auteur car je l&rsquo;ai d\u00e9couvert cette ann\u00e9e en f\u00e9vrier en salon et un de ses romans attend bien sagement dans ma pal.<\/p>\n<h4 style=\"text-align: center\"><span style=\"text-decoration: underline\"><span style=\"color: #666699\"><em><strong>Yglia, la dompteuse de monstres de Luc Verline<\/strong><\/em><\/span><\/span><\/h4>\n<p style=\"text-align: center\">Luc Verline est un auteur d\u00e9couvert cette ann\u00e9e et dont je vais vous parler tr\u00e8s bient\u00f4t. Apr\u00e8s avoir lu deux de ses romans, je le d\u00e9couvre au format nouvelle et je trouve qu&rsquo;il ma\u00eetrise tr\u00e8s bien cet exercice. Vous l&rsquo;aurez compris au titre, nous allons suivre Yglia qui va se retrouver dans un monde peupl\u00e9 de cr\u00e9atures. On n&rsquo;aura plus envie de le l\u00e2cher tellement il va vivre d&rsquo;aventures ! Sa m\u00e8re et sa grand-m\u00e8re auront leur r\u00f4le \u00e0 jouer aussi mais je vous laisse d\u00e9couvrir.<\/p>\n<h4 style=\"text-align: center\"><span style=\"text-decoration: underline\"><span style=\"color: #666699\"><em><strong>La chose de Rachel Hinterlang<\/strong><\/em><\/span><\/span><\/h4>\n<p style=\"text-align: center\">On va ici se retrouver dans une nouvelle chorale o\u00f9 l&rsquo;on va suivre trois personnes diff\u00e9rentes dans divers lieux. On va donc alterner entre ces personnes qui vont d\u00e9couvrir la chose. L&rsquo;autrice laisse planer le suspense sur cette chose et on a envie d&rsquo;avancer pour comprendre. J&rsquo;ai beaucoup aim\u00e9 la mani\u00e8re dont l&rsquo;autrice articule l&rsquo;histoire autour de cette chose mais je ne vous en dis pas plus. Tout ce que je peux vous dire, c&rsquo;est qu&rsquo;un \u00e9trange livre de Lilith va faire son apparition pour nous intriguer un peu plus.<\/p>\n<h4 style=\"text-align: center\"><span style=\"color: #666699\"><em><strong><span style=\"text-decoration: underline\">Immortel de Fr\u00e9d\u00e9ric Livyns<\/span><\/strong><\/em><\/span><\/h4>\n<p style=\"text-align: center\">Ah, Fr\u00e9d\u00e9ric Livyns ! On vous en a d\u00e9j\u00e0 parl\u00e9 beaucoup par ici, si vous avez rat\u00e9 les avis, <a href=\"https:\/\/geek-o-polis.com\/tag\/frederic-livyns\/\" target=\"_blank\" rel=\"noopener\">vous pouvez cliquer ici.<\/a> \u00a0Nous allons ici retrouver Daniel E\u00efbaum qui tient un blog sp\u00e9cialis\u00e9 dans la vie des c\u00e9l\u00e9brit\u00e9s qui ont disparu des radars. La popularit\u00e9 a fait qu&rsquo;il est pass\u00e9 \u00e0 Youtube afin d&rsquo;avoir un \u00e9change plus direct et gr\u00e2ce \u00e0 ce succ\u00e8s, notre cher Daniel a re\u00e7u un courrier d&rsquo;une c\u00e9l\u00e9brit\u00e9 l&rsquo;invitant \u00e0 venir le rencontrer. Jusque l\u00e0, rien de plus banal, me direz-vous et pourtant, cette rencontre va \u00eatre bestiale. J&rsquo;ai beaucoup aim\u00e9 la mani\u00e8re dont l&rsquo;auteur am\u00e8ne la bestialit\u00e9 dans son r\u00e9cit mais encore une fois, je vous laisse d\u00e9couvrir.<\/p>\n<h4 style=\"text-align: center\"><span style=\"color: #666699\"><em><strong><span style=\"text-decoration: underline\">Belz\u00e9buth de Josianne Laplante<\/span><\/strong><\/em><\/span><\/h4>\n<p style=\"text-align: center\">Ici, l&rsquo;autrice laisse voyager notre imagination. Nous faisons la connaissance d&rsquo;un personnage ou peut-\u00eatre d&rsquo;un animal \u00e0 vous de le d\u00e9couvrir. Nous n&rsquo;avons pas de pr\u00e9nom mais l&rsquo;histoire est racont\u00e9e \u00e0 la premi\u00e8re personne. Nous savons \u00e9galement que nous avons \u00e0 faire au parrain de la mafia. Jusque l\u00e0, tout peut sembler plus ou moins banal, mais des id\u00e9es vont na\u00eetre dans son esprit, des choses vont appara\u00eetre. Nous allons vouloir tourner les pages pour savoir o\u00f9 l&rsquo;autrice va nous emmener et nous ne serons pas d\u00e9\u00e7us.\u00a0<\/p>\n<h4 style=\"text-align: center\"><span style=\"color: #666699\"><em><strong><span style=\"text-decoration: underline\">Des rats et des hommes de Ben Morris<\/span><\/strong><\/em><\/span><\/h4>\n<p style=\"text-align: center\">Encore un titre qui m&rsquo;angoisse vu ma phobie des rats mais tant pis, allons-y ! Car, encore une fois, mon c\u00f4t\u00e9 maso m&rsquo;a fait lire cette nouvelle jusqu&rsquo;au bout et je l&rsquo;ai m\u00eame aim\u00e9e !\u00a0 Nous allons ici faire la connaissance de Henri, un professeur qui s&rsquo;est pris d&rsquo;affection pour Titus, le rat doyen de sa classe. Notre protagoniste souffre de scl\u00e9rose en plaques et des tremblements l&#8217;emp\u00eachent d&rsquo;ex\u00e9cuter ses t\u00e2ches comme il le veut. Nous allons \u00e9galement suivre Hito Yamamoto qui est journaliste au Japon et va couvrir une invasion de rats. Cette histoire de rat va aller tr\u00e8s loin mais je vous laisse d\u00e9couvrir. J&rsquo;ai beaucoup aim\u00e9 le d\u00e9nouement de cette nouvelle m\u00eame si j&rsquo;avoue que \u00e7a a \u00e9t\u00e9 la plus difficile \u00e0 lire.<\/p>\n<p style=\"text-align: center\"><strong><span style=\"color: #666699\">J&rsquo;<\/span><em><span style=\"color: #666699\">esp\u00e8re que vous aurez appr\u00e9ci\u00e9 ce petit d\u00e9brief nouvelle par nouvelle. \u00c0<\/span><\/em><\/strong><strong><em><span style=\"color: #666699\"> la fin de cette anthologie, vous trouverez un petit plus qui n&rsquo;est pas n\u00e9gligeable. Il s&rsquo;agit de la biographie de chaque auteur.<\/span><\/em><\/strong><\/p>\n<p style=\"text-align: center\"><span style=\"color: #666699\"><em>Bref, si vous aimez les histoires bestiales, que vous \u00eates curieux de d\u00e9couvrir les points que je vous ai laiss\u00e9 secrets et que vous voulez soutenir une toute jeune maison d&rsquo;\u00e9dition qui a du potentiel, ainsi que ses auteurs, <a style=\"color: #666699\" href=\"https:\/\/amzn.to\/47wP5VT\" target=\"_blank\" rel=\"noopener\">n&rsquo;h\u00e9sitez pas \u00e0 cliquer ici.<\/a><\/em><\/span><\/p>\n\n\n<figure class=\"wp-block-jetpack-rating-star\" style=\"text-align:center\"><span style=\"color:#3f027d\">\u2605<\/span><span style=\"color:#3f027d\">\u2605<\/span><span style=\"color:#3f027d\">\u2605<\/span><span style=\"color:#3f027d\">\u2605<\/span><span style=\"color:#3f027d\">\u2605<\/span><\/figure>\n","protected":false},"excerpt":{"rendered":"<p>Hey hey les geekos, on se retrouve aujourd&rsquo;hui pour parler d&rsquo;une anthologie que j&rsquo;ai eu l&rsquo;occasion de d\u00e9couvrir en avant-premi\u00e8re. Il s&rsquo;agit de \u00ab\u00a0Histoires bestiales, saison 1\u00a0\u00bb chez The Bookmark Publisher. D\u00e9couvrez un univers o\u00f9 l&rsquo;imagination n&rsquo;a pas de limites, o\u00f9 les plumes, les \u00e9cailles et les crocs prennent vie sous la plume de quatorze [&hellip;]<\/p>\n","protected":false},"author":4,"featured_media":123993,"comment_status":"open","ping_status":"open","sticky":false,"template":"","format":"standard","meta":{"saved_in_kubio":false,"footnotes":""},"categories":[33],"tags":[402,948,1691,1731,2479,3120,9355,9357,10217,12272,13637,14285,17599,17653,18324,21204,22659,23684,25748,27071,28828],"class_list":["post-123990","post","type-post","status-publish","format-standard","has-post-thumbnail","hentry","category-litterature","tag-a-l-legrand","tag-albane-f-richet","tag-anthologie","tag-antoine-cornuel","tag-automne","tag-ben-morris","tag-fantastique","tag-fantasy","tag-frederic-livyns","tag-histoires-bestiales","tag-jean-pierre-favard","tag-josianne-laplante","tag-lou-benedict","tag-luc-verline","tag-marianne-fortier","tag-nouvelles","tag-pierre-brulhet","tag-rachel-hinterlang","tag-science-fiction","tag-southeast-jones","tag-the-bookmark-publisher"],"_links":{"self":[{"href":"https:\/\/geek-o-polis.com\/index.php\/wp-json\/wp\/v2\/posts\/123990","targetHints":{"allow":["GET"]}}],"collection":[{"href":"https:\/\/geek-o-polis.com\/index.php\/wp-json\/wp\/v2\/posts"}],"about":[{"href":"https:\/\/geek-o-polis.com\/index.php\/wp-json\/wp\/v2\/types\/post"}],"author":[{"embeddable":true,"href":"https:\/\/geek-o-polis.com\/index.php\/wp-json\/wp\/v2\/users\/4"}],"replies":[{"embeddable":true,"href":"https:\/\/geek-o-polis.com\/index.php\/wp-json\/wp\/v2\/comments?post=123990"}],"version-history":[{"count":0,"href":"https:\/\/geek-o-polis.com\/index.php\/wp-json\/wp\/v2\/posts\/123990\/revisions"}],"wp:featuredmedia":[{"embeddable":true,"href":"https:\/\/geek-o-polis.com\/index.php\/wp-json\/"}],"wp:attachment":[{"href":"https:\/\/geek-o-polis.com\/index.php\/wp-json\/wp\/v2\/media?parent=123990"}],"wp:term":[{"taxonomy":"category","embeddable":true,"href":"https:\/\/geek-o-polis.com\/index.php\/wp-json\/wp\/v2\/categories?post=123990"},{"taxonomy":"post_tag","embeddable":true,"href":"https:\/\/geek-o-polis.com\/index.php\/wp-json\/wp\/v2\/tags?post=123990"}],"curies":[{"name":"wp","href":"https:\/\/api.w.org\/{rel}","templated":true}]}}