{"id":11019,"date":"2020-09-08T11:00:00","date_gmt":"2020-09-08T09:00:00","guid":{"rendered":"http:\/\/geek-o-polis.com\/?p=11019"},"modified":"2020-09-08T11:00:00","modified_gmt":"2020-09-08T09:00:00","slug":"enfin-une-date-pour-the-mandalorian-saison-2","status":"publish","type":"post","link":"https:\/\/geek-o-polis.com\/index.php\/2020\/09\/08\/enfin-une-date-pour-the-mandalorian-saison-2\/","title":{"rendered":"ENFIN UNE DATE POUR THE MANDALORIAN SAISON 2"},"content":{"rendered":"\n<p class=\"has-text-align-justify\">Nous allons retrouver nos deux t\u00eates d&rsquo;affiches, \u00ab\u00a0Mando\u00a0\u00bb et notre cher \u00ab\u00a0the child\u00a0\u00bb (rebaptis\u00e9 \u00ab\u00a0B\u00e9b\u00e9 Yoda\u00a0\u00bb par la communaut\u00e9), dans une toute nouvelle saison diffus\u00e9e sur la plateforme Disney + le 30 octobre 2020. <\/p>\n\n\n\n<div class=\"wp-block-image\"><figure class=\"aligncenter size-large\"><img decoding=\"async\" src=\"https:\/\/geek-o-polis.com\/wp-content\/uploads\/2020\/09\/the-mandalorian-season-2-release-date-october.jpg?w=1024\" alt=\"\" class=\"wp-image-11024\" \/><\/figure><\/div>\n\n\n\n<p class=\"has-text-align-justify\">Les r\u00e9ponses \u00e0 plusieurs questions que l&rsquo;on se posait, apr\u00e8s la saison une, vont enfin \u00eatre d\u00e9voil\u00e9es dans cette nouvelle saison, comme le v\u00e9ritable nom de B\u00e9b\u00e9 Yoda, l&rsquo;histoire de Moff Gid\u00e9on et surtout comment il a acquis le \u00ab\u00a0Dark Saber\u00a0\u00bb, v\u00e9ritable relique du pass\u00e9 et transmis de g\u00e9n\u00e9ration en g\u00e9n\u00e9ration chez le clan de la <em>Maison Vizsla. &nbsp;<\/em><\/p>\n\n\n\n<p class=\"has-text-align-justify\">Petit rappel historique&#8230;. A long time ago in a galaxy far far away&#8230;<\/p>\n\n\n\n<p class=\"has-text-align-justify\">\u00ab\u00a0<em>J&rsquo;ignorais que les Mandaloriens d\u00e9veloppaient un genre de sabre laser.\u00a0\u00bb<br>\u00ab\u00a0On ne l&rsquo;a pas fait. Il est unique. Selon la l\u00e9gende, il fut cr\u00e9\u00e9 il y a plus d&rsquo;un mill\u00e9naire par Tarre Vizsla, le premier Mandalorien a avoir jamais \u00e9t\u00e9 intronis\u00e9 dans l&rsquo;Ordre Jedi. Apr\u00e8s sa mort, les Jedi ont gard\u00e9 le sabre dans leur temple. Jusqu&rsquo;\u00e0 ce que des membres de la Maison Vizsla s&rsquo;y introduisent et lib\u00e8rent le sabre. Ils utilis\u00e8rent le sabre pour unifier le peuple et \u00e9liminer ceux qui s&rsquo;oppos\u00e8rent \u00e0 eux. Pendant un temps, pour gouverner Mandalore, il fallait porter cette arme. Ce sabre est un symbole important pour cette maison et est respect\u00e9 par les autres clans.<\/em>\u00ab\u00a0\u2015 Kanan Jarrus et Fenn Rau <\/p>\n\n\n\n<p class=\"has-text-align-right\"><span class=\"has-inline-color has-vivid-red-color\">Source  <\/span>: <a href=\"https:\/\/starwars.fandom.com\/fr\/wiki\/Sabre_noir\">Star Wars Wiki <\/a><\/p>\n\n\n\n<div class=\"wp-block-image\"><figure class=\"aligncenter size-large\"><img decoding=\"async\" src=\"https:\/\/geek-o-polis.com\/wp-content\/uploads\/2020\/09\/tarre_vizsla__the_first_mandalorian_jedi_by_araxussyexyr_db66dar-fullview.jpg?w=1024\" alt=\"\" class=\"wp-image-11031\" \/><figcaption><em><strong>(Tarre vizla avec son Dark Saber)<\/strong><\/em><\/figcaption><\/figure><\/div>\n\n\n\n<p class=\"has-text-align-justify\"><span style=\"text-decoration:underline;\"><strong><span class=\"uppercase\"><span class=\"has-inline-color has-vivid-red-color\">Attention aux fausses informations ! <\/span><\/span><\/strong><\/span><\/p>\n\n\n\n<p>Une rumeur \u00e0 propos de la bande annonce de la saison 2 de The Mandalorian circule sur les r\u00e9seaux sociaux et des sites qui recherchent le \u00ab\u00a0click\u00a0\u00bb, du genre WEGOTTHISCOVERED, l&rsquo;ont relay\u00e9e.<br>Selon l&rsquo;auteure \u00e0 l&rsquo;origine de cette rumeur, Disney n&rsquo;aurait pas aim\u00e9 la bande annonce et aurait d\u00e9cid\u00e9 de la reporter.<br>Ses propos n&rsquo;ont \u00e9t\u00e9 confirm\u00e9s par personne, au contraire, plusieurs sources fiables (dont ceux qui avaient annonc\u00e9s The Bad Batch) les ont m\u00eame d\u00e9mentis.<br>L&rsquo;autre raison pour laquelle nous ne lui faisons pas confiance, c&rsquo;est parce qu&rsquo;elle avait annonc\u00e9 la sortie de la bande-annonce pour la fin du mois d&rsquo;ao\u00fbt, avant de se r\u00e9tracter et de r\u00e9futer ses propos.<\/p>\n\n\n\n<p>Pour l&rsquo;instant, rien n&rsquo;a \u00e9t\u00e9 dit du c\u00f4t\u00e9 de Lucasfilm. N&rsquo;oubliez pas de toujours v\u00e9rifier la source des infos que vous lisez sur internet, surtout en cette p\u00e9riode troubl\u00e9e.<\/p>\n\n\n\n<p><a href=\"https:\/\/www.facebook.com\/hashtag\/starwars?__eep__=6&amp;source=feed_text&amp;epa=HASHTAG&amp;__xts__%5B0%5D=68.ARDCOWoorfhjrRmpzZ-3lSGEZMl4x26fbz-89bd5FoUYL-TrIx0ARKet099pOkhnjkZeVKxpl0cay-89ARUmODg4QH7GlLgvUkRKolX3sVPX7_syDBUA6odW27pPYnHqEOJYZ69T5n3bWHIQJJPxI4D7JFRjob6cgsiUXvqfMYGHUT21Rq0wmfNFV1saasciy6cW0NlKFGtZwUvZIoUtxI7w0_e98Jno4DdpEFJfADGxxQxL2DUe3otcJGcb-h4VoBRC7tirqeCVSrXwH1WRNyptezfjkYDPOeqrb9y_evzX6dHW9Plu-1fSSvFip5ln42Xijnn2KyNiVBIuP_5IKAaR5TR2&amp;__tn__=%2ANK-R\">#StarWars<\/a><\/p>\n\n\n\n<p>Que la Force soit avec vous ! Source : <a href=\"https:\/\/www.facebook.com\/StarWarsLeQuotidien\/?__tn__=kC-R&amp;eid=ARDARyXm19OrogyX1NR8kd_fd-ckNGij2oWTttd4EHYCsS0ySJU0ueVXWkU_WPHpiFlBtvzCoaOdYZ5G&amp;hc_ref=ARSjvnppi-YbcENeAMQxKRrv5qdv9dmnx4WR-BpKtS9fMsHLPwCcDK3oxbIHhK7xqVI&amp;fref=nf&amp;__xts__%5B0%5D=68.ARDCOWoorfhjrRmpzZ-3lSGEZMl4x26fbz-89bd5FoUYL-TrIx0ARKet099pOkhnjkZeVKxpl0cay-89ARUmODg4QH7GlLgvUkRKolX3sVPX7_syDBUA6odW27pPYnHqEOJYZ69T5n3bWHIQJJPxI4D7JFRjob6cgsiUXvqfMYGHUT21Rq0wmfNFV1saasciy6cW0NlKFGtZwUvZIoUtxI7w0_e98Jno4DdpEFJfADGxxQxL2DUe3otcJGcb-h4VoBRC7tirqeCVSrXwH1WRNyptezfjkYDPOeqrb9y_evzX6dHW9Plu-1fSSvFip5ln42Xijnn2KyNiVBIuP_5IKAaR5TR2\">Star Wars : Le quotidien<\/a> <\/p>\n\n\n\n<p class=\"has-huge-font-size\"><strong>Ahsoka Tano fait son come-back ! <\/strong><\/p>\n\n\n\n<p class=\"has-text-align-justify\">Un personnage appr\u00e9ci\u00e9 par les fans depuis la s\u00e9rie \u00ab\u00a0The Clone Wars\u00a0\u00bb, Ahsoka Tano, a trouv\u00e9 une actrice pour le repr\u00e9senter dans cette saison 2 : Rosario Dawson.  Cette derni\u00e8re incarne parfaitement la chevali\u00e8re d\u00e9chue de l&rsquo;ordre jedi (d\u00e9chue car elle a quitt\u00e9 l&rsquo;ordre jedi) d&rsquo;un point de vue physique. La ressemblance est frappante, m\u00eame troublante. Esp\u00e9rons que son jeu d&rsquo;actrice collera avec le caract\u00e8re bien tremp\u00e9 d&rsquo;Ahsoka.<\/p>\n\n\n\n<div class=\"wp-block-image\"><figure class=\"aligncenter size-large\"><img decoding=\"async\" src=\"https:\/\/geek-o-polis.com\/wp-content\/uploads\/2020\/09\/star-wars-mandalorian-2-rosario-dawson-ahsoka.jpg?w=960\" alt=\"\" class=\"wp-image-11035\" \/><figcaption>(<strong>Rosario Dawson<\/strong>)<\/figcaption><\/figure><\/div>\n\n\n\n<p class=\"has-text-align-justify\">Nous reviendrons vers vous tr\u00e8s prochainement pour partager le premier trailer officiel et d&rsquo;\u00e9ventuelles informations suppl\u00e9mentaires sur cette saison 2. <\/p>\n","protected":false},"excerpt":{"rendered":"<p>La saison d\u00e9barque bientot sur Disney + soyez pr\u00eat pour d\u00e9couvrir la suite des aventures de Mando et de \u00ab\u00a0T<\/p>\n","protected":false},"author":10,"featured_media":11020,"comment_status":"open","ping_status":"open","sticky":false,"template":"","format":"standard","meta":{"saved_in_kubio":false,"footnotes":""},"categories":[9,44],"tags":[3009,18161,19718,25331,27378,28857,29155],"class_list":["post-11019","post","type-post","status-publish","format-standard","has-post-thumbnail","hentry","category-bla-bla","category-serie","tag-bebe-yoda","tag-mando","tag-moff-gideon","tag-saison-2","tag-star-wars","tag-the-child","tag-the-mandalorian"],"_links":{"self":[{"href":"https:\/\/geek-o-polis.com\/index.php\/wp-json\/wp\/v2\/posts\/11019","targetHints":{"allow":["GET"]}}],"collection":[{"href":"https:\/\/geek-o-polis.com\/index.php\/wp-json\/wp\/v2\/posts"}],"about":[{"href":"https:\/\/geek-o-polis.com\/index.php\/wp-json\/wp\/v2\/types\/post"}],"author":[{"embeddable":true,"href":"https:\/\/geek-o-polis.com\/index.php\/wp-json\/wp\/v2\/users\/10"}],"replies":[{"embeddable":true,"href":"https:\/\/geek-o-polis.com\/index.php\/wp-json\/wp\/v2\/comments?post=11019"}],"version-history":[{"count":0,"href":"https:\/\/geek-o-polis.com\/index.php\/wp-json\/wp\/v2\/posts\/11019\/revisions"}],"wp:featuredmedia":[{"embeddable":true,"href":"https:\/\/geek-o-polis.com\/index.php\/wp-json\/"}],"wp:attachment":[{"href":"https:\/\/geek-o-polis.com\/index.php\/wp-json\/wp\/v2\/media?parent=11019"}],"wp:term":[{"taxonomy":"category","embeddable":true,"href":"https:\/\/geek-o-polis.com\/index.php\/wp-json\/wp\/v2\/categories?post=11019"},{"taxonomy":"post_tag","embeddable":true,"href":"https:\/\/geek-o-polis.com\/index.php\/wp-json\/wp\/v2\/tags?post=11019"}],"curies":[{"name":"wp","href":"https:\/\/api.w.org\/{rel}","templated":true}]}}